{"id":72026,"date":"2017-09-12T10:18:48","date_gmt":"2017-09-12T13:18:48","guid":{"rendered":"http:\/\/www.elsindical.com.ar\/notas\/?p=72026"},"modified":"2017-09-12T10:18:48","modified_gmt":"2017-09-12T13:18:48","slug":"firman-un-convenio-para-proteger-el-unico-cementerio-mapuche-en-territorio-bonaerense","status":"publish","type":"post","link":"https:\/\/www.elsindical.com.ar\/notas\/firman-un-convenio-para-proteger-el-unico-cementerio-mapuche-en-territorio-bonaerense\/","title":{"rendered":"Firman un convenio para proteger el \u00fanico cementerio mapuche en territorio bonaerense"},"content":{"rendered":"<p class=\"bajada\"><em><a href=\"http:\/\/www.elsindical.com.ar\/notas\/var\/www\/html\/notas\/wp-content\/uploads\/2017\/09\/cemeneterio-mapuche-en-General-Viamonte.jpg\"><img loading=\"lazy\" decoding=\"async\" class=\"alignnone size-medium wp-image-72027\" src=\"http:\/\/www.elsindical.com.ar\/notas\/var\/www\/html\/notas\/wp-content\/uploads\/2017\/09\/cemeneterio-mapuche-en-General-Viamonte-300x179.jpg\" alt=\"\" width=\"300\" height=\"179\" srcset=\"https:\/\/www.elsindical.com.ar\/notas\/var\/www\/html\/notas\/wp-content\/uploads\/2017\/09\/cemeneterio-mapuche-en-General-Viamonte-300x179.jpg 300w, https:\/\/www.elsindical.com.ar\/notas\/var\/www\/html\/notas\/wp-content\/uploads\/2017\/09\/cemeneterio-mapuche-en-General-Viamonte-500x298.jpg 500w, https:\/\/www.elsindical.com.ar\/notas\/var\/www\/html\/notas\/wp-content\/uploads\/2017\/09\/cemeneterio-mapuche-en-General-Viamonte.jpg 620w\" sizes=\"auto, (max-width: 300px) 100vw, 300px\" \/><\/a>\u00a0 La laguna La Azotea est\u00e1 ubicada en General Viamonte, en el noroeste provincial. All\u00ed, se asentaron comunidades mapuches durante el 1800. Ahora, el municipio junto con la Universidad del Centro y herederos de ese pueblo buscan darle valor hist\u00f3rico y cultural a la regi\u00f3n.<\/em><\/p>\n<p>D\u00edas atr\u00e1s, representantes de comunidades mapuches, de la Universidad del Centro de la Provincia de Buenos Aires (UNICEN) y el Municipio de General Viamonte firmaron un convenio que permitir\u00e1 el desarrollo de trabajos antropol\u00f3gicos en \u00fanico cementerio mapuche del territorio bonaerense.<\/p>\n<p>Se trata de la laguna La Azotea, en el noroeste provincial, y donde se tej\u00f3 la historia de la localidad de Los Toldos. Estas tierra dieron asiento a comunidades originarias lideradas por el Cacique Ignacio Coliqueo (1796 \u2013 16\/02\/1871) luego de emigrar de Chile.<\/p>\n<p>Se instalaron a manera de pueblo, de fuerte y colonia agr\u00edcola y construyeron una gran casa que tuvo una fosa de circunvalaci\u00f3n y una azotea. Seg\u00fan recuerdan desde el \u00e1rea de turismo de Los Toldos, el antiguo cementerio ocupaba las lomas (huincul) que se preservan en este predio, la calle y las lomas de campos vecinos.<\/p>\n<p>Por tanto, el acuerdo tiene por fin proteger estas ricas tierras. \u201cBuscamos acompa\u00f1ar el proceso que determine la originalidad de los restos de los antepasados y que permitan darle el valor hist\u00f3rico y cultural al cementerio Ind\u00edgena m\u00e1s importante de la Provincia de Buenos Aires\u201d, explic\u00f3 el intendente de Viamonte, Franco Flexas a la prensa regional.<\/p>\n<p>Seg\u00fan lo expuesto, se quiere \u201cayudar a proteger y conservar un \u00e1rea sagrada d\u00e1ndole a este lugar el espacio de armon\u00eda, reflexi\u00f3n y respeto que se merece, y la mejor forma de hacerlo es bajo la construcci\u00f3n de un municipio que respete la interculturalidad de sus habitantes\u201d.<\/p>\n","protected":false},"excerpt":{"rendered":"<p>\u00a0 La laguna La Azotea est\u00e1 ubicada en General Viamonte, en el noroeste provincial. All\u00ed, se asentaron comunidades mapuches durante el 1800. Ahora, el municipio junto con la Universidad del Centro y herederos de ese pueblo buscan darle valor hist\u00f3rico y cultural a la regi\u00f3n. D\u00edas atr\u00e1s, representantes de comunidades mapuches, de la Universidad del&hellip;<\/p>\n","protected":false},"author":1,"featured_media":0,"comment_status":"open","ping_status":"open","sticky":false,"template":"","format":"standard","meta":{"footnotes":""},"categories":[13],"tags":[27098,27099,27097,1547],"class_list":["post-72026","post","type-post","status-publish","format-standard","hentry","category-politica","tag-general-viamonte","tag-huincul","tag-la-azotea","tag-unicen"],"_links":{"self":[{"href":"https:\/\/www.elsindical.com.ar\/notas\/wp-json\/wp\/v2\/posts\/72026","targetHints":{"allow":["GET"]}}],"collection":[{"href":"https:\/\/www.elsindical.com.ar\/notas\/wp-json\/wp\/v2\/posts"}],"about":[{"href":"https:\/\/www.elsindical.com.ar\/notas\/wp-json\/wp\/v2\/types\/post"}],"author":[{"embeddable":true,"href":"https:\/\/www.elsindical.com.ar\/notas\/wp-json\/wp\/v2\/users\/1"}],"replies":[{"embeddable":true,"href":"https:\/\/www.elsindical.com.ar\/notas\/wp-json\/wp\/v2\/comments?post=72026"}],"version-history":[{"count":1,"href":"https:\/\/www.elsindical.com.ar\/notas\/wp-json\/wp\/v2\/posts\/72026\/revisions"}],"predecessor-version":[{"id":72028,"href":"https:\/\/www.elsindical.com.ar\/notas\/wp-json\/wp\/v2\/posts\/72026\/revisions\/72028"}],"wp:attachment":[{"href":"https:\/\/www.elsindical.com.ar\/notas\/wp-json\/wp\/v2\/media?parent=72026"}],"wp:term":[{"taxonomy":"category","embeddable":true,"href":"https:\/\/www.elsindical.com.ar\/notas\/wp-json\/wp\/v2\/categories?post=72026"},{"taxonomy":"post_tag","embeddable":true,"href":"https:\/\/www.elsindical.com.ar\/notas\/wp-json\/wp\/v2\/tags?post=72026"}],"curies":[{"name":"wp","href":"https:\/\/api.w.org\/{rel}","templated":true}]}}