{"id":71996,"date":"2017-09-11T10:05:46","date_gmt":"2017-09-11T13:05:46","guid":{"rendered":"http:\/\/www.elsindical.com.ar\/notas\/?p=71996"},"modified":"2017-09-11T10:05:46","modified_gmt":"2017-09-11T13:05:46","slug":"caba-da-un-paso-mas-para-trasladar-el-mercado-de-hacienda-a-aldo-bonzi","status":"publish","type":"post","link":"https:\/\/www.elsindical.com.ar\/notas\/caba-da-un-paso-mas-para-trasladar-el-mercado-de-hacienda-a-aldo-bonzi\/","title":{"rendered":"CABA da un paso m\u00e1s para trasladar el Mercado de Hacienda a Aldo Bonzi"},"content":{"rendered":"<p class=\"bajada\"><em>\u00a0 <a href=\"http:\/\/www.elsindical.com.ar\/notas\/var\/www\/html\/notas\/wp-content\/uploads\/2017\/09\/mercado-de-hacienda-Liniers.jpg\"><img loading=\"lazy\" decoding=\"async\" class=\"alignnone size-medium wp-image-71997\" src=\"http:\/\/www.elsindical.com.ar\/notas\/var\/www\/html\/notas\/wp-content\/uploads\/2017\/09\/mercado-de-hacienda-Liniers-300x179.jpg\" alt=\"\" width=\"300\" height=\"179\" srcset=\"https:\/\/www.elsindical.com.ar\/notas\/var\/www\/html\/notas\/wp-content\/uploads\/2017\/09\/mercado-de-hacienda-Liniers-300x179.jpg 300w, https:\/\/www.elsindical.com.ar\/notas\/var\/www\/html\/notas\/wp-content\/uploads\/2017\/09\/mercado-de-hacienda-Liniers-500x298.jpg 500w, https:\/\/www.elsindical.com.ar\/notas\/var\/www\/html\/notas\/wp-content\/uploads\/2017\/09\/mercado-de-hacienda-Liniers.jpg 620w\" sizes=\"auto, (max-width: 300px) 100vw, 300px\" \/><\/a>La Legislatura de la Ciudad de Buenos Aires aprob\u00f3 una pr\u00f3rroga hasta el 31 de diciembre de 2018 para la entrada en vigencia de la ley que proh\u00edbe \u201cel ingreso de ganado en pie en todo el territorio de la Ciudad, dando as\u00ed, un paso m\u00e1s hacia la instalaci\u00f3n del Mercado en la localidad matancera de Aldo Bonzi.<\/em><\/p>\n<p>De esta manera, la Ciudad de Buenos Aires continu\u00f3 allanando el camino para posibilitar s\u00f3lo por un a\u00f1o el ingreso de animales al Mercado de Hacienda de Liniers, excepto aquellos destinados a exposiciones, ferias o actividades cient\u00edficas, culturales o deportivas\u201d.<\/p>\n<p>Seg\u00fan da cuenta el portal Matanza Digital, el proyecto para instalar el Mercado de Hacienda caus\u00f3 malestar y m\u00faltiples protestas por parte de vecinos de las localidades de Ciudad Evita, Aldo Bonzi y de Tapiales; ya que la construcci\u00f3n de un nuevo Mercado que recibir\u00e1 entre 6 y 10 mil cabezas de ganado por d\u00eda modificar\u00e1 notablemente la geograf\u00eda de la zona en la que viven.<\/p>\n<p>Multitudinarias movilizaciones por las ciudades, juntadas de firmas, festivales art\u00edsticos y cortes en la autopista Ricchieri; son algunas de las medidas que contin\u00faan llevando a cabo los matanceros; alarmados por los perjuicios pluviales y de contaminaci\u00f3n que podr\u00e1 causar el que ser\u00e1 el pr\u00f3ximo Mercado de Hacienda.<\/p>\n<p>Incluso la intendenta Ver\u00f3nica Magario se pronunci\u00f3 en contra del traslado, al asegurar que la decisi\u00f3n tomada el 3 de julio por el gobierno Nacional, Provincial y porte\u00f1o se realiz\u00f3 de manera inconsulta: \u201cEn ninguna de las distintas \u00e1reas municipales competentes de La Matanza se ha tramitado la autorizaci\u00f3n para la instalaci\u00f3n de ese emprendimiento\u201d.<\/p>\n<p>\u201c\u00bfPor qu\u00e9 los matanceros deber\u00edamos soportar los conflictos ambientales que la Ciudad de Buenos Aires ya no tolera m\u00e1s?\u201d, critic\u00f3 la mandataria. En contrapartida, no hubo ning\u00fan pronunciamiento oficial por parte del gobierno frente al reclamo de los matanceros y el traslado est\u00e1 cada vez m\u00e1s cerca de convertirse en un hecho.<\/p>\n","protected":false},"excerpt":{"rendered":"<p>\u00a0 La Legislatura de la Ciudad de Buenos Aires aprob\u00f3 una pr\u00f3rroga hasta el 31 de diciembre de 2018 para la entrada en vigencia de la ley que proh\u00edbe \u201cel ingreso de ganado en pie en todo el territorio de la Ciudad, dando as\u00ed, un paso m\u00e1s hacia la instalaci\u00f3n del Mercado en la localidad&hellip;<\/p>\n","protected":false},"author":1,"featured_media":0,"comment_status":"open","ping_status":"open","sticky":false,"template":"","format":"standard","meta":{"footnotes":""},"categories":[13],"tags":[27081,449,27082],"class_list":["post-71996","post","type-post","status-publish","format-standard","hentry","category-politica","tag-aldo-bonzi","tag-legislatura","tag-mercado-de-hacienda-de-linires"],"_links":{"self":[{"href":"https:\/\/www.elsindical.com.ar\/notas\/wp-json\/wp\/v2\/posts\/71996","targetHints":{"allow":["GET"]}}],"collection":[{"href":"https:\/\/www.elsindical.com.ar\/notas\/wp-json\/wp\/v2\/posts"}],"about":[{"href":"https:\/\/www.elsindical.com.ar\/notas\/wp-json\/wp\/v2\/types\/post"}],"author":[{"embeddable":true,"href":"https:\/\/www.elsindical.com.ar\/notas\/wp-json\/wp\/v2\/users\/1"}],"replies":[{"embeddable":true,"href":"https:\/\/www.elsindical.com.ar\/notas\/wp-json\/wp\/v2\/comments?post=71996"}],"version-history":[{"count":1,"href":"https:\/\/www.elsindical.com.ar\/notas\/wp-json\/wp\/v2\/posts\/71996\/revisions"}],"predecessor-version":[{"id":71998,"href":"https:\/\/www.elsindical.com.ar\/notas\/wp-json\/wp\/v2\/posts\/71996\/revisions\/71998"}],"wp:attachment":[{"href":"https:\/\/www.elsindical.com.ar\/notas\/wp-json\/wp\/v2\/media?parent=71996"}],"wp:term":[{"taxonomy":"category","embeddable":true,"href":"https:\/\/www.elsindical.com.ar\/notas\/wp-json\/wp\/v2\/categories?post=71996"},{"taxonomy":"post_tag","embeddable":true,"href":"https:\/\/www.elsindical.com.ar\/notas\/wp-json\/wp\/v2\/tags?post=71996"}],"curies":[{"name":"wp","href":"https:\/\/api.w.org\/{rel}","templated":true}]}}