{"id":71993,"date":"2017-09-11T10:02:57","date_gmt":"2017-09-11T13:02:57","guid":{"rendered":"http:\/\/www.elsindical.com.ar\/notas\/?p=71993"},"modified":"2017-09-11T10:02:57","modified_gmt":"2017-09-11T13:02:57","slug":"candidato-de-randazzo-en-chacabuco-pide-votar-por-ckf-en-octubre","status":"publish","type":"post","link":"https:\/\/www.elsindical.com.ar\/notas\/candidato-de-randazzo-en-chacabuco-pide-votar-por-ckf-en-octubre\/","title":{"rendered":"Candidato de Randazzo en Chacabuco pide votar por CKF en octubre"},"content":{"rendered":"<p class=\"bajada\"><em>\u00a0 <a href=\"http:\/\/www.elsindical.com.ar\/notas\/var\/www\/html\/notas\/wp-content\/uploads\/2017\/09\/plenario-mesa-peronista-Chacabuco.jpg\"><img loading=\"lazy\" decoding=\"async\" class=\"alignnone size-medium wp-image-71994\" src=\"http:\/\/www.elsindical.com.ar\/notas\/var\/www\/html\/notas\/wp-content\/uploads\/2017\/09\/plenario-mesa-peronista-Chacabuco-300x179.jpg\" alt=\"\" width=\"300\" height=\"179\" srcset=\"https:\/\/www.elsindical.com.ar\/notas\/var\/www\/html\/notas\/wp-content\/uploads\/2017\/09\/plenario-mesa-peronista-Chacabuco-300x179.jpg 300w, https:\/\/www.elsindical.com.ar\/notas\/var\/www\/html\/notas\/wp-content\/uploads\/2017\/09\/plenario-mesa-peronista-Chacabuco-500x298.jpg 500w, https:\/\/www.elsindical.com.ar\/notas\/var\/www\/html\/notas\/wp-content\/uploads\/2017\/09\/plenario-mesa-peronista-Chacabuco.jpg 620w\" sizes=\"auto, (max-width: 300px) 100vw, 300px\" \/><\/a>En el marco de un Plenario en la Casa Peronista de Chacabuco donde participaron los candidatos a concejales y consejeros escolares del Partido Justicialista junto a una importante cantidad de militantes y adherentes del peronismo, el candidato a Primer Concejal por el frente Cumplir, llam\u00f3 a votar por Cristina Kirchner para senadora nacional.<\/em><\/p>\n<p>El primer candidato a Concejal del Frente Cumplir de Chacabuco, Marcos Merlo, llam\u00f3 a la construcci\u00f3n de \u00abun gran Frente Opositor que ponga frenos y l\u00edmites a las pol\u00edticas de ajuste y tarifazos del gobierno de Macri\u201d.<\/p>\n<p>Seg\u00fan consigna el portal Infonoroeste, \u00a0durante un plenario de Cumplir de dicho distrito, Merlo inst\u00f3 que \u00ablos peronistas debemos unificar el voto en la candidatura a Senadora de la ex Presidenta para frenar el ajuste\u201d.<\/p>\n<p>\u201cEsta es la opci\u00f3n de octubre que vamos a acompa\u00f1ar\u201d, continu\u00f3 afirmando el ex randazzista, ya que tanto \u00e9l como sus seguidores, definitivamente le dan la espalda y ensayan la vuelta al kirchnerismo con la curiosa situaci\u00f3n de ir con otra boleta de Cumplir a nivel local.<\/p>\n<p>\u201cTambi\u00e9n quiero expresar, que el planteo de boleta completa no solo no alcanza sino que limita porque casi el 50% de los vecinos que eligieron la boleta de Cristina Fern\u00e1ndez de Kirchner, a nivel local, decidieron cortar boleta\u201d, se justific\u00f3 Marcos, al tiempo que indic\u00f3: \u00abpor eso, la boleta completa no es suficiente para el objetivo de frenar el ajuste\u201d.<\/p>\n<p>\u201cUnifiquemos el voto peronista en la candidatura a senadores de Cristina Fern\u00e1ndez y que a nivel local, se elija a los candidatos que se consideren m\u00e1s representativos del peronismo chacabuquense\u201d, reclam\u00f3 sin esconder la estrategia para octubre.<\/p>\n","protected":false},"excerpt":{"rendered":"<p>\u00a0 En el marco de un Plenario en la Casa Peronista de Chacabuco donde participaron los candidatos a concejales y consejeros escolares del Partido Justicialista junto a una importante cantidad de militantes y adherentes del peronismo, el candidato a Primer Concejal por el frente Cumplir, llam\u00f3 a votar por Cristina Kirchner para senadora nacional. El&hellip;<\/p>\n","protected":false},"author":1,"featured_media":0,"comment_status":"open","ping_status":"open","sticky":false,"template":"","format":"standard","meta":{"footnotes":""},"categories":[13],"tags":[5673,5319,27080,1008,1067],"class_list":["post-71993","post","type-post","status-publish","format-standard","hentry","category-politica","tag-candidato","tag-chacabuco","tag-marcos-merlo","tag-merlo","tag-pj"],"_links":{"self":[{"href":"https:\/\/www.elsindical.com.ar\/notas\/wp-json\/wp\/v2\/posts\/71993","targetHints":{"allow":["GET"]}}],"collection":[{"href":"https:\/\/www.elsindical.com.ar\/notas\/wp-json\/wp\/v2\/posts"}],"about":[{"href":"https:\/\/www.elsindical.com.ar\/notas\/wp-json\/wp\/v2\/types\/post"}],"author":[{"embeddable":true,"href":"https:\/\/www.elsindical.com.ar\/notas\/wp-json\/wp\/v2\/users\/1"}],"replies":[{"embeddable":true,"href":"https:\/\/www.elsindical.com.ar\/notas\/wp-json\/wp\/v2\/comments?post=71993"}],"version-history":[{"count":1,"href":"https:\/\/www.elsindical.com.ar\/notas\/wp-json\/wp\/v2\/posts\/71993\/revisions"}],"predecessor-version":[{"id":71995,"href":"https:\/\/www.elsindical.com.ar\/notas\/wp-json\/wp\/v2\/posts\/71993\/revisions\/71995"}],"wp:attachment":[{"href":"https:\/\/www.elsindical.com.ar\/notas\/wp-json\/wp\/v2\/media?parent=71993"}],"wp:term":[{"taxonomy":"category","embeddable":true,"href":"https:\/\/www.elsindical.com.ar\/notas\/wp-json\/wp\/v2\/categories?post=71993"},{"taxonomy":"post_tag","embeddable":true,"href":"https:\/\/www.elsindical.com.ar\/notas\/wp-json\/wp\/v2\/tags?post=71993"}],"curies":[{"name":"wp","href":"https:\/\/api.w.org\/{rel}","templated":true}]}}