{"id":71974,"date":"2017-09-10T12:08:46","date_gmt":"2017-09-10T15:08:46","guid":{"rendered":"http:\/\/www.elsindical.com.ar\/notas\/?p=71974"},"modified":"2017-09-10T12:08:46","modified_gmt":"2017-09-10T15:08:46","slug":"acumar-cuenta-con-una-cuadrilla-especial-de-control-ambiental","status":"publish","type":"post","link":"https:\/\/www.elsindical.com.ar\/notas\/acumar-cuenta-con-una-cuadrilla-especial-de-control-ambiental\/","title":{"rendered":"Acumar cuenta con una \u00abcuadrilla especial\u00bb de control ambiental"},"content":{"rendered":"<p><em>\u00a0<a href=\"http:\/\/www.elsindical.com.ar\/notas\/var\/www\/html\/notas\/wp-content\/uploads\/2017\/09\/patrullas-ACUMAR.jpg\"><img loading=\"lazy\" decoding=\"async\" class=\"alignnone size-medium wp-image-71975\" src=\"http:\/\/www.elsindical.com.ar\/notas\/var\/www\/html\/notas\/wp-content\/uploads\/2017\/09\/patrullas-ACUMAR-300x141.jpg\" alt=\"\" width=\"300\" height=\"141\" srcset=\"https:\/\/www.elsindical.com.ar\/notas\/var\/www\/html\/notas\/wp-content\/uploads\/2017\/09\/patrullas-ACUMAR-300x141.jpg 300w, https:\/\/www.elsindical.com.ar\/notas\/var\/www\/html\/notas\/wp-content\/uploads\/2017\/09\/patrullas-ACUMAR-500x234.jpg 500w, https:\/\/www.elsindical.com.ar\/notas\/var\/www\/html\/notas\/wp-content\/uploads\/2017\/09\/patrullas-ACUMAR.jpg 640w\" sizes=\"auto, (max-width: 300px) 100vw, 300px\" \/><\/a> La presidenta de la Autoridad de Cuenca Matanza Riachuelo, Dorina Bonetti, present\u00f3 al grupo de seguimiento y control para las industrias de la Cuenca. Trabajar\u00e1 con una guardia permanente que incluir\u00e1 inspecciones nocturnas.<\/em><\/p>\n<p>La presidenta de la Autoridad de Cuenca Matanza Riachuelo, Dorina Bonetti, junto al personal de la Direcci\u00f3n de Fiscalizaci\u00f3n y Adecuaci\u00f3n Ambiental de ACUMAR, present\u00f3 la \u00abPatrulla Ambiental\u00bb.,<\/p>\n<p>Se trata de una cuadrilla de control industrial que realizar\u00e1 inspecciones y seguimiento en busca de irregularidades en los establecimientos que funcionan en el \u00e1mbito de la Cuenca y corroborar\u00e1 el correcto funcionamiento de los planes de reconversi\u00f3n implementados.<\/p>\n<p>\u00abLa Patrulla Ambiental est\u00e1 conformada por una flota de 19 veh\u00edculos y 37 inspectores del organismo. El principal objetivo de este equipo ser\u00e1 fiscalizar establecimientos sometidos a control permanente y realizar recorridas en toda la Cuenca en busca de desv\u00edos que puedan vincularse a alg\u00fan establecimiento en particular, como pueden ser vuelcos clandestinos de efluentes industriales, deficiente gesti\u00f3n de residuos, emisiones gaseosas presumiblemente fuera de est\u00e1ndar o potenciales pasivos ambientales, entre otros\u00bb, explic\u00f3 Bonetti.<\/p>\n<p>Esta cuadrilla, tambi\u00e9n montar\u00e1 una guardia permanente para atender denuncias y realizar inspecciones de manera aleatoria a establecimientos de seguimiento particular, lo que cubrir\u00e1 un aspecto poco relevado en las industrias de la zona, que es la operaci\u00f3n que realizan en horas de la noche y la madrugada. Las unidades est\u00e1n identificadas con la marca del organismo y en sus laterales cuentan con el 0800 habilitado para realizar denuncias, 0800-345-ACUMAR (228627).<\/p>\n<p><strong>En lo que va del a\u00f1o, el organismo realiz\u00f3 m\u00e1s de 2000 inspecciones en busca de desv\u00edos e infracciones a la normativa ambiental vigente.<\/strong> El trabajo de los inspectores se intensific\u00f3 a partir de marzo de este a\u00f1o cuando entr\u00f3 en vigencia una nueva normativa que restringe a\u00fan m\u00e1s los l\u00edmites de descargas en los cursos de agua que conforman la Cuenca Matanza Riachuelo y fija una serie de medidas para alcanzar diferentes niveles de uso para los cuerpos de agua y sus alrededores.<\/p>\n<p>La nueva Patrulla Ambiental trabajar\u00e1 tambi\u00e9n en coordinaci\u00f3n con otros organismos de control ambiental como la Agencia de Protecci\u00f3n Ambiental porte\u00f1a (APRA), el Organismo Provincial para el Desarrollo Sostenible (OPDS), la Autoridad del Agua del a provincia de Buenos Aires (ADA) y Aguas y Saneamientos Argentinos (AySA).<\/p>\n","protected":false},"excerpt":{"rendered":"<p>\u00a0 La presidenta de la Autoridad de Cuenca Matanza Riachuelo, Dorina Bonetti, present\u00f3 al grupo de seguimiento y control para las industrias de la Cuenca. Trabajar\u00e1 con una guardia permanente que incluir\u00e1 inspecciones nocturnas. La presidenta de la Autoridad de Cuenca Matanza Riachuelo, Dorina Bonetti, junto al personal de la Direcci\u00f3n de Fiscalizaci\u00f3n y Adecuaci\u00f3n&hellip;<\/p>\n","protected":false},"author":1,"featured_media":0,"comment_status":"open","ping_status":"open","sticky":false,"template":"","format":"standard","meta":{"footnotes":""},"categories":[13],"tags":[13480,26568,27070],"class_list":["post-71974","post","type-post","status-publish","format-standard","hentry","category-politica","tag-acumar","tag-dorina-bonetti","tag-patrulla-ambiental"],"_links":{"self":[{"href":"https:\/\/www.elsindical.com.ar\/notas\/wp-json\/wp\/v2\/posts\/71974","targetHints":{"allow":["GET"]}}],"collection":[{"href":"https:\/\/www.elsindical.com.ar\/notas\/wp-json\/wp\/v2\/posts"}],"about":[{"href":"https:\/\/www.elsindical.com.ar\/notas\/wp-json\/wp\/v2\/types\/post"}],"author":[{"embeddable":true,"href":"https:\/\/www.elsindical.com.ar\/notas\/wp-json\/wp\/v2\/users\/1"}],"replies":[{"embeddable":true,"href":"https:\/\/www.elsindical.com.ar\/notas\/wp-json\/wp\/v2\/comments?post=71974"}],"version-history":[{"count":1,"href":"https:\/\/www.elsindical.com.ar\/notas\/wp-json\/wp\/v2\/posts\/71974\/revisions"}],"predecessor-version":[{"id":71976,"href":"https:\/\/www.elsindical.com.ar\/notas\/wp-json\/wp\/v2\/posts\/71974\/revisions\/71976"}],"wp:attachment":[{"href":"https:\/\/www.elsindical.com.ar\/notas\/wp-json\/wp\/v2\/media?parent=71974"}],"wp:term":[{"taxonomy":"category","embeddable":true,"href":"https:\/\/www.elsindical.com.ar\/notas\/wp-json\/wp\/v2\/categories?post=71974"},{"taxonomy":"post_tag","embeddable":true,"href":"https:\/\/www.elsindical.com.ar\/notas\/wp-json\/wp\/v2\/tags?post=71974"}],"curies":[{"name":"wp","href":"https:\/\/api.w.org\/{rel}","templated":true}]}}