{"id":71938,"date":"2017-09-08T12:13:15","date_gmt":"2017-09-08T15:13:15","guid":{"rendered":"http:\/\/www.elsindical.com.ar\/notas\/?p=71938"},"modified":"2017-09-08T12:13:15","modified_gmt":"2017-09-08T15:13:15","slug":"villa-madero-una-joven-desaparecio-cuando-salio-del-colegio","status":"publish","type":"post","link":"https:\/\/www.elsindical.com.ar\/notas\/villa-madero-una-joven-desaparecio-cuando-salio-del-colegio\/","title":{"rendered":"Villa Madero: Una joven desapareci\u00f3 cuando sali\u00f3 del colegio"},"content":{"rendered":"<p><em>\u00a0<a href=\"http:\/\/www.elsindical.com.ar\/notas\/var\/www\/html\/notas\/wp-content\/uploads\/2017\/09\/Bryanna-Reganzani.jpg\"><img loading=\"lazy\" decoding=\"async\" class=\"alignnone size-medium wp-image-71939\" src=\"http:\/\/www.elsindical.com.ar\/notas\/var\/www\/html\/notas\/wp-content\/uploads\/2017\/09\/Bryanna-Reganzani-300x158.jpg\" alt=\"\" width=\"300\" height=\"158\" srcset=\"https:\/\/www.elsindical.com.ar\/notas\/var\/www\/html\/notas\/wp-content\/uploads\/2017\/09\/Bryanna-Reganzani-300x158.jpg 300w, https:\/\/www.elsindical.com.ar\/notas\/var\/www\/html\/notas\/wp-content\/uploads\/2017\/09\/Bryanna-Reganzani-500x264.jpg 500w, https:\/\/www.elsindical.com.ar\/notas\/var\/www\/html\/notas\/wp-content\/uploads\/2017\/09\/Bryanna-Reganzani.jpg 540w\" sizes=\"auto, (max-width: 300px) 100vw, 300px\" \/><\/a> La chica de 16 a\u00f1os se perdi\u00f3 en Villa Madero, luego de acompa\u00f1ar a una amiga hasta su casa, a pocas cuadras de su hogar. Es intensamente buscada.<\/em><\/p>\n<p>Una joven\u00a0de 16 a\u00f1os es intensamente buscada\u00a0de manera intensa por familiares y amigos tras desaparecer hoy alrededor de las 14 horas\u00a0\u00a0cuando regresaba del colegio hacia su casa\u00a0en la localidad bonaerense de Villa Madero, en el partido de La Matanza. Su nombre es <strong>Bryanna Reganzani,<\/strong> quien concurre\u00a0la escuela Nuestra Se\u00f1ora de Lourdes.<\/p>\n<p>La adolescente acompa\u00f1\u00f3 a una compa\u00f1era hasta su casa, a metros de la escuela, en la calle Rivera y Pedernera, y desde all\u00ed se iba hacia su hogar, a unas cuatro cuadras de all\u00ed, pero nunca lleg\u00f3.\u00a0La amiga de\u00a0Bryanna\u00a0cont\u00f3 que antes de entrar a su casa y cuando iba con ella vieron pasar un veh\u00edculo con gente que les result\u00f3 sospechosa.<\/p>\n<p>El \u00faltimo contacto con la joven fue a trav\u00e9s de un llamado telef\u00f3nico que le hizo a su mam\u00e1, <strong>Miriam,<\/strong> mientras que\u00a0su \u00faltima conexi\u00f3n a\u00a0WhatsApp\u00a0fue a las 14:07, cuando intercambi\u00f3 mensajes con su novio. Vale destacar que Bryanna vest\u00eda el uniforme del colegio, que es totalmente verde.\u00a0Cualquier informaci\u00f3n que puedan aportar sobre el paradero de la adolescente, deben comunicarse\u00a0al 15-3757-7530.<\/p>\n","protected":false},"excerpt":{"rendered":"<p>\u00a0 La chica de 16 a\u00f1os se perdi\u00f3 en Villa Madero, luego de acompa\u00f1ar a una amiga hasta su casa, a pocas cuadras de su hogar. Es intensamente buscada. Una joven\u00a0de 16 a\u00f1os es intensamente buscada\u00a0de manera intensa por familiares y amigos tras desaparecer hoy alrededor de las 14 horas\u00a0\u00a0cuando regresaba del colegio hacia su&hellip;<\/p>\n","protected":false},"author":1,"featured_media":0,"comment_status":"open","ping_status":"open","sticky":false,"template":"","format":"standard","meta":{"footnotes":""},"categories":[26],"tags":[27062,973,1401,4444],"class_list":["post-71938","post","type-post","status-publish","format-standard","hentry","category-solidaridad","tag-bryanna-reganzani","tag-desaparecida","tag-la-matanza","tag-villa-madero"],"_links":{"self":[{"href":"https:\/\/www.elsindical.com.ar\/notas\/wp-json\/wp\/v2\/posts\/71938","targetHints":{"allow":["GET"]}}],"collection":[{"href":"https:\/\/www.elsindical.com.ar\/notas\/wp-json\/wp\/v2\/posts"}],"about":[{"href":"https:\/\/www.elsindical.com.ar\/notas\/wp-json\/wp\/v2\/types\/post"}],"author":[{"embeddable":true,"href":"https:\/\/www.elsindical.com.ar\/notas\/wp-json\/wp\/v2\/users\/1"}],"replies":[{"embeddable":true,"href":"https:\/\/www.elsindical.com.ar\/notas\/wp-json\/wp\/v2\/comments?post=71938"}],"version-history":[{"count":1,"href":"https:\/\/www.elsindical.com.ar\/notas\/wp-json\/wp\/v2\/posts\/71938\/revisions"}],"predecessor-version":[{"id":71940,"href":"https:\/\/www.elsindical.com.ar\/notas\/wp-json\/wp\/v2\/posts\/71938\/revisions\/71940"}],"wp:attachment":[{"href":"https:\/\/www.elsindical.com.ar\/notas\/wp-json\/wp\/v2\/media?parent=71938"}],"wp:term":[{"taxonomy":"category","embeddable":true,"href":"https:\/\/www.elsindical.com.ar\/notas\/wp-json\/wp\/v2\/categories?post=71938"},{"taxonomy":"post_tag","embeddable":true,"href":"https:\/\/www.elsindical.com.ar\/notas\/wp-json\/wp\/v2\/tags?post=71938"}],"curies":[{"name":"wp","href":"https:\/\/api.w.org\/{rel}","templated":true}]}}