{"id":71930,"date":"2017-09-08T10:59:24","date_gmt":"2017-09-08T13:59:24","guid":{"rendered":"http:\/\/www.elsindical.com.ar\/notas\/?p=71930"},"modified":"2017-09-08T11:18:42","modified_gmt":"2017-09-08T14:18:42","slug":"71930-2","status":"publish","type":"post","link":"https:\/\/www.elsindical.com.ar\/notas\/71930-2\/","title":{"rendered":"M\u00e9xico: Vivi\u00f3 su peor terremoto en m\u00e1s de 100 a\u00f1os"},"content":{"rendered":"<p><em>\u00a0\u00a0 <a href=\"http:\/\/www.elsindical.com.ar\/notas\/var\/www\/html\/notas\/wp-content\/uploads\/2017\/09\/terremoto-M\u00e9xico-04.jpg\"><img loading=\"lazy\" decoding=\"async\" class=\"alignnone size-medium wp-image-71931\" src=\"http:\/\/www.elsindical.com.ar\/notas\/var\/www\/html\/notas\/wp-content\/uploads\/2017\/09\/terremoto-M\u00e9xico-04-300x202.jpg\" alt=\"\" width=\"300\" height=\"202\" srcset=\"https:\/\/www.elsindical.com.ar\/notas\/var\/www\/html\/notas\/wp-content\/uploads\/2017\/09\/terremoto-M\u00e9xico-04-300x202.jpg 300w, https:\/\/www.elsindical.com.ar\/notas\/var\/www\/html\/notas\/wp-content\/uploads\/2017\/09\/terremoto-M\u00e9xico-04-768x517.jpg 768w, https:\/\/www.elsindical.com.ar\/notas\/var\/www\/html\/notas\/wp-content\/uploads\/2017\/09\/terremoto-M\u00e9xico-04-446x300.jpg 446w, https:\/\/www.elsindical.com.ar\/notas\/var\/www\/html\/notas\/wp-content\/uploads\/2017\/09\/terremoto-M\u00e9xico-04.jpg 917w\" sizes=\"auto, (max-width: 300px) 100vw, 300px\" \/><\/a>Un sismo de 8,2 grados sacudi\u00f3 M\u00e9xico y hay alerta de tsunami. Mir\u00e1 las fotos y los videos en el interior de la nota.<\/em><\/p>\n<p>Un potente sismo de magnitud 8,2 en la costa del Pac\u00edfico mexicano, el mayor en 100 a\u00f1os, dej\u00f3 al menos 32 muertos en los estados de Tabasco y Chiapas (sureste) en la medianoche del jueves, y fue sentido en gran parte del territorio, incluida la capital.<\/p>\n<p>En la costa del Pac\u00edfico central y sur de M\u00e9xico se mantiene adem\u00e1s una alerta de tsunami ante la eventualidad de que se registren olas de hasta cuatro metros, por lo que se ha procedido a evacuar a las poblaciones costeras.<\/p>\n<p>El terremoto ocurri\u00f3 a las 23H49 locales (04H49 GMT del viernes) cerca de la localidad de Tonal\u00e1 (Chiapas), a unos 100 km de la costa, a una profundidad de 19 km.<\/p>\n<p>Las autoridades establecieron la magnitud del temblor en 8,2, tras anunciarlo inicialmente en 8 y posteriormente en 8,4.<\/p>\n<p>Las clases fueron suspendidas en una decena de estados, incluida la capital, para proceder a una revisi\u00f3n estructural de las escuelas.<\/p>\n<p>Miles de capitalinos, muchos de ellos con ropa de dormir pues el sismo se sinti\u00f3 diez minutos antes de la medianoche, salieron de sus casas al escuchar la alerta s\u00edsmica, que avisa a la poblaci\u00f3n un minuto antes de que se registre un movimiento tel\u00farico.<\/p>\n<p><a href=\"http:\/\/www.elsindical.com.ar\/notas\/var\/www\/html\/notas\/wp-content\/uploads\/2017\/09\/terremoto-M\u00e9xico-01.jpg\"><img loading=\"lazy\" decoding=\"async\" class=\"alignnone size-medium wp-image-71934\" src=\"http:\/\/www.elsindical.com.ar\/notas\/var\/www\/html\/notas\/wp-content\/uploads\/2017\/09\/terremoto-M\u00e9xico-01-300x191.jpg\" alt=\"\" width=\"300\" height=\"191\" srcset=\"https:\/\/www.elsindical.com.ar\/notas\/var\/www\/html\/notas\/wp-content\/uploads\/2017\/09\/terremoto-M\u00e9xico-01-300x191.jpg 300w, https:\/\/www.elsindical.com.ar\/notas\/var\/www\/html\/notas\/wp-content\/uploads\/2017\/09\/terremoto-M\u00e9xico-01-768x489.jpg 768w, https:\/\/www.elsindical.com.ar\/notas\/var\/www\/html\/notas\/wp-content\/uploads\/2017\/09\/terremoto-M\u00e9xico-01-471x300.jpg 471w, https:\/\/www.elsindical.com.ar\/notas\/var\/www\/html\/notas\/wp-content\/uploads\/2017\/09\/terremoto-M\u00e9xico-01.jpg 814w\" sizes=\"auto, (max-width: 300px) 100vw, 300px\" \/><\/a> <a href=\"http:\/\/www.elsindical.com.ar\/notas\/var\/www\/html\/notas\/wp-content\/uploads\/2017\/09\/terremoto-M\u00e9xico-02.jpg\"><img loading=\"lazy\" decoding=\"async\" class=\"alignnone size-medium wp-image-71933\" src=\"http:\/\/www.elsindical.com.ar\/notas\/var\/www\/html\/notas\/wp-content\/uploads\/2017\/09\/terremoto-M\u00e9xico-02-300x190.jpg\" alt=\"\" width=\"300\" height=\"190\" srcset=\"https:\/\/www.elsindical.com.ar\/notas\/var\/www\/html\/notas\/wp-content\/uploads\/2017\/09\/terremoto-M\u00e9xico-02-300x190.jpg 300w, https:\/\/www.elsindical.com.ar\/notas\/var\/www\/html\/notas\/wp-content\/uploads\/2017\/09\/terremoto-M\u00e9xico-02-768x487.jpg 768w, https:\/\/www.elsindical.com.ar\/notas\/var\/www\/html\/notas\/wp-content\/uploads\/2017\/09\/terremoto-M\u00e9xico-02-473x300.jpg 473w, https:\/\/www.elsindical.com.ar\/notas\/var\/www\/html\/notas\/wp-content\/uploads\/2017\/09\/terremoto-M\u00e9xico-02.jpg 959w\" sizes=\"auto, (max-width: 300px) 100vw, 300px\" \/><\/a> <a href=\"http:\/\/www.elsindical.com.ar\/notas\/var\/www\/html\/notas\/wp-content\/uploads\/2017\/09\/terremoto-M\u00e9xico-03.jpg\"><img loading=\"lazy\" decoding=\"async\" class=\"alignnone size-medium wp-image-71932\" src=\"http:\/\/www.elsindical.com.ar\/notas\/var\/www\/html\/notas\/wp-content\/uploads\/2017\/09\/terremoto-M\u00e9xico-03-300x184.jpg\" alt=\"\" width=\"300\" height=\"184\" srcset=\"https:\/\/www.elsindical.com.ar\/notas\/var\/www\/html\/notas\/wp-content\/uploads\/2017\/09\/terremoto-M\u00e9xico-03-300x184.jpg 300w, https:\/\/www.elsindical.com.ar\/notas\/var\/www\/html\/notas\/wp-content\/uploads\/2017\/09\/terremoto-M\u00e9xico-03-768x471.jpg 768w, https:\/\/www.elsindical.com.ar\/notas\/var\/www\/html\/notas\/wp-content\/uploads\/2017\/09\/terremoto-M\u00e9xico-03-489x300.jpg 489w, https:\/\/www.elsindical.com.ar\/notas\/var\/www\/html\/notas\/wp-content\/uploads\/2017\/09\/terremoto-M\u00e9xico-03.jpg 1021w\" sizes=\"auto, (max-width: 300px) 100vw, 300px\" \/><\/a><\/p>\n<p>&nbsp;<\/p>\n","protected":false},"excerpt":{"rendered":"<p>\u00a0\u00a0 Un sismo de 8,2 grados sacudi\u00f3 M\u00e9xico y hay alerta de tsunami. Mir\u00e1 las fotos y los videos en el interior de la nota. Un potente sismo de magnitud 8,2 en la costa del Pac\u00edfico mexicano, el mayor en 100 a\u00f1os, dej\u00f3 al menos 32 muertos en los estados de Tabasco y Chiapas (sureste)&hellip;<\/p>\n","protected":false},"author":1,"featured_media":0,"comment_status":"open","ping_status":"open","sticky":false,"template":"","format":"standard","meta":{"footnotes":""},"categories":[18],"tags":[31,2118,509],"class_list":["post-71930","post","type-post","status-publish","format-standard","hentry","category-internacionales","tag-mexico","tag-terremoto","tag-victimas"],"_links":{"self":[{"href":"https:\/\/www.elsindical.com.ar\/notas\/wp-json\/wp\/v2\/posts\/71930","targetHints":{"allow":["GET"]}}],"collection":[{"href":"https:\/\/www.elsindical.com.ar\/notas\/wp-json\/wp\/v2\/posts"}],"about":[{"href":"https:\/\/www.elsindical.com.ar\/notas\/wp-json\/wp\/v2\/types\/post"}],"author":[{"embeddable":true,"href":"https:\/\/www.elsindical.com.ar\/notas\/wp-json\/wp\/v2\/users\/1"}],"replies":[{"embeddable":true,"href":"https:\/\/www.elsindical.com.ar\/notas\/wp-json\/wp\/v2\/comments?post=71930"}],"version-history":[{"count":3,"href":"https:\/\/www.elsindical.com.ar\/notas\/wp-json\/wp\/v2\/posts\/71930\/revisions"}],"predecessor-version":[{"id":71937,"href":"https:\/\/www.elsindical.com.ar\/notas\/wp-json\/wp\/v2\/posts\/71930\/revisions\/71937"}],"wp:attachment":[{"href":"https:\/\/www.elsindical.com.ar\/notas\/wp-json\/wp\/v2\/media?parent=71930"}],"wp:term":[{"taxonomy":"category","embeddable":true,"href":"https:\/\/www.elsindical.com.ar\/notas\/wp-json\/wp\/v2\/categories?post=71930"},{"taxonomy":"post_tag","embeddable":true,"href":"https:\/\/www.elsindical.com.ar\/notas\/wp-json\/wp\/v2\/tags?post=71930"}],"curies":[{"name":"wp","href":"https:\/\/api.w.org\/{rel}","templated":true}]}}