{"id":71856,"date":"2017-09-05T09:21:17","date_gmt":"2017-09-05T12:21:17","guid":{"rendered":"http:\/\/www.elsindical.com.ar\/notas\/?p=71856"},"modified":"2017-09-05T09:21:17","modified_gmt":"2017-09-05T12:21:17","slug":"el-massismo-contra-bullrich-es-una-impresentable-que-se-disfraza-con-uniformes","status":"publish","type":"post","link":"https:\/\/www.elsindical.com.ar\/notas\/el-massismo-contra-bullrich-es-una-impresentable-que-se-disfraza-con-uniformes\/","title":{"rendered":"El massismo contra Bullrich: \u00abEs una impresentable que se disfraza con uniformes\u00bb"},"content":{"rendered":"<p><em><span class=\"text description col-xs-8 col-lg-9\">\u00a0 <a href=\"http:\/\/www.elsindical.com.ar\/notas\/var\/www\/html\/notas\/wp-content\/uploads\/2017\/09\/Patricia-Bullrich-uniformada.jpg\"><img loading=\"lazy\" decoding=\"async\" class=\"alignnone size-medium wp-image-71857\" src=\"http:\/\/www.elsindical.com.ar\/notas\/var\/www\/html\/notas\/wp-content\/uploads\/2017\/09\/Patricia-Bullrich-uniformada-300x191.jpg\" alt=\"\" width=\"300\" height=\"191\" srcset=\"https:\/\/www.elsindical.com.ar\/notas\/var\/www\/html\/notas\/wp-content\/uploads\/2017\/09\/Patricia-Bullrich-uniformada-300x191.jpg 300w, https:\/\/www.elsindical.com.ar\/notas\/var\/www\/html\/notas\/wp-content\/uploads\/2017\/09\/Patricia-Bullrich-uniformada-470x300.jpg 470w, https:\/\/www.elsindical.com.ar\/notas\/var\/www\/html\/notas\/wp-content\/uploads\/2017\/09\/Patricia-Bullrich-uniformada.jpg 522w\" sizes=\"auto, (max-width: 300px) 100vw, 300px\" \/><\/a>Felipe Sol\u00e1, gran referente del massismo en 1Pa\u00eds, se mostr\u00f3 muy cr\u00edtico contra la actual gesti\u00f3n de Patricia Bullrich al frente de la cartera de Seguridad. El caso de Santiago Maldonado, fue el detonante.<\/span><\/em><\/p>\n<p>Felipe Sol\u00e1, candidato a diputado del espacio pol\u00edtico 1Pa\u00eds, tild\u00f3 de \u00abimpresentable\u00bb a la ministro de Seguridad, Patricia Bullrich, y dijo que en cuanto al caso de Santiago Maldonado el Gobierno \u00aben vez de poner la cara hace todo lo contrario\u00bb.<\/p>\n<p>\u00abEl gobierno tiene una ministra impresentable y que se disfraza con uniforme\u00bb, asegur\u00f3 Felipe Sol\u00e1 haciendo referencia a Bullrich, mientras que afirm\u00f3 que la funcionaria del Gobierno \u00abprefiere ser la jefa de los gendarmes antes de ser la ministra de todos\u00bb.<\/p>\n<p>El diputado opositor evalu\u00f3, as\u00ed mismo, que \u00abel Gobierno lleva el caso de Maldonado con miedo, en vez de poner la cara hace todo lo contrario\u00bb.<\/p>\n<p>\u00abEl gobierno reacciona con una falta de personalidad y con prejuicio terrible\u00bb, destac\u00f3 este lunes el exgobernador bonaerense y actual diputado nacional.<\/p>\n<p>En ese contexto, tambi\u00e9n dijo que la gesti\u00f3n del presidente Mauricio Macri no tuvo \u00abla reacci\u00f3n que tiene que tener cualquier gobierno democr\u00e1tico ante un desaparecido\u00bb.<\/p>\n<p>Consider\u00f3, adem\u00e1s, que los funcionarios del Gobierno nacional \u00abreaccionaron muy tarde en el caso Maldonado\u00bb y cuestion\u00f3 la estrategia oficial con respecto a los conflictos con integrantes de las comunidades mapuches.<\/p>\n","protected":false},"excerpt":{"rendered":"<p>\u00a0 Felipe Sol\u00e1, gran referente del massismo en 1Pa\u00eds, se mostr\u00f3 muy cr\u00edtico contra la actual gesti\u00f3n de Patricia Bullrich al frente de la cartera de Seguridad. El caso de Santiago Maldonado, fue el detonante. Felipe Sol\u00e1, candidato a diputado del espacio pol\u00edtico 1Pa\u00eds, tild\u00f3 de \u00abimpresentable\u00bb a la ministro de Seguridad, Patricia Bullrich, y&hellip;<\/p>\n","protected":false},"author":1,"featured_media":0,"comment_status":"open","ping_status":"open","sticky":false,"template":"","format":"standard","meta":{"footnotes":""},"categories":[13],"tags":[375,1241,16552,26803],"class_list":["post-71856","post","type-post","status-publish","format-standard","hentry","category-politica","tag-gobierno","tag-patricia-bullrich","tag-personalidad","tag-santiago-maldonado"],"_links":{"self":[{"href":"https:\/\/www.elsindical.com.ar\/notas\/wp-json\/wp\/v2\/posts\/71856","targetHints":{"allow":["GET"]}}],"collection":[{"href":"https:\/\/www.elsindical.com.ar\/notas\/wp-json\/wp\/v2\/posts"}],"about":[{"href":"https:\/\/www.elsindical.com.ar\/notas\/wp-json\/wp\/v2\/types\/post"}],"author":[{"embeddable":true,"href":"https:\/\/www.elsindical.com.ar\/notas\/wp-json\/wp\/v2\/users\/1"}],"replies":[{"embeddable":true,"href":"https:\/\/www.elsindical.com.ar\/notas\/wp-json\/wp\/v2\/comments?post=71856"}],"version-history":[{"count":1,"href":"https:\/\/www.elsindical.com.ar\/notas\/wp-json\/wp\/v2\/posts\/71856\/revisions"}],"predecessor-version":[{"id":71858,"href":"https:\/\/www.elsindical.com.ar\/notas\/wp-json\/wp\/v2\/posts\/71856\/revisions\/71858"}],"wp:attachment":[{"href":"https:\/\/www.elsindical.com.ar\/notas\/wp-json\/wp\/v2\/media?parent=71856"}],"wp:term":[{"taxonomy":"category","embeddable":true,"href":"https:\/\/www.elsindical.com.ar\/notas\/wp-json\/wp\/v2\/categories?post=71856"},{"taxonomy":"post_tag","embeddable":true,"href":"https:\/\/www.elsindical.com.ar\/notas\/wp-json\/wp\/v2\/tags?post=71856"}],"curies":[{"name":"wp","href":"https:\/\/api.w.org\/{rel}","templated":true}]}}