{"id":71853,"date":"2017-09-05T09:16:39","date_gmt":"2017-09-05T12:16:39","guid":{"rendered":"http:\/\/www.elsindical.com.ar\/notas\/?p=71853"},"modified":"2017-09-05T09:16:39","modified_gmt":"2017-09-05T12:16:39","slug":"el-inadi-intervino-en-el-caso-del-nene-con-asperger","status":"publish","type":"post","link":"https:\/\/www.elsindical.com.ar\/notas\/el-inadi-intervino-en-el-caso-del-nene-con-asperger\/","title":{"rendered":"El INADI intervino en el caso del nene con Asperger"},"content":{"rendered":"<p><em><span class=\"text description col-xs-8 col-lg-9\">\u00a0 <a href=\"http:\/\/www.elsindical.com.ar\/notas\/var\/www\/html\/notas\/wp-content\/uploads\/2017\/09\/INADI-local.jpg\"><img loading=\"lazy\" decoding=\"async\" class=\"alignnone size-medium wp-image-71854\" src=\"http:\/\/www.elsindical.com.ar\/notas\/var\/www\/html\/notas\/wp-content\/uploads\/2017\/09\/INADI-local-300x191.jpg\" alt=\"\" width=\"300\" height=\"191\" srcset=\"https:\/\/www.elsindical.com.ar\/notas\/var\/www\/html\/notas\/wp-content\/uploads\/2017\/09\/INADI-local-300x191.jpg 300w, https:\/\/www.elsindical.com.ar\/notas\/var\/www\/html\/notas\/wp-content\/uploads\/2017\/09\/INADI-local-768x488.jpg 768w, https:\/\/www.elsindical.com.ar\/notas\/var\/www\/html\/notas\/wp-content\/uploads\/2017\/09\/INADI-local-1024x651.jpg 1024w, https:\/\/www.elsindical.com.ar\/notas\/var\/www\/html\/notas\/wp-content\/uploads\/2017\/09\/INADI-local-472x300.jpg 472w, https:\/\/www.elsindical.com.ar\/notas\/var\/www\/html\/notas\/wp-content\/uploads\/2017\/09\/INADI-local.jpg 1170w\" sizes=\"auto, (max-width: 300px) 100vw, 300px\" \/><\/a>El Instituto Nacional contra la Discriminaci\u00f3n, la Xenofobia y el Racismo intervino en el caso del ni\u00f1o con S\u00edndrome de Asperger que fue cambiado de curso y fij\u00f3 una visita a la escuela para \u00abasesorar a la comunidad educativa\u00bb. <\/span><\/em><\/p>\n<p>El Instituto Nacional contra la Discriminaci\u00f3n, la Xenofobia y el Racismo decidi\u00f3 intervenir tras las consultas realizadas por los padres del ni\u00f1o que fue apartado de un curso de cuarto grado en la escuela primaria del Centro Educativo Franciscano San Antonio de Padua, del partido bonaerense de Merlo. \u00abSe brind\u00f3 asesoramiento respecto a los mecanismos disponibles para realizar la denuncia\u00bb, inform\u00f3 el organismo en un comunicado.<\/p>\n<p>El Inadi report\u00f3 que se contact\u00f3 con \u00ablos directivos del colegio y fij\u00f3 ya una visita al lugar para asesorar a la comunidad educativa en pos de derribar las barreras institucionales y sensibilizar en materia de educaci\u00f3n inclusiva y no discriminaci\u00f3n\u00bb.<\/p>\n<p>Asimismo, expres\u00f3 su \u00abpreocupaci\u00f3n\u00bb por los acontecimientos que se produjeron en la escuela y en las redes sociales, por lo que puso a disposici\u00f3n sus recursos para \u00abtodas las instituciones educativas\u00bb en el marco de su lucha contra la discriminaci\u00f3n.<\/p>\n<p>Fuentes del ministerio de Educaci\u00f3n bonaerense dijeron a la agencia DyN que inspectoras del \u00e1rea se presentaron este lunes en la escuela religiosa a la que concurre el ni\u00f1o con S\u00edndrome de Asperger para evaluar si el cambio de curso fue en \u00abpos de una mejora del aprendizaje y de la convivencia\u00bb.<\/p>\n<p>En tanto, Gustavo Gonz\u00e1lez, representante legal de la escuela, dijo que citaron a tres de las madres que intercambiaron mensajes en la red social Whatsapp, que se hicieron p\u00fablicos, \u00abcelebrando\u00bb el cambio de curso del ni\u00f1o.<\/p>\n<p>&nbsp;<\/p>\n<p>El S\u00edndrome de Asperger forma parte de los trastornos del espectro autista y produce dificultades en la interacci\u00f3n social, y en la comunicaci\u00f3n. Las personas que lo padecen pueden no comprender qu\u00e9 significa una sonrisa o cualquier otra gesticulaci\u00f3n, lo que dificulta el desarrollo de los v\u00ednculos sociales.<\/p>\n","protected":false},"excerpt":{"rendered":"<p>\u00a0 El Instituto Nacional contra la Discriminaci\u00f3n, la Xenofobia y el Racismo intervino en el caso del ni\u00f1o con S\u00edndrome de Asperger que fue cambiado de curso y fij\u00f3 una visita a la escuela para \u00abasesorar a la comunidad educativa\u00bb. El Instituto Nacional contra la Discriminaci\u00f3n, la Xenofobia y el Racismo decidi\u00f3 intervenir tras las&hellip;<\/p>\n","protected":false},"author":1,"featured_media":0,"comment_status":"open","ping_status":"open","sticky":false,"template":"","format":"standard","meta":{"footnotes":""},"categories":[6],"tags":[27039,763,1008,306,27038],"class_list":["post-71853","post","type-post","status-publish","format-standard","hentry","category-denuncias","tag-discriminado","tag-inadi","tag-merlo","tag-nino","tag-sindrome-de-asperger"],"_links":{"self":[{"href":"https:\/\/www.elsindical.com.ar\/notas\/wp-json\/wp\/v2\/posts\/71853","targetHints":{"allow":["GET"]}}],"collection":[{"href":"https:\/\/www.elsindical.com.ar\/notas\/wp-json\/wp\/v2\/posts"}],"about":[{"href":"https:\/\/www.elsindical.com.ar\/notas\/wp-json\/wp\/v2\/types\/post"}],"author":[{"embeddable":true,"href":"https:\/\/www.elsindical.com.ar\/notas\/wp-json\/wp\/v2\/users\/1"}],"replies":[{"embeddable":true,"href":"https:\/\/www.elsindical.com.ar\/notas\/wp-json\/wp\/v2\/comments?post=71853"}],"version-history":[{"count":1,"href":"https:\/\/www.elsindical.com.ar\/notas\/wp-json\/wp\/v2\/posts\/71853\/revisions"}],"predecessor-version":[{"id":71855,"href":"https:\/\/www.elsindical.com.ar\/notas\/wp-json\/wp\/v2\/posts\/71853\/revisions\/71855"}],"wp:attachment":[{"href":"https:\/\/www.elsindical.com.ar\/notas\/wp-json\/wp\/v2\/media?parent=71853"}],"wp:term":[{"taxonomy":"category","embeddable":true,"href":"https:\/\/www.elsindical.com.ar\/notas\/wp-json\/wp\/v2\/categories?post=71853"},{"taxonomy":"post_tag","embeddable":true,"href":"https:\/\/www.elsindical.com.ar\/notas\/wp-json\/wp\/v2\/tags?post=71853"}],"curies":[{"name":"wp","href":"https:\/\/api.w.org\/{rel}","templated":true}]}}