{"id":71829,"date":"2017-09-03T19:05:45","date_gmt":"2017-09-03T22:05:45","guid":{"rendered":"http:\/\/www.elsindical.com.ar\/notas\/?p=71829"},"modified":"2017-09-03T19:05:45","modified_gmt":"2017-09-03T22:05:45","slug":"merlo-conductor-cayo-al-rio-reconquista-pero-resulto-ileso","status":"publish","type":"post","link":"https:\/\/www.elsindical.com.ar\/notas\/merlo-conductor-cayo-al-rio-reconquista-pero-resulto-ileso\/","title":{"rendered":"Merlo: Conductor cay\u00f3 al R\u00edo Reconquista, pero result\u00f3 ileso"},"content":{"rendered":"<p><em>\u00a0 <a href=\"http:\/\/www.elsindical.com.ar\/notas\/var\/www\/html\/notas\/wp-content\/uploads\/2017\/09\/206-R\u00edo-Reconquista.jpg\"><img loading=\"lazy\" decoding=\"async\" class=\"alignnone size-medium wp-image-71830\" src=\"http:\/\/www.elsindical.com.ar\/notas\/var\/www\/html\/notas\/wp-content\/uploads\/2017\/09\/206-R\u00edo-Reconquista-300x169.jpg\" alt=\"\" width=\"300\" height=\"169\" srcset=\"https:\/\/www.elsindical.com.ar\/notas\/var\/www\/html\/notas\/wp-content\/uploads\/2017\/09\/206-R\u00edo-Reconquista-300x169.jpg 300w, https:\/\/www.elsindical.com.ar\/notas\/var\/www\/html\/notas\/wp-content\/uploads\/2017\/09\/206-R\u00edo-Reconquista-500x281.jpg 500w, https:\/\/www.elsindical.com.ar\/notas\/var\/www\/html\/notas\/wp-content\/uploads\/2017\/09\/206-R\u00edo-Reconquista.jpg 745w\" sizes=\"auto, (max-width: 300px) 100vw, 300px\" \/><\/a>El hecho sucedi\u00f3 en el camino de la Ribera del R\u00edo Reconquista, en Merlo. Un conductor perdi\u00f3 el control de su veh\u00edculo en una curva y cay\u00f3 al agua. A pesar de lo impactante de la imagen, el joven no tuvo heridas de consideraci\u00f3n y pudo escapar por sus propios medios.<\/em><\/p>\n<p>Si bien la informaci\u00f3n dice que el conductor rompi\u00f3 el Guard-Rail, hay conductores que aseguran que hace meses est\u00e1 roto y que se han ca\u00eddo a las aguas unos 4 autos a la fecha.<\/p>\n<p><a href=\"http:\/\/www.elsindical.com.ar\/notas\/var\/www\/html\/notas\/wp-content\/uploads\/2017\/09\/206-al-agua.jpg\"><img loading=\"lazy\" decoding=\"async\" class=\"alignnone size-medium wp-image-71831\" src=\"http:\/\/www.elsindical.com.ar\/notas\/var\/www\/html\/notas\/wp-content\/uploads\/2017\/09\/206-al-agua-300x169.jpg\" alt=\"\" width=\"300\" height=\"169\" srcset=\"https:\/\/www.elsindical.com.ar\/notas\/var\/www\/html\/notas\/wp-content\/uploads\/2017\/09\/206-al-agua-300x169.jpg 300w, https:\/\/www.elsindical.com.ar\/notas\/var\/www\/html\/notas\/wp-content\/uploads\/2017\/09\/206-al-agua-768x432.jpg 768w, https:\/\/www.elsindical.com.ar\/notas\/var\/www\/html\/notas\/wp-content\/uploads\/2017\/09\/206-al-agua-500x281.jpg 500w, https:\/\/www.elsindical.com.ar\/notas\/var\/www\/html\/notas\/wp-content\/uploads\/2017\/09\/206-al-agua.jpg 970w\" sizes=\"auto, (max-width: 300px) 100vw, 300px\" \/><\/a><\/p>\n","protected":false},"excerpt":{"rendered":"<p>\u00a0 El hecho sucedi\u00f3 en el camino de la Ribera del R\u00edo Reconquista, en Merlo. Un conductor perdi\u00f3 el control de su veh\u00edculo en una curva y cay\u00f3 al agua. A pesar de lo impactante de la imagen, el joven no tuvo heridas de consideraci\u00f3n y pudo escapar por sus propios medios. Si bien la&hellip;<\/p>\n","protected":false},"author":1,"featured_media":0,"comment_status":"open","ping_status":"open","sticky":false,"template":"","format":"standard","meta":{"footnotes":""},"categories":[22],"tags":[990,1923,1809,1008,27030],"class_list":["post-71829","post","type-post","status-publish","format-standard","hentry","category-policiales","tag-accidente","tag-agua","tag-conductor","tag-merlo","tag-rio-reconquista"],"_links":{"self":[{"href":"https:\/\/www.elsindical.com.ar\/notas\/wp-json\/wp\/v2\/posts\/71829","targetHints":{"allow":["GET"]}}],"collection":[{"href":"https:\/\/www.elsindical.com.ar\/notas\/wp-json\/wp\/v2\/posts"}],"about":[{"href":"https:\/\/www.elsindical.com.ar\/notas\/wp-json\/wp\/v2\/types\/post"}],"author":[{"embeddable":true,"href":"https:\/\/www.elsindical.com.ar\/notas\/wp-json\/wp\/v2\/users\/1"}],"replies":[{"embeddable":true,"href":"https:\/\/www.elsindical.com.ar\/notas\/wp-json\/wp\/v2\/comments?post=71829"}],"version-history":[{"count":1,"href":"https:\/\/www.elsindical.com.ar\/notas\/wp-json\/wp\/v2\/posts\/71829\/revisions"}],"predecessor-version":[{"id":71832,"href":"https:\/\/www.elsindical.com.ar\/notas\/wp-json\/wp\/v2\/posts\/71829\/revisions\/71832"}],"wp:attachment":[{"href":"https:\/\/www.elsindical.com.ar\/notas\/wp-json\/wp\/v2\/media?parent=71829"}],"wp:term":[{"taxonomy":"category","embeddable":true,"href":"https:\/\/www.elsindical.com.ar\/notas\/wp-json\/wp\/v2\/categories?post=71829"},{"taxonomy":"post_tag","embeddable":true,"href":"https:\/\/www.elsindical.com.ar\/notas\/wp-json\/wp\/v2\/tags?post=71829"}],"curies":[{"name":"wp","href":"https:\/\/api.w.org\/{rel}","templated":true}]}}