{"id":71822,"date":"2017-09-03T14:34:48","date_gmt":"2017-09-03T17:34:48","guid":{"rendered":"http:\/\/www.elsindical.com.ar\/notas\/?p=71822"},"modified":"2017-09-03T14:50:27","modified_gmt":"2017-09-03T17:50:27","slug":"detuvieron-a-la-mujer-que-amenazo-a-la-hija-del-presidente-familiar-del-vocero-presidencial","status":"publish","type":"post","link":"https:\/\/www.elsindical.com.ar\/notas\/detuvieron-a-la-mujer-que-amenazo-a-la-hija-del-presidente-familiar-del-vocero-presidencial\/","title":{"rendered":"Detuvieron a la mujer que amenaz\u00f3 a la hija del presidente, familiar del vocero presidencial"},"content":{"rendered":"<p><a href=\"http:\/\/www.elsindical.com.ar\/notas\/var\/www\/html\/notas\/wp-content\/uploads\/2017\/09\/Caro-Krupskaya.jpg\"><img loading=\"lazy\" decoding=\"async\" class=\"alignnone size-medium wp-image-71823\" src=\"http:\/\/www.elsindical.com.ar\/notas\/var\/www\/html\/notas\/wp-content\/uploads\/2017\/09\/Caro-Krupskaya-300x206.jpg\" alt=\"\" width=\"300\" height=\"206\" srcset=\"https:\/\/www.elsindical.com.ar\/notas\/var\/www\/html\/notas\/wp-content\/uploads\/2017\/09\/Caro-Krupskaya-300x206.jpg 300w, https:\/\/www.elsindical.com.ar\/notas\/var\/www\/html\/notas\/wp-content\/uploads\/2017\/09\/Caro-Krupskaya-438x300.jpg 438w, https:\/\/www.elsindical.com.ar\/notas\/var\/www\/html\/notas\/wp-content\/uploads\/2017\/09\/Caro-Krupskaya.jpg 528w\" sizes=\"auto, (max-width: 300px) 100vw, 300px\" \/><\/a>\u00a0 La ministra de Seguridad, Patricia Bullrich anunci\u00f3 la detenci\u00f3n de la persona que intim\u00f3 por la red social Facebook a la hija menor de Mauricio Macri. En su mensaje, acompa\u00f1ado por la foto de un arma y el pedido de aparici\u00f3n de Santiago Maldonado, escribi\u00f3: <em>\u201cMacri est\u00e1s avisado! Tu hija no va a \u2019desaparecer\u2019, no la saques de tu casa. No me importa que sea una nena! Se que es tu hija y a que colegio va\u201d.<\/em><\/p>\n<p>La ministra de Seguridad, Patricia Bullrich, anunci\u00f3 el pasado s\u00e1bado la detenci\u00f3n de una mujer acusada de haber amenazado a trav\u00e9s de las redes sociales a Antonia Macri, la hija menor del presidente Mauricio Macri.<\/p>\n<p>\u00abLa Polic\u00eda Federal detuvo a quien amenaz\u00f3 a la hija del presidente\u00bb, se\u00f1al\u00f3 Bullrich a trav\u00e9s de mensajes publicado en su cuenta oficial de la red social Twitter.<\/p>\n<p>En otro posteo, la titular de la cartera de Seguridad consign\u00f3 que la detenida se llama \u00abMar\u00eda Carolina Pavlovsky, imputada por una terrible amenaza a la hija presidencial, ya est\u00e1 detenida y a disposici\u00f3n del Juez (Ariel) Lijo\u201d.<\/p>\n<p>La mujer, de 57 a\u00f1os, fue detenida en la cl\u00ednica psiqui\u00e1trica \u201cSolar Colonial\u201d de la localidad bonaerense de Castelar, agreg\u00f3 la informaci\u00f3n oficial.<\/p>\n<p>Hace dos d\u00edas, apareci\u00f3 en Facebook un intimidatorio mensaje contra la hija del presidente Mauricio Macri, Antonia, junto a una imagen de un fusil.<\/p>\n<p>\u00abMacri est\u00e1s avisado!! Tu hija no va a \u2019desaparecer\u2019, no la saques de tu casa hijo de remil putas!! No me importa que sea una nena! S\u00e9 que es tu hija y a qu\u00e9 colegio va #DONDEESTASANTIAGOCARAJO!\u201d, fue el mensaje que se public\u00f3 el jueves por la noche en una cuenta a nombre de un usuario identificado como Caro Kr\u00fapskaya.<\/p>\n<p><span class=\"destacado\">Seg\u00fan el inciso b del art\u00edculo 7 la ley de Salud mental \u00ab<em>el Estado reconoce a las personas con padecimiento mental, los siguientes derechos: a conocer y preservar su identidad, sus grupos de pertenencia, su genealog\u00eda y su historia\u00bb<\/em>.<\/span><\/p>\n<p>&nbsp;<\/p>\n","protected":false},"excerpt":{"rendered":"<p>\u00a0 La ministra de Seguridad, Patricia Bullrich anunci\u00f3 la detenci\u00f3n de la persona que intim\u00f3 por la red social Facebook a la hija menor de Mauricio Macri. En su mensaje, acompa\u00f1ado por la foto de un arma y el pedido de aparici\u00f3n de Santiago Maldonado, escribi\u00f3: \u201cMacri est\u00e1s avisado! Tu hija no va a \u2019desaparecer\u2019,&hellip;<\/p>\n","protected":false},"author":1,"featured_media":0,"comment_status":"open","ping_status":"open","sticky":false,"template":"","format":"standard","meta":{"footnotes":""},"categories":[22],"tags":[7140,27029,76,1241],"class_list":["post-71822","post","type-post","status-publish","format-standard","hentry","category-policiales","tag-juez-federal-ariel-lijo","tag-maria-carolina-pavlovsky","tag-mauricio-macri","tag-patricia-bullrich"],"_links":{"self":[{"href":"https:\/\/www.elsindical.com.ar\/notas\/wp-json\/wp\/v2\/posts\/71822","targetHints":{"allow":["GET"]}}],"collection":[{"href":"https:\/\/www.elsindical.com.ar\/notas\/wp-json\/wp\/v2\/posts"}],"about":[{"href":"https:\/\/www.elsindical.com.ar\/notas\/wp-json\/wp\/v2\/types\/post"}],"author":[{"embeddable":true,"href":"https:\/\/www.elsindical.com.ar\/notas\/wp-json\/wp\/v2\/users\/1"}],"replies":[{"embeddable":true,"href":"https:\/\/www.elsindical.com.ar\/notas\/wp-json\/wp\/v2\/comments?post=71822"}],"version-history":[{"count":2,"href":"https:\/\/www.elsindical.com.ar\/notas\/wp-json\/wp\/v2\/posts\/71822\/revisions"}],"predecessor-version":[{"id":71825,"href":"https:\/\/www.elsindical.com.ar\/notas\/wp-json\/wp\/v2\/posts\/71822\/revisions\/71825"}],"wp:attachment":[{"href":"https:\/\/www.elsindical.com.ar\/notas\/wp-json\/wp\/v2\/media?parent=71822"}],"wp:term":[{"taxonomy":"category","embeddable":true,"href":"https:\/\/www.elsindical.com.ar\/notas\/wp-json\/wp\/v2\/categories?post=71822"},{"taxonomy":"post_tag","embeddable":true,"href":"https:\/\/www.elsindical.com.ar\/notas\/wp-json\/wp\/v2\/tags?post=71822"}],"curies":[{"name":"wp","href":"https:\/\/api.w.org\/{rel}","templated":true}]}}