{"id":71770,"date":"2017-09-02T02:29:38","date_gmt":"2017-09-02T05:29:38","guid":{"rendered":"http:\/\/www.elsindical.com.ar\/notas\/?p=71770"},"modified":"2017-09-02T02:29:38","modified_gmt":"2017-09-02T05:29:38","slug":"bahia-blanca-un-periodista-fue-amenazado-y-el-edificio-de-la-brujula-24-tiene-custodia-policial","status":"publish","type":"post","link":"https:\/\/www.elsindical.com.ar\/notas\/bahia-blanca-un-periodista-fue-amenazado-y-el-edificio-de-la-brujula-24-tiene-custodia-policial\/","title":{"rendered":"Bah\u00eda Blanca: Un periodista fue amenazado y el edificio de La Br\u00fajula 24 tiene custodia policial"},"content":{"rendered":"<p class=\"bajada\"><em>\u00a0 <a href=\"http:\/\/www.elsindical.com.ar\/notas\/var\/www\/html\/notas\/wp-content\/uploads\/2017\/09\/oficinas-La-Br\u00fajula-24.jpg\"><img loading=\"lazy\" decoding=\"async\" class=\"alignnone size-medium wp-image-71771\" src=\"http:\/\/www.elsindical.com.ar\/notas\/var\/www\/html\/notas\/wp-content\/uploads\/2017\/09\/oficinas-La-Br\u00fajula-24-300x179.jpg\" alt=\"\" width=\"300\" height=\"179\" srcset=\"https:\/\/www.elsindical.com.ar\/notas\/var\/www\/html\/notas\/wp-content\/uploads\/2017\/09\/oficinas-La-Br\u00fajula-24-300x179.jpg 300w, https:\/\/www.elsindical.com.ar\/notas\/var\/www\/html\/notas\/wp-content\/uploads\/2017\/09\/oficinas-La-Br\u00fajula-24-500x298.jpg 500w, https:\/\/www.elsindical.com.ar\/notas\/var\/www\/html\/notas\/wp-content\/uploads\/2017\/09\/oficinas-La-Br\u00fajula-24.jpg 620w\" sizes=\"auto, (max-width: 300px) 100vw, 300px\" \/><\/a>Germ\u00e1n Sasso, editor del medio bahiense, recibi\u00f3 intimidaciones esta semana por sus investigaciones sobre narcotr\u00e1fico. La gobernadora bonaerense, Mar\u00eda Eugenia Vidal.<\/em><\/p>\n<p>El periodista Germ\u00e1n Sasso, editor de La Br\u00fajula 24, sufri\u00f3 amenazas e intimidaciones esta semana. Tras ese episodio, el edificio del medio bahiense permanece con custodio policial.<\/p>\n<p>Luego de los ataques que recibi\u00f3 el edifico de La Br\u00fajula 24 y amenazas sufridas por Sasso, desde diversos sectores se solidarizaron y manifestaron su apoyo. Una de ellas, fue la gobernadora bonaerense, Mar\u00eda Eugenia Vidal, quien se comunic\u00f3 con el periodista.<\/p>\n<p>La mandataria provincial le agradeci\u00f3 a Sasso por el trabajo que realiza y las denuncias vinculadas al narcotr\u00e1fico. \u00abNo est\u00e1n solos, nosotros estamos ac\u00e1 para cuidarlos. Estas peleas vale la pena darlas, a pesar de que en el proceso hay que atravesar momentos feos\u00bb, le dijo Vidal.<\/p>\n<p>Tambi\u00e9n, periodistas locales y nacionales se hicieron eco de este lamentable episodio y se pusieron a disposici\u00f3n del equipo de La Br\u00fajula 24.<\/p>\n<p>Otros de los funcionarios que se solidarizaron fueron el ministro de Seguridad provincial, Cristian Ritondo, y de Justicia, Gustavo Ferrari, entre varios referentes del gobierno.<\/p>\n<p>A su vez, por iniciativa del legislador bahiense Santiago Nardelli, la C\u00e1mara de Diputados bonaerense aprob\u00f3 anoche un proyecto de resoluci\u00f3n en repudio a las amenazas sufridas por Germ\u00e1n Sasso.<\/p>\n<p>Por su parte, Sasso se refiri\u00f3 a la presencia policial en la puerta del edificio y agreg\u00f3: \u00abNo es grato tener que trabajar con custodia permanente, pero nada cambiar\u00e1 lo que hacemos\u00bb.<\/p>\n<p>Desde InfoGEI, nos solidarizamos con los colegas de La Br\u00fajula 24, especialmente con Germ\u00e1n Sasso.<\/p>\n","protected":false},"excerpt":{"rendered":"<p>\u00a0 Germ\u00e1n Sasso, editor del medio bahiense, recibi\u00f3 intimidaciones esta semana por sus investigaciones sobre narcotr\u00e1fico. La gobernadora bonaerense, Mar\u00eda Eugenia Vidal. El periodista Germ\u00e1n Sasso, editor de La Br\u00fajula 24, sufri\u00f3 amenazas e intimidaciones esta semana. Tras ese episodio, el edificio del medio bahiense permanece con custodio policial. Luego de los ataques que recibi\u00f3&hellip;<\/p>\n","protected":false},"author":1,"featured_media":0,"comment_status":"open","ping_status":"open","sticky":false,"template":"","format":"standard","meta":{"footnotes":""},"categories":[22],"tags":[365,20265,20267,7265],"class_list":["post-71770","post","type-post","status-publish","format-standard","hentry","category-policiales","tag-bahia-blanca","tag-german-sasso","tag-la-brujula-24","tag-maria-eugenia-vidal"],"_links":{"self":[{"href":"https:\/\/www.elsindical.com.ar\/notas\/wp-json\/wp\/v2\/posts\/71770","targetHints":{"allow":["GET"]}}],"collection":[{"href":"https:\/\/www.elsindical.com.ar\/notas\/wp-json\/wp\/v2\/posts"}],"about":[{"href":"https:\/\/www.elsindical.com.ar\/notas\/wp-json\/wp\/v2\/types\/post"}],"author":[{"embeddable":true,"href":"https:\/\/www.elsindical.com.ar\/notas\/wp-json\/wp\/v2\/users\/1"}],"replies":[{"embeddable":true,"href":"https:\/\/www.elsindical.com.ar\/notas\/wp-json\/wp\/v2\/comments?post=71770"}],"version-history":[{"count":1,"href":"https:\/\/www.elsindical.com.ar\/notas\/wp-json\/wp\/v2\/posts\/71770\/revisions"}],"predecessor-version":[{"id":71772,"href":"https:\/\/www.elsindical.com.ar\/notas\/wp-json\/wp\/v2\/posts\/71770\/revisions\/71772"}],"wp:attachment":[{"href":"https:\/\/www.elsindical.com.ar\/notas\/wp-json\/wp\/v2\/media?parent=71770"}],"wp:term":[{"taxonomy":"category","embeddable":true,"href":"https:\/\/www.elsindical.com.ar\/notas\/wp-json\/wp\/v2\/categories?post=71770"},{"taxonomy":"post_tag","embeddable":true,"href":"https:\/\/www.elsindical.com.ar\/notas\/wp-json\/wp\/v2\/tags?post=71770"}],"curies":[{"name":"wp","href":"https:\/\/api.w.org\/{rel}","templated":true}]}}