{"id":71742,"date":"2017-09-01T09:01:34","date_gmt":"2017-09-01T12:01:34","guid":{"rendered":"http:\/\/www.elsindical.com.ar\/notas\/?p=71742"},"modified":"2017-09-01T09:01:34","modified_gmt":"2017-09-01T12:01:34","slug":"llavallol-policia-local-mato-a-un-ladron-al-resistirse-a-un-robo","status":"publish","type":"post","link":"https:\/\/www.elsindical.com.ar\/notas\/llavallol-policia-local-mato-a-un-ladron-al-resistirse-a-un-robo\/","title":{"rendered":"Llavallol: Polic\u00eda local mat\u00f3 a un ladr\u00f3n al resistirse a un robo"},"content":{"rendered":"<p><em>\u00a0<a href=\"http:\/\/www.elsindical.com.ar\/notas\/var\/www\/html\/notas\/wp-content\/uploads\/2017\/09\/delincuente-abatido-Llavallol-03.jpg\"><img loading=\"lazy\" decoding=\"async\" class=\"alignnone size-medium wp-image-71743\" src=\"http:\/\/www.elsindical.com.ar\/notas\/var\/www\/html\/notas\/wp-content\/uploads\/2017\/09\/delincuente-abatido-Llavallol-03-300x202.jpg\" alt=\"\" width=\"300\" height=\"202\" srcset=\"https:\/\/www.elsindical.com.ar\/notas\/var\/www\/html\/notas\/wp-content\/uploads\/2017\/09\/delincuente-abatido-Llavallol-03-300x202.jpg 300w, https:\/\/www.elsindical.com.ar\/notas\/var\/www\/html\/notas\/wp-content\/uploads\/2017\/09\/delincuente-abatido-Llavallol-03-445x300.jpg 445w, https:\/\/www.elsindical.com.ar\/notas\/var\/www\/html\/notas\/wp-content\/uploads\/2017\/09\/delincuente-abatido-Llavallol-03.jpg 640w\" sizes=\"auto, (max-width: 300px) 100vw, 300px\" \/><\/a> Un polic\u00eda bonaerense mat\u00f3 este jueves por la tarde a un delincuente que le rob\u00f3 la moto junto a otros tres c\u00f3mplices, que escaparon del lugar, en un hecho ocurrido frente a una escuela de Llavallol, informaron fuentes policiales y judiciales.<\/em><\/p>\n<p>El hecho ocurri\u00f3 cuando el efectivo, de 23 a\u00f1os, que se desempe\u00f1a en la Polic\u00eda local de Esteban Echeverr\u00eda, realizaba una mudanza en la puerta de su vivienda, ubicada en la intersecci\u00f3n de las calles Wilde y Mercedes, frente a la Escuela Primaria 23 de Llavallol.<\/p>\n<p>El polic\u00eda, que se encontraba de civil, fue sorprendido por tres delincuentes armados con escopetas y rev\u00f3lveres que descendieron de un auto Fiat Palio gris y le pidieron su moto, informaron fuentes policiales.<\/p>\n<p>Fue entonces que uno de los ladrones se subi\u00f3 a la moto y escap\u00f3, mientras que uno de sus c\u00f3mplices, armado con un rev\u00f3lver calibre 38, le quer\u00eda arrancar al efectivo el llavero con la alarma que colgaba de su cuello<\/p>\n<p>A ra\u00edz de esto, el oficial se identific\u00f3 como polic\u00eda y extrajo su pistola reglamentaria calibre 9 mil\u00edmetros con la que efectu\u00f3 cuatro disparos, uno de ellos en la cabeza del delincuente, quien cay\u00f3 desplomado sobre el asfalto y muri\u00f3 en el acto.<\/p>\n<p>En tanto, el tercer delincuente subi\u00f3 al Palio en el que lo esperaba otro c\u00f3mplice, y dieron marcha atr\u00e1s con intenciones de impactar al efectivo, pero s\u00f3lo chocaron a un veh\u00edculo que estaba estacionado y huyeron, se\u00f1alaron voceros judiciales.<\/p>\n<p>Seg\u00fan informaron fuentes policiales, el ladr\u00f3n muerto ten\u00eda colocado un chaleco antibalas, vest\u00eda ropa deportiva y su rev\u00f3lver estaba cargado.<\/p>\n<p>Intervino en la causa el fiscal Lorenzo Latorre, a cargo de la Unidad Funcional de Instrucci\u00f3n (UFI) 4, del Departamento Judicial Lomas de Zamora, quien dispuso el secuestro del registro de una c\u00e1mara de seguridad de una casa de la misma cuadra, que capt\u00f3 el momento del hecho.<\/p>\n<p><a href=\"http:\/\/www.elsindical.com.ar\/notas\/var\/www\/html\/notas\/wp-content\/uploads\/2017\/09\/delincuente-abatido-Llavallol-01.jpg\"><img loading=\"lazy\" decoding=\"async\" class=\"alignnone size-medium wp-image-71745\" src=\"http:\/\/www.elsindical.com.ar\/notas\/var\/www\/html\/notas\/wp-content\/uploads\/2017\/09\/delincuente-abatido-Llavallol-01-225x300.jpg\" alt=\"\" width=\"225\" height=\"300\" srcset=\"https:\/\/www.elsindical.com.ar\/notas\/var\/www\/html\/notas\/wp-content\/uploads\/2017\/09\/delincuente-abatido-Llavallol-01-225x300.jpg 225w, https:\/\/www.elsindical.com.ar\/notas\/var\/www\/html\/notas\/wp-content\/uploads\/2017\/09\/delincuente-abatido-Llavallol-01.jpg 360w\" sizes=\"auto, (max-width: 225px) 100vw, 225px\" \/><\/a> <a href=\"http:\/\/www.elsindical.com.ar\/notas\/var\/www\/html\/notas\/wp-content\/uploads\/2017\/09\/delincuente-abatido-Llavallol-02.jpg\"><img loading=\"lazy\" decoding=\"async\" class=\"alignnone size-medium wp-image-71744\" src=\"http:\/\/www.elsindical.com.ar\/notas\/var\/www\/html\/notas\/wp-content\/uploads\/2017\/09\/delincuente-abatido-Llavallol-02-225x300.jpg\" alt=\"\" width=\"225\" height=\"300\" srcset=\"https:\/\/www.elsindical.com.ar\/notas\/var\/www\/html\/notas\/wp-content\/uploads\/2017\/09\/delincuente-abatido-Llavallol-02-225x300.jpg 225w, https:\/\/www.elsindical.com.ar\/notas\/var\/www\/html\/notas\/wp-content\/uploads\/2017\/09\/delincuente-abatido-Llavallol-02.jpg 720w\" sizes=\"auto, (max-width: 225px) 100vw, 225px\" \/><\/a><\/p>\n","protected":false},"excerpt":{"rendered":"<p>\u00a0 Un polic\u00eda bonaerense mat\u00f3 este jueves por la tarde a un delincuente que le rob\u00f3 la moto junto a otros tres c\u00f3mplices, que escaparon del lugar, en un hecho ocurrido frente a una escuela de Llavallol, informaron fuentes policiales y judiciales. El hecho ocurri\u00f3 cuando el efectivo, de 23 a\u00f1os, que se desempe\u00f1a en&hellip;<\/p>\n","protected":false},"author":1,"featured_media":0,"comment_status":"open","ping_status":"open","sticky":false,"template":"","format":"standard","meta":{"footnotes":""},"categories":[22],"tags":[1211,581,21017,1212,238],"class_list":["post-71742","post","type-post","status-publish","format-standard","hentry","category-policiales","tag-chaleco-antibalas","tag-delincuentes","tag-llavallol","tag-revolver","tag-tiroteo"],"_links":{"self":[{"href":"https:\/\/www.elsindical.com.ar\/notas\/wp-json\/wp\/v2\/posts\/71742","targetHints":{"allow":["GET"]}}],"collection":[{"href":"https:\/\/www.elsindical.com.ar\/notas\/wp-json\/wp\/v2\/posts"}],"about":[{"href":"https:\/\/www.elsindical.com.ar\/notas\/wp-json\/wp\/v2\/types\/post"}],"author":[{"embeddable":true,"href":"https:\/\/www.elsindical.com.ar\/notas\/wp-json\/wp\/v2\/users\/1"}],"replies":[{"embeddable":true,"href":"https:\/\/www.elsindical.com.ar\/notas\/wp-json\/wp\/v2\/comments?post=71742"}],"version-history":[{"count":1,"href":"https:\/\/www.elsindical.com.ar\/notas\/wp-json\/wp\/v2\/posts\/71742\/revisions"}],"predecessor-version":[{"id":71746,"href":"https:\/\/www.elsindical.com.ar\/notas\/wp-json\/wp\/v2\/posts\/71742\/revisions\/71746"}],"wp:attachment":[{"href":"https:\/\/www.elsindical.com.ar\/notas\/wp-json\/wp\/v2\/media?parent=71742"}],"wp:term":[{"taxonomy":"category","embeddable":true,"href":"https:\/\/www.elsindical.com.ar\/notas\/wp-json\/wp\/v2\/categories?post=71742"},{"taxonomy":"post_tag","embeddable":true,"href":"https:\/\/www.elsindical.com.ar\/notas\/wp-json\/wp\/v2\/tags?post=71742"}],"curies":[{"name":"wp","href":"https:\/\/api.w.org\/{rel}","templated":true}]}}