{"id":71715,"date":"2017-08-31T09:36:58","date_gmt":"2017-08-31T12:36:58","guid":{"rendered":"http:\/\/www.elsindical.com.ar\/notas\/?p=71715"},"modified":"2017-08-31T09:36:58","modified_gmt":"2017-08-31T12:36:58","slug":"los-gremios-del-correo-argentino-se-declararon-en-alerta-por-un-plan-de-desguace-del-gobierno","status":"publish","type":"post","link":"https:\/\/www.elsindical.com.ar\/notas\/los-gremios-del-correo-argentino-se-declararon-en-alerta-por-un-plan-de-desguace-del-gobierno\/","title":{"rendered":"Los gremios del Correo Argentino se declararon en alerta por un \u201cplan de desguace\u201d del Gobierno"},"content":{"rendered":"<p><em>\u00a0 <a href=\"http:\/\/www.elsindical.com.ar\/notas\/var\/www\/html\/notas\/wp-content\/uploads\/2017\/03\/Mauricio-Macri-y-Correo-Argentino.jpg\"><img loading=\"lazy\" decoding=\"async\" class=\"alignnone size-medium wp-image-66279\" src=\"http:\/\/www.elsindical.com.ar\/notas\/var\/www\/html\/notas\/wp-content\/uploads\/2017\/03\/Mauricio-Macri-y-Correo-Argentino-300x185.jpg\" alt=\"\" width=\"300\" height=\"185\" srcset=\"https:\/\/www.elsindical.com.ar\/notas\/var\/www\/html\/notas\/wp-content\/uploads\/2017\/03\/Mauricio-Macri-y-Correo-Argentino-300x185.jpg 300w, https:\/\/www.elsindical.com.ar\/notas\/var\/www\/html\/notas\/wp-content\/uploads\/2017\/03\/Mauricio-Macri-y-Correo-Argentino-768x473.jpg 768w, https:\/\/www.elsindical.com.ar\/notas\/var\/www\/html\/notas\/wp-content\/uploads\/2017\/03\/Mauricio-Macri-y-Correo-Argentino-487x300.jpg 487w, https:\/\/www.elsindical.com.ar\/notas\/var\/www\/html\/notas\/wp-content\/uploads\/2017\/03\/Mauricio-Macri-y-Correo-Argentino.jpg 909w\" sizes=\"auto, (max-width: 300px) 100vw, 300px\" \/><\/a>El Gobierno planifica modificar la vida empresarial de los correos y as\u00ed continuar su corrida frente a os gremios. Los cuatro sindicatos que act\u00faan en la entidad de correos se declararon en estado de alerta y movilizaci\u00f3n.<\/em><\/p>\n<div class=\"cuerponota mb50\">\n<p>Los sindicatos que nuclean a los trabajadores del Correo Argentino denunciaron \u201cun plan de desguace de la instituci\u00f3n\u201d por lo que en las \u00faltimas horas se declararon en estado de alerta y movilizaci\u00f3n en la entidad de correos. La determinaci\u00f3n fue resuelta por los cuatro sindicatos actuantes en el rubro.<\/p>\n<p>Aatrac, Fejeproc, Foecyt y Foecop coincidieron en que existe una intenci\u00f3n del Gobierno de Cambiemos en avanzar la empresa y transformarla en un \u201cbasurero postal\u201d, ya que dos de las tareas m\u00e1s redituables del servicio postal quedar\u00edan para los privados: el e-commerce y su log\u00edstica, inform\u00f3 el sitio Conclusi\u00f3n.<\/p>\n<p>Por un lado, los gremios coinciden que deben \u201cadapt\u00e1ndose a las nuevas demandas de la evoluci\u00f3n tecnol\u00f3gica\u201d, e incluso muestran su acuerdo al \u201cPlan Estrat\u00e9gico\u201d que fue dise\u00f1ado por la conducci\u00f3n que desembarc\u00f3 con el gobierno de Cambiemos. Este plan, seg\u00fan los sindicalistas, pondr\u00e1 al Correo a tono con \u201clas formas de comprar, vender y relacionarse con todos los actores sociales\u201d. Pero a la vez, advierten sobre la existencia de un \u201ctopo\u201d que sea \u201cfuncional a los intereses de la competencia en la conducci\u00f3n operativa del Correo Oficial\u201d, el mismo ya tendr\u00eda nombre y apellido y es Gustavo Papini, hombre de Mario Quintana pero responde a Patricio Farcuh, titular de OCA.<\/p>\n<\/div>\n","protected":false},"excerpt":{"rendered":"<p>\u00a0 El Gobierno planifica modificar la vida empresarial de los correos y as\u00ed continuar su corrida frente a os gremios. Los cuatro sindicatos que act\u00faan en la entidad de correos se declararon en estado de alerta y movilizaci\u00f3n. Los sindicatos que nuclean a los trabajadores del Correo Argentino denunciaron \u201cun plan de desguace de la&hellip;<\/p>\n","protected":false},"author":1,"featured_media":0,"comment_status":"open","ping_status":"open","sticky":false,"template":"","format":"standard","meta":{"footnotes":""},"categories":[16],"tags":[21750,5059,21752,21753,21751,24379],"class_list":["post-71715","post","type-post","status-publish","format-standard","hentry","category-gremiales","tag-aatrac","tag-correo-argentino","tag-fejeproc","tag-foecop","tag-foecyt","tag-oca"],"_links":{"self":[{"href":"https:\/\/www.elsindical.com.ar\/notas\/wp-json\/wp\/v2\/posts\/71715","targetHints":{"allow":["GET"]}}],"collection":[{"href":"https:\/\/www.elsindical.com.ar\/notas\/wp-json\/wp\/v2\/posts"}],"about":[{"href":"https:\/\/www.elsindical.com.ar\/notas\/wp-json\/wp\/v2\/types\/post"}],"author":[{"embeddable":true,"href":"https:\/\/www.elsindical.com.ar\/notas\/wp-json\/wp\/v2\/users\/1"}],"replies":[{"embeddable":true,"href":"https:\/\/www.elsindical.com.ar\/notas\/wp-json\/wp\/v2\/comments?post=71715"}],"version-history":[{"count":1,"href":"https:\/\/www.elsindical.com.ar\/notas\/wp-json\/wp\/v2\/posts\/71715\/revisions"}],"predecessor-version":[{"id":71716,"href":"https:\/\/www.elsindical.com.ar\/notas\/wp-json\/wp\/v2\/posts\/71715\/revisions\/71716"}],"wp:attachment":[{"href":"https:\/\/www.elsindical.com.ar\/notas\/wp-json\/wp\/v2\/media?parent=71715"}],"wp:term":[{"taxonomy":"category","embeddable":true,"href":"https:\/\/www.elsindical.com.ar\/notas\/wp-json\/wp\/v2\/categories?post=71715"},{"taxonomy":"post_tag","embeddable":true,"href":"https:\/\/www.elsindical.com.ar\/notas\/wp-json\/wp\/v2\/tags?post=71715"}],"curies":[{"name":"wp","href":"https:\/\/api.w.org\/{rel}","templated":true}]}}