{"id":71621,"date":"2017-08-29T12:10:38","date_gmt":"2017-08-29T15:10:38","guid":{"rendered":"http:\/\/www.elsindical.com.ar\/notas\/?p=71621"},"modified":"2017-08-29T12:10:38","modified_gmt":"2017-08-29T15:10:38","slug":"anahi-fue-violada-mientras-estuvo-cautiva","status":"publish","type":"post","link":"https:\/\/www.elsindical.com.ar\/notas\/anahi-fue-violada-mientras-estuvo-cautiva\/","title":{"rendered":"Anah\u00ed fue violada mientras estuvo cautiva"},"content":{"rendered":"<p><em>\u00a0<a href=\"http:\/\/www.elsindical.com.ar\/notas\/var\/www\/html\/notas\/wp-content\/uploads\/2017\/08\/Anah\u00ed-Ben\u00edtez-2.jpg\"><img loading=\"lazy\" decoding=\"async\" class=\"alignnone size-medium wp-image-70847\" src=\"http:\/\/www.elsindical.com.ar\/notas\/var\/www\/html\/notas\/wp-content\/uploads\/2017\/08\/Anah\u00ed-Ben\u00edtez-2-300x158.jpg\" alt=\"\" width=\"300\" height=\"158\" srcset=\"https:\/\/www.elsindical.com.ar\/notas\/var\/www\/html\/notas\/wp-content\/uploads\/2017\/08\/Anah\u00ed-Ben\u00edtez-2-300x158.jpg 300w, https:\/\/www.elsindical.com.ar\/notas\/var\/www\/html\/notas\/wp-content\/uploads\/2017\/08\/Anah\u00ed-Ben\u00edtez-2-500x263.jpg 500w, https:\/\/www.elsindical.com.ar\/notas\/var\/www\/html\/notas\/wp-content\/uploads\/2017\/08\/Anah\u00ed-Ben\u00edtez-2.jpg 680w\" sizes=\"auto, (max-width: 300px) 100vw, 300px\" \/><\/a> La adolescente de 16 hallada enterrada y asesinada fue abusada seg\u00fan lo determin\u00f3 la fiscal de la causa. Si bien en la autopsia no se observaron lesiones compatibles con un ataque sexual, ordenaron realizar un an\u00e1lisis microsc\u00f3pico. En tanto, el detenido Marcos Baz\u00e1n volvi\u00f3 a declararse inocente en una nueva indagatoria.<\/em><\/p>\n<p><strong>Anah\u00ed Ben\u00edtez<\/strong>, la adolescente de 16 a\u00f1os encontrada enterrada y asesinada el 4 de de este mes en una reserva natural del partido bonaerense de Lomas de Zamora, fue abusada sexualmente mientras estuvo privada de su libertad, informaron fuentes judiciales.<\/p>\n<p>As\u00ed lo determin\u00f3 la fiscal de la causa, <strong>Ver\u00f3nica P\u00e9rez<\/strong>, al describir el hecho en la ampliaci\u00f3n de la indagatoria del detenido <strong>Marcos Esteban Baz\u00e1n<\/strong> (34), quien volvi\u00f3 a declararse inocente.<\/p>\n<p>Fuentes judiciales informaron\u00a0que la fiscal recibi\u00f3 en las \u00faltimas horas el resultado del hisopado anal practicado al cad\u00e1ver de Anah\u00ed y que detect\u00f3 rastros de <em>\u00abfosfatasa \u00e1cida prost\u00e1sica (semen)\u00bb<\/em> aptos para ser sometidos a un an\u00e1lisis gen\u00e9tico. Si bien en la autopsia no se observaron a nivel macrosc\u00f3pico lesiones compatibles con una violaci\u00f3n y ya ordenaron realizar un an\u00e1lisis microsc\u00f3pico, con el resultado del hisopado los pesquisas dieron por acreditado que la chica sufri\u00f3 <em>\u00abuna conducta contra su integridad sexual\u00bb<\/em>, indicaron los voceros.<\/p>\n<p>Seg\u00fan las fuentes judiciales, la fiscal\u00eda describi\u00f3 que Baz\u00e1n, <em>\u00abcoactuando con al menos una persona m\u00e1s\u00bb<\/em> priv\u00f3 de su libertad a Anah\u00ed en su casa de la Reserva Natural Santa Catalina, ubicada en la localidad de Llavallol, de Lomas de Zamora, <em>\u00abbajo amenazas o medios narc\u00f3ticos a determinar\u00bb<\/em> y que durante el cautiverio, por lo menos uno de los captores cometi\u00f3 un <em>\u00ababuso sexual con acceso carnal al menos una vez\u00bb<\/em>.<\/p>\n","protected":false},"excerpt":{"rendered":"<p>\u00a0 La adolescente de 16 hallada enterrada y asesinada fue abusada seg\u00fan lo determin\u00f3 la fiscal de la causa. Si bien en la autopsia no se observaron lesiones compatibles con un ataque sexual, ordenaron realizar un an\u00e1lisis microsc\u00f3pico. En tanto, el detenido Marcos Baz\u00e1n volvi\u00f3 a declararse inocente en una nueva indagatoria. Anah\u00ed Ben\u00edtez, la&hellip;<\/p>\n","protected":false},"author":1,"featured_media":0,"comment_status":"open","ping_status":"open","sticky":false,"template":"","format":"standard","meta":{"footnotes":""},"categories":[20],"tags":[26701,26970,744,26971],"class_list":["post-71621","post","type-post","status-publish","format-standard","hentry","category-judiciales","tag-anahi-benitez","tag-fiscal-veronica-perez","tag-lomas-de-zamora","tag-marcos-esteban-bazan"],"_links":{"self":[{"href":"https:\/\/www.elsindical.com.ar\/notas\/wp-json\/wp\/v2\/posts\/71621","targetHints":{"allow":["GET"]}}],"collection":[{"href":"https:\/\/www.elsindical.com.ar\/notas\/wp-json\/wp\/v2\/posts"}],"about":[{"href":"https:\/\/www.elsindical.com.ar\/notas\/wp-json\/wp\/v2\/types\/post"}],"author":[{"embeddable":true,"href":"https:\/\/www.elsindical.com.ar\/notas\/wp-json\/wp\/v2\/users\/1"}],"replies":[{"embeddable":true,"href":"https:\/\/www.elsindical.com.ar\/notas\/wp-json\/wp\/v2\/comments?post=71621"}],"version-history":[{"count":1,"href":"https:\/\/www.elsindical.com.ar\/notas\/wp-json\/wp\/v2\/posts\/71621\/revisions"}],"predecessor-version":[{"id":71622,"href":"https:\/\/www.elsindical.com.ar\/notas\/wp-json\/wp\/v2\/posts\/71621\/revisions\/71622"}],"wp:attachment":[{"href":"https:\/\/www.elsindical.com.ar\/notas\/wp-json\/wp\/v2\/media?parent=71621"}],"wp:term":[{"taxonomy":"category","embeddable":true,"href":"https:\/\/www.elsindical.com.ar\/notas\/wp-json\/wp\/v2\/categories?post=71621"},{"taxonomy":"post_tag","embeddable":true,"href":"https:\/\/www.elsindical.com.ar\/notas\/wp-json\/wp\/v2\/tags?post=71621"}],"curies":[{"name":"wp","href":"https:\/\/api.w.org\/{rel}","templated":true}]}}