{"id":7162,"date":"2010-06-08T21:55:37","date_gmt":"2010-06-09T00:55:37","guid":{"rendered":"http:\/\/www.elsindical.com.ar\/notas\/?p=7162"},"modified":"2010-06-08T21:55:37","modified_gmt":"2010-06-09T00:55:37","slug":"gustavo-cerati-grave-con-extenso-dano-cerebral-y-respiracion-asistida","status":"publish","type":"post","link":"https:\/\/www.elsindical.com.ar\/notas\/gustavo-cerati-grave-con-extenso-dano-cerebral-y-respiracion-asistida\/","title":{"rendered":"Gustavo Cerati, grave con \u00abextenso da\u00f1o cerebral\u00bb y respiraci\u00f3n asistida"},"content":{"rendered":"<p style=\"text-align: justify;\"><em><a href=\"http:\/\/www.elsindical.com.ar\/notas\/var\/www\/html\/notas\/wp-content\/uploads\/2010\/06\/Gustavo-Cerati-rostro.jpg\"><img loading=\"lazy\" decoding=\"async\" class=\"alignleft size-full wp-image-7163\" title=\"Gustavo-Cerati-rostro\" src=\"http:\/\/www.elsindical.com.ar\/notas\/var\/www\/html\/notas\/wp-content\/uploads\/2010\/06\/Gustavo-Cerati-rostro.jpg\" alt=\"\" width=\"255\" height=\"239\" \/><\/a>El m\u00fasico est\u00e1 recibiendo antibi\u00f3ticos debido a que presenta una infecci\u00f3n respiratoria, aunque est\u00e1 inconciente sin ninguna medicaci\u00f3n, y requiere asistencia respiratoria. El 16 de mayo cuando finalizaba un concierto en Caracas sufri\u00f3 un infarto cerebral por obstrucci\u00f3n de la arteria car\u00f3tida interna izquierda.<\/em><\/p>\n<p style=\"text-align: justify;\">El m\u00fasico argentino Gustavo Cerati presenta un \u00abextenso da\u00f1o cerebral\u00bb, se encuentra internado en terapia intensiva en el Intituto Fleni y respira con ayuda de un respirador artifical.<\/p>\n<p>La direcci\u00f3n del Instituto Fleni, donde el m\u00fasico se encuentra internado desde su regreso de venezuela, brind\u00f3 esta tarde el comunicado con el estado de salud de Cerati.<\/p>\n<p>El Fleni precis\u00f3 que los examenes medicos realizados a Cerati revelaron \u00abun extenso da\u00f1o cerebral en el hemisferio cerebral izquierdo y da\u00f1o del tronco cerebral secundario a hipertensi\u00f3n indocraneana.\u00bb.<\/p>\n<p>La tomograf\u00eda realizada al ex l\u00edder de Soda Stereo a su llegada de Caracas, revel\u00f3 que sufri\u00f3 \u00abun infarto extenso en el hemisferio cerebral izquierdo\u00bb.<\/p>\n<p>El m\u00fasico est\u00e1 recibiendo antibi\u00f3ticos debido a que presenta una infecci\u00f3n respiratoria, aunque est\u00e1 inconciente sin ninguna medicaci\u00f3n, y requiere asistencia respiratoria.<\/p>\n<p>Cerati fue internado ayer en el Fleni, uno de los m\u00e1s prestigiosos centros para tratamientos de inconvenientes cerebrovasculares, luego de un viaje de casi 8 horas desde Caracas.<\/p>\n<p>El 16 de mayo cuando finalizaba un concierto en Caracas, Cerati se desvaneci\u00f3 y cuando sus allegados pensaban que se trataba de un problema de presi\u00f3n, los m\u00e9dicos del sanatorio caraque\u00f1o La Trinidad, informaron que hab\u00eda sufrido un infarto cerebral por obstrucci\u00f3n de la arteria car\u00f3tida interna izquierda.<\/p>\n<p>Cuando Cerati despierte, realizar\u00e1 la rehabilitaci\u00f3n -siempre a largo plazo, seg\u00fan los m\u00e9dicos- en la sede de Escobar, donde tambi\u00e9n se encuentra el futbolista paraguayo Salvador Caba\u00f1as, baleado en la cabeza.<\/p>\n<p>A este centro tambi\u00e9n asiste otro rockero argentino, Gabriel Ruiz D\u00edaz, integrante de Catupecu Machu, que sufri\u00f3 graves lesiones debido a un accidente de tr\u00e1nsito que sufri\u00f3 en abril de 2006.<\/p>\n<p>En ambos casos, tanto Ruiz D\u00edaz como Caba\u00f1as, debieron aprender cuestiones propias de sus actividades espec\u00edficas como patear una pelota o tocar un instrumento.<\/p>\n<p>El Fleni anunci\u00f3 tambi\u00e9n que solo se brindar\u00e1n partes m\u00e9dicos cuando haya cambios en el estado de salud del rockero.<\/p>\n","protected":false},"excerpt":{"rendered":"<p>El m\u00fasico est\u00e1 recibiendo antibi\u00f3ticos debido a que presenta una infecci\u00f3n respiratoria, aunque est\u00e1 inconciente sin ninguna medicaci\u00f3n, y requiere asistencia respiratoria. El 16 de mayo cuando finalizaba un concierto en Caracas sufri\u00f3 un infarto cerebral por obstrucci\u00f3n de la arteria car\u00f3tida interna izquierda. El m\u00fasico argentino Gustavo Cerati presenta un \u00abextenso da\u00f1o cerebral\u00bb, se&hellip;<\/p>\n","protected":false},"author":1,"featured_media":0,"comment_status":"open","ping_status":"open","sticky":false,"template":"","format":"standard","meta":{"footnotes":""},"categories":[15],"tags":[639,3626,3430,22031],"class_list":["post-7162","post","type-post","status-publish","format-standard","hentry","category-espectaculos","tag-clinica","tag-fleni","tag-gustavo-cerati","tag-salud"],"_links":{"self":[{"href":"https:\/\/www.elsindical.com.ar\/notas\/wp-json\/wp\/v2\/posts\/7162","targetHints":{"allow":["GET"]}}],"collection":[{"href":"https:\/\/www.elsindical.com.ar\/notas\/wp-json\/wp\/v2\/posts"}],"about":[{"href":"https:\/\/www.elsindical.com.ar\/notas\/wp-json\/wp\/v2\/types\/post"}],"author":[{"embeddable":true,"href":"https:\/\/www.elsindical.com.ar\/notas\/wp-json\/wp\/v2\/users\/1"}],"replies":[{"embeddable":true,"href":"https:\/\/www.elsindical.com.ar\/notas\/wp-json\/wp\/v2\/comments?post=7162"}],"version-history":[{"count":2,"href":"https:\/\/www.elsindical.com.ar\/notas\/wp-json\/wp\/v2\/posts\/7162\/revisions"}],"predecessor-version":[{"id":7165,"href":"https:\/\/www.elsindical.com.ar\/notas\/wp-json\/wp\/v2\/posts\/7162\/revisions\/7165"}],"wp:attachment":[{"href":"https:\/\/www.elsindical.com.ar\/notas\/wp-json\/wp\/v2\/media?parent=7162"}],"wp:term":[{"taxonomy":"category","embeddable":true,"href":"https:\/\/www.elsindical.com.ar\/notas\/wp-json\/wp\/v2\/categories?post=7162"},{"taxonomy":"post_tag","embeddable":true,"href":"https:\/\/www.elsindical.com.ar\/notas\/wp-json\/wp\/v2\/tags?post=7162"}],"curies":[{"name":"wp","href":"https:\/\/api.w.org\/{rel}","templated":true}]}}