{"id":71593,"date":"2017-08-28T12:19:36","date_gmt":"2017-08-28T15:19:36","guid":{"rendered":"http:\/\/www.elsindical.com.ar\/notas\/?p=71593"},"modified":"2017-08-28T12:19:36","modified_gmt":"2017-08-28T15:19:36","slug":"productores-rurales-marcharon-en-reclamo-por-el-estado-de-los-caminos","status":"publish","type":"post","link":"https:\/\/www.elsindical.com.ar\/notas\/productores-rurales-marcharon-en-reclamo-por-el-estado-de-los-caminos\/","title":{"rendered":"Productores rurales marcharon en reclamo por el estado de los caminos"},"content":{"rendered":"<p class=\"bajada\"><em>\u00a0 <a href=\"http:\/\/www.elsindical.com.ar\/notas\/var\/www\/html\/notas\/wp-content\/uploads\/2017\/08\/productores-rurales-protesta-Olavarr\u00eda.jpg\"><img loading=\"lazy\" decoding=\"async\" class=\"alignnone size-medium wp-image-71594\" src=\"http:\/\/www.elsindical.com.ar\/notas\/var\/www\/html\/notas\/wp-content\/uploads\/2017\/08\/productores-rurales-protesta-Olavarr\u00eda-300x179.jpg\" alt=\"\" width=\"300\" height=\"179\" srcset=\"https:\/\/www.elsindical.com.ar\/notas\/var\/www\/html\/notas\/wp-content\/uploads\/2017\/08\/productores-rurales-protesta-Olavarr\u00eda-300x179.jpg 300w, https:\/\/www.elsindical.com.ar\/notas\/var\/www\/html\/notas\/wp-content\/uploads\/2017\/08\/productores-rurales-protesta-Olavarr\u00eda-500x298.jpg 500w, https:\/\/www.elsindical.com.ar\/notas\/var\/www\/html\/notas\/wp-content\/uploads\/2017\/08\/productores-rurales-protesta-Olavarr\u00eda.jpg 620w\" sizes=\"auto, (max-width: 300px) 100vw, 300px\" \/><\/a>Se realiz\u00f3 este s\u00e1bado en el centro c\u00edvico de la ciudad de Bol\u00edvar, una marcha convocada por la Comisi\u00f3n Vial en reclamo por el mal estado de los caminos rurales y los consecuentes perjuicios que ello ocasiona a los productores agropecuarios.<\/em><\/p>\n<p>Unos doscientos productores rurales de Bol\u00edvar marcharon este s\u00e1bado desde la explanada de la estaci\u00f3n de ferrocarril el Palacio Municipal del distrito.<\/p>\n<p>Tras el arribo al Centro C\u00edvico, donde otros productores y vecinos adherentes a su reclamo se sumaron a los marchantes, se hizo circular el petitorio y planillas para firmar la adhesi\u00f3n al mismo. Luego, el propio M\u00f3naco lo ley\u00f3 ante los presentes y recibi\u00f3 el aplauso de la concurrencia.<\/p>\n<p>Mientras se deliberaba para decidir qui\u00e9nes ingresar\u00edan al Palacio Municipal a entregar el texto con el pedido del grupo, el propio intendente Eduardo Bucca sali\u00f3 a la vereda a recibirlos. Y contra todo lo que pudiera suponerse, aprobaron el gesto con un aplauso al candidato a diputado nacional por el randazzismo.<\/p>\n<p>El productor Fernando M\u00f3naco, que lideraba la protesta, fue quien le entreg\u00f3 el petitorio: \u201cTe quer\u00edamos entregar un petitorio, con una serie de firmas. Y repito lo que ya he dicho: si te calz\u00e1s las botas de goma, nos alineamos detr\u00e1s tuyo\u00bb, le dijo a al jefe comunal a\u00fan sorprendido por el aplauso.<\/p>\n<p>Seg\u00fan consigna La Ma\u00f1ana, M\u00f3naco sostuvo ante Bali Bucca que \u201cTenemos que hacer borr\u00f3n y cuenta nueva. Te pido disculpas por alg\u00fan exabrupto, te lo pido p\u00fablicamente, no soy f\u00e1cil para hablar. Pero arranquemos, veamos qu\u00e9 plata tenemos, con qu\u00e9 maquinaria contamos; ac\u00e1 hay que hacer un balance de lo que tenemos, hacer una planificaci\u00f3n para poder trabajar\u201d.<\/p>\n<p>El productor continu\u00f3 expres\u00e1ndole al candidato de Cumplir que \u201cen la medida que vos te pongas al frente, esto se va a destrabar. La llave del candado la ten\u00e9s vos\u201d, y agreg\u00f3: \u201cte pedimos que si consider\u00e1s que hay alguna persona que no est\u00e1 capacitada para desarrollar su trabajo, que reciba la capacitaci\u00f3n necesaria\u201d.<\/p>\n<p>Bali respondi\u00f3 afirmativamente al pedido y los invit\u00f3 a reunirse el pr\u00f3ximo lunes. \u201cRecibo el petitorio, lo voy a leer atentamente y los convoco para empezar a trabajar. Me comprometo a ponerme al frente de la situaci\u00f3n, vamos a trabajar duro y parejo para poder reconvertir el tema. Voy a poner toda la voluntad, la escucha, reconociendo todos los errores que podamos haber cometido y pido disculpas por los mismos. Les pido que de aqu\u00ed en adelante hagamos un trabajo de ida y vuelta, y que compartamos, m\u00e1s all\u00e1 de los debates y las discusiones que podamos tener, intereses para poder salir de esta situaci\u00f3n\u201d, sostuvo el Jefe Comunal.<\/p>\n","protected":false},"excerpt":{"rendered":"<p>\u00a0 Se realiz\u00f3 este s\u00e1bado en el centro c\u00edvico de la ciudad de Bol\u00edvar, una marcha convocada por la Comisi\u00f3n Vial en reclamo por el mal estado de los caminos rurales y los consecuentes perjuicios que ello ocasiona a los productores agropecuarios. Unos doscientos productores rurales de Bol\u00edvar marcharon este s\u00e1bado desde la explanada de&hellip;<\/p>\n","protected":false},"author":1,"featured_media":0,"comment_status":"open","ping_status":"open","sticky":false,"template":"","format":"standard","meta":{"footnotes":""},"categories":[25],"tags":[8795,26960,1679,26959,292],"class_list":["post-71593","post","type-post","status-publish","format-standard","hentry","category-sociedad","tag-bolivar","tag-estado-rutas","tag-olavarria","tag-productores-rurales","tag-protesta"],"_links":{"self":[{"href":"https:\/\/www.elsindical.com.ar\/notas\/wp-json\/wp\/v2\/posts\/71593","targetHints":{"allow":["GET"]}}],"collection":[{"href":"https:\/\/www.elsindical.com.ar\/notas\/wp-json\/wp\/v2\/posts"}],"about":[{"href":"https:\/\/www.elsindical.com.ar\/notas\/wp-json\/wp\/v2\/types\/post"}],"author":[{"embeddable":true,"href":"https:\/\/www.elsindical.com.ar\/notas\/wp-json\/wp\/v2\/users\/1"}],"replies":[{"embeddable":true,"href":"https:\/\/www.elsindical.com.ar\/notas\/wp-json\/wp\/v2\/comments?post=71593"}],"version-history":[{"count":1,"href":"https:\/\/www.elsindical.com.ar\/notas\/wp-json\/wp\/v2\/posts\/71593\/revisions"}],"predecessor-version":[{"id":71595,"href":"https:\/\/www.elsindical.com.ar\/notas\/wp-json\/wp\/v2\/posts\/71593\/revisions\/71595"}],"wp:attachment":[{"href":"https:\/\/www.elsindical.com.ar\/notas\/wp-json\/wp\/v2\/media?parent=71593"}],"wp:term":[{"taxonomy":"category","embeddable":true,"href":"https:\/\/www.elsindical.com.ar\/notas\/wp-json\/wp\/v2\/categories?post=71593"},{"taxonomy":"post_tag","embeddable":true,"href":"https:\/\/www.elsindical.com.ar\/notas\/wp-json\/wp\/v2\/tags?post=71593"}],"curies":[{"name":"wp","href":"https:\/\/api.w.org\/{rel}","templated":true}]}}