{"id":71518,"date":"2017-08-25T00:52:07","date_gmt":"2017-08-25T03:52:07","guid":{"rendered":"http:\/\/www.elsindical.com.ar\/notas\/?p=71518"},"modified":"2017-08-25T00:52:07","modified_gmt":"2017-08-25T03:52:07","slug":"lanus-buscan-a-indigente-psiquiatrica","status":"publish","type":"post","link":"https:\/\/www.elsindical.com.ar\/notas\/lanus-buscan-a-indigente-psiquiatrica\/","title":{"rendered":"Lan\u00fas: Buscan a indigente psiqui\u00e1trica"},"content":{"rendered":"<p><em>\u00a0 <a href=\"http:\/\/www.elsindical.com.ar\/notas\/var\/www\/html\/notas\/wp-content\/uploads\/2017\/08\/indigente-de-Lan\u00fas-desaparecida.jpg\"><img loading=\"lazy\" decoding=\"async\" class=\"alignnone size-medium wp-image-71519\" src=\"http:\/\/www.elsindical.com.ar\/notas\/var\/www\/html\/notas\/wp-content\/uploads\/2017\/08\/indigente-de-Lan\u00fas-desaparecida-300x188.jpg\" alt=\"\" width=\"300\" height=\"188\" srcset=\"https:\/\/www.elsindical.com.ar\/notas\/var\/www\/html\/notas\/wp-content\/uploads\/2017\/08\/indigente-de-Lan\u00fas-desaparecida-300x188.jpg 300w, https:\/\/www.elsindical.com.ar\/notas\/var\/www\/html\/notas\/wp-content\/uploads\/2017\/08\/indigente-de-Lan\u00fas-desaparecida-480x300.jpg 480w, https:\/\/www.elsindical.com.ar\/notas\/var\/www\/html\/notas\/wp-content\/uploads\/2017\/08\/indigente-de-Lan\u00fas-desaparecida.jpg 640w\" sizes=\"auto, (max-width: 300px) 100vw, 300px\" \/><\/a>Se hallaba en situaci\u00f3n de calle y no se sabe nada de ella desde el 24 de mayo. ONG\u2019s como Fundaci\u00f3n S\u00ed, Sopa de Letras y De Ra\u00edz encaran una campa\u00f1a de difusi\u00f3n para dar con su paradero.<\/em><\/p>\n<p>Hoy hace tres meses que nadie sabe nada de \u201cNono\u201d, como la apodaban en el barrio. Otros la llamaban \u201cCaramelito\u201d. Lo cierto es que desde el 24 de mayo se desconoce su paredero. Es por eso que organizaciones sociales como Fundaci\u00f3n S\u00ed, Sopa de Letras y De Ra\u00edz encaran una campa\u00f1a de difusi\u00f3n para encontrarla, luego de una b\u00fasqueda infructuosa por todos los hospitales de la zona.<\/p>\n<p>Es que la mujer, de aparentes 35 a\u00f1os, sufre un desequilibrio mental que le impide comunicarse. Adem\u00e1s, otras personas que se encuentran en situaci\u00f3n de calle como ella aseguran que la \u00faltima vez que la vieron \u201cera subida a una ambulancia por dos personas con guardapolvo blanco\u201d.<\/p>\n<p>Aunque esto \u00faltimo no se pudo confirmar, desde las organizaciones aseguran que han consultado al hospital Estevez de Temperley, al Melo de Escalada, al Korn de La Plata y al servicio de ambulancias de Lan\u00fas, pero sin obtener respuesta positiva.<\/p>\n<p>A \u201cNono\u201d la conoc\u00edan de las recorridas nocturnas que realizan por Lan\u00fas desde 2013. En el itinerario suelen recorrer la zona del Hospital Evita, donde comenzaron a interactuar con ella tres a\u00f1os m\u00e1s tarde.<\/p>\n<p>\u201cDesde mediados de 2016 comenzamos a entablar relaci\u00f3n con \u201cNono\u201d, que se encontraba en la sala de espera de la guardia de dicho hospital. Ella se encontraba all\u00ed porque su madre hab\u00eda sido internada en el hospital. A los dos meses de la internaci\u00f3n, su madre falleci\u00f3 sin que el hospital pueda recabar datos de ninguna por ser pacientes inabordables, sin comunicaci\u00f3n\u201d, resaltan desde las ONG.<\/p>\n<p>Tambi\u00e9n cuentan que, debido a su estado de salud mental y tambi\u00e9n f\u00edsico, \u201cya que com\u00eda s\u00f3lo lo que le daban o directamente de la basura\u201d, se estaban gestionando su ingreso como paciente a la guardia del Evita. Es que, adem\u00e1s, por decisi\u00f3n del \u00e1rea de seguridad ya no pod\u00eda permanecer m\u00e1s en la sala de espera.<\/p>\n<p>Es por ese motivo que \u201cNono\u201d comenz\u00f3 a habitar en los alrededores del Evita, especialmente la esquina de la farmacia ubicada enfrente de la entrada del hospital, en R\u00edo de Janeiro al 1900.<\/p>\n<p>\u201cAll\u00ed seguimos manteniendo peri\u00f3dicamente la relaci\u00f3n con ella y es donde se la vio por \u00faltima vez el mi\u00e9rcoles 24 de mayo a las 18 horas\u201d, apuntan en un comunicado Fundaci\u00f3n Si, Sopa de Letras y Fundaci\u00f3n Club Lan\u00fas.<\/p>\n<p>A 15 d\u00edas de no saber nada de ella, colaboradoras de \u201cSopa de Letras\u201d se acercaron al municipio de Lan\u00fas para hablar con el Secretario de Desarrollo Social, Emiliano Bursese, quien las contact\u00f3 con Nora, a cargo del \u201cOperativo Fr\u00edo\u201d de la Comuna. \u201cManifest\u00f3 que la conoc\u00eda y tambi\u00e9n se hab\u00eda enterado de su desaparici\u00f3n, puesto que cuando iban con el operativo para asistir a la gente, ya no la ve\u00edan en ese lugar, ni en ning\u00fan otro\u201d, apuntaron<\/p>\n<p>Al momento de la desaparici\u00f3n, \u201cNono\u201d se encontraba vestida con gorro, campera negra y pantal\u00f3n violeta. Tiene una estatura de 1,60 aproximadamente y alrededor de 35 a\u00f1os. Es morocha, de tez morena y sin dicci\u00f3n clara para expresarse, de pocas palabras o ninguna, retra\u00edda, t\u00edmida, con poca agilidad en sus movimientos y falta de higiene personal.<\/p>\n<p>Desde las organizaciones destacan que todos los que tuvieron contacto con ella (vecinos y voluntarios) coinciden en que \u201cno ten\u00eda capacidades para moverse aut\u00f3nomamente\u201d. \u201cElla no sol\u00eda deambular m\u00e1s all\u00e1 que desde la sala de espera o la esquina a los negocios de la zona para conseguir agua o algo similar. Subsist\u00eda mediante lo que le dejaban, le compart\u00edan las compa\u00f1\u00edas o lo que extra\u00eda de la basura\u201d, aseguran.<\/p>\n","protected":false},"excerpt":{"rendered":"<p>\u00a0 Se hallaba en situaci\u00f3n de calle y no se sabe nada de ella desde el 24 de mayo. ONG\u2019s como Fundaci\u00f3n S\u00ed, Sopa de Letras y De Ra\u00edz encaran una campa\u00f1a de difusi\u00f3n para dar con su paradero. Hoy hace tres meses que nadie sabe nada de \u201cNono\u201d, como la apodaban en el barrio.&hellip;<\/p>\n","protected":false},"author":1,"featured_media":0,"comment_status":"open","ping_status":"open","sticky":false,"template":"","format":"standard","meta":{"footnotes":""},"categories":[26],"tags":[2498,209,26934],"class_list":["post-71518","post","type-post","status-publish","format-standard","hentry","category-solidaridad","tag-indigente","tag-lanus","tag-psquiatrica"],"_links":{"self":[{"href":"https:\/\/www.elsindical.com.ar\/notas\/wp-json\/wp\/v2\/posts\/71518","targetHints":{"allow":["GET"]}}],"collection":[{"href":"https:\/\/www.elsindical.com.ar\/notas\/wp-json\/wp\/v2\/posts"}],"about":[{"href":"https:\/\/www.elsindical.com.ar\/notas\/wp-json\/wp\/v2\/types\/post"}],"author":[{"embeddable":true,"href":"https:\/\/www.elsindical.com.ar\/notas\/wp-json\/wp\/v2\/users\/1"}],"replies":[{"embeddable":true,"href":"https:\/\/www.elsindical.com.ar\/notas\/wp-json\/wp\/v2\/comments?post=71518"}],"version-history":[{"count":1,"href":"https:\/\/www.elsindical.com.ar\/notas\/wp-json\/wp\/v2\/posts\/71518\/revisions"}],"predecessor-version":[{"id":71520,"href":"https:\/\/www.elsindical.com.ar\/notas\/wp-json\/wp\/v2\/posts\/71518\/revisions\/71520"}],"wp:attachment":[{"href":"https:\/\/www.elsindical.com.ar\/notas\/wp-json\/wp\/v2\/media?parent=71518"}],"wp:term":[{"taxonomy":"category","embeddable":true,"href":"https:\/\/www.elsindical.com.ar\/notas\/wp-json\/wp\/v2\/categories?post=71518"},{"taxonomy":"post_tag","embeddable":true,"href":"https:\/\/www.elsindical.com.ar\/notas\/wp-json\/wp\/v2\/tags?post=71518"}],"curies":[{"name":"wp","href":"https:\/\/api.w.org\/{rel}","templated":true}]}}