{"id":71498,"date":"2017-08-24T19:05:08","date_gmt":"2017-08-24T22:05:08","guid":{"rendered":"http:\/\/www.elsindical.com.ar\/notas\/?p=71498"},"modified":"2017-08-24T19:05:08","modified_gmt":"2017-08-24T22:05:08","slug":"liberaron-molinetes-en-la-linea-c-para-protestar-por-la-falta-de-seguridad","status":"publish","type":"post","link":"https:\/\/www.elsindical.com.ar\/notas\/liberaron-molinetes-en-la-linea-c-para-protestar-por-la-falta-de-seguridad\/","title":{"rendered":"Liberaron molinetes en la L\u00ednea C para protestar por la falta de seguridad"},"content":{"rendered":"<div id=\"copete\">\n<p><em>\u00a0 <a href=\"http:\/\/www.elsindical.com.ar\/notas\/var\/www\/html\/notas\/wp-content\/uploads\/2017\/08\/subte-l\u00ednea-C.jpg\"><img loading=\"lazy\" decoding=\"async\" class=\"alignnone size-medium wp-image-71499\" src=\"http:\/\/www.elsindical.com.ar\/notas\/var\/www\/html\/notas\/wp-content\/uploads\/2017\/08\/subte-l\u00ednea-C-300x158.jpg\" alt=\"\" width=\"300\" height=\"158\" srcset=\"https:\/\/www.elsindical.com.ar\/notas\/var\/www\/html\/notas\/wp-content\/uploads\/2017\/08\/subte-l\u00ednea-C-300x158.jpg 300w, https:\/\/www.elsindical.com.ar\/notas\/var\/www\/html\/notas\/wp-content\/uploads\/2017\/08\/subte-l\u00ednea-C-500x264.jpg 500w, https:\/\/www.elsindical.com.ar\/notas\/var\/www\/html\/notas\/wp-content\/uploads\/2017\/08\/subte-l\u00ednea-C.jpg 644w\" sizes=\"auto, (max-width: 300px) 100vw, 300px\" \/><\/a>Los trabajadores de la l\u00ednea C de subterr\u00e1neos liberaron esta ma\u00f1ana desde las 5 los molinetes de la estaci\u00f3n cabecera de Constituci\u00f3n como medida de protesta por las \u201cprecarias condiciones de seguridad e higiene\u201d.<\/em><\/p>\n<div id=\"contenido_nota\">\n<p>La medida que se cumpli\u00f3 desde las 5 y hasta las 10 fue dispuesta por \u201clos diversos riesgos a los que se exponen los trabajadores\u201d, seg\u00fan confirm\u00f3 a radio La Red el delegado N\u00e9stor Piris.<\/p>\n<p>\u201cEste reclamo a la empresa Metrov\u00edas y al Gobierno de la Ciudad no solo abarca la seguridad e higiene del trabajador sino tambi\u00e9n del usuario porque incluye a las formaciones que no se encuentran en buen estado y trae incidentes como el de ayer que por suerte no produjo v\u00edctimas\u201d, sostuvo Piris al referirse a inconvenientes t\u00e9cnicos que generaron la interrupci\u00f3n del servicio ayer por la ma\u00f1ana.<\/p>\n<p>La lista de reclamos por las condiciones laborales incluye cables expuestos, instalaciones precarias, filtraciones sobre materiales el\u00e9ctricos, mobiliarios deficientes, entre otros que se detallan en un comunicado.<\/p>\n<p>Seg\u00fan el metrodelegado, tras la evaluaci\u00f3n que realizar\u00e1n al mediod\u00eda, la medida podr\u00eda repetirse por la tarde.<\/p>\n<\/div>\n<\/div>\n","protected":false},"excerpt":{"rendered":"<p>\u00a0 Los trabajadores de la l\u00ednea C de subterr\u00e1neos liberaron esta ma\u00f1ana desde las 5 los molinetes de la estaci\u00f3n cabecera de Constituci\u00f3n como medida de protesta por las \u201cprecarias condiciones de seguridad e higiene\u201d. La medida que se cumpli\u00f3 desde las 5 y hasta las 10 fue dispuesta por \u201clos diversos riesgos a los&hellip;<\/p>\n","protected":false},"author":1,"featured_media":0,"comment_status":"open","ping_status":"open","sticky":false,"template":"","format":"standard","meta":{"footnotes":""},"categories":[16],"tags":[2052,350,4211],"class_list":["post-71498","post","type-post","status-publish","format-standard","hentry","category-gremiales","tag-linea-c","tag-metrovias","tag-molinetes"],"_links":{"self":[{"href":"https:\/\/www.elsindical.com.ar\/notas\/wp-json\/wp\/v2\/posts\/71498","targetHints":{"allow":["GET"]}}],"collection":[{"href":"https:\/\/www.elsindical.com.ar\/notas\/wp-json\/wp\/v2\/posts"}],"about":[{"href":"https:\/\/www.elsindical.com.ar\/notas\/wp-json\/wp\/v2\/types\/post"}],"author":[{"embeddable":true,"href":"https:\/\/www.elsindical.com.ar\/notas\/wp-json\/wp\/v2\/users\/1"}],"replies":[{"embeddable":true,"href":"https:\/\/www.elsindical.com.ar\/notas\/wp-json\/wp\/v2\/comments?post=71498"}],"version-history":[{"count":1,"href":"https:\/\/www.elsindical.com.ar\/notas\/wp-json\/wp\/v2\/posts\/71498\/revisions"}],"predecessor-version":[{"id":71500,"href":"https:\/\/www.elsindical.com.ar\/notas\/wp-json\/wp\/v2\/posts\/71498\/revisions\/71500"}],"wp:attachment":[{"href":"https:\/\/www.elsindical.com.ar\/notas\/wp-json\/wp\/v2\/media?parent=71498"}],"wp:term":[{"taxonomy":"category","embeddable":true,"href":"https:\/\/www.elsindical.com.ar\/notas\/wp-json\/wp\/v2\/categories?post=71498"},{"taxonomy":"post_tag","embeddable":true,"href":"https:\/\/www.elsindical.com.ar\/notas\/wp-json\/wp\/v2\/tags?post=71498"}],"curies":[{"name":"wp","href":"https:\/\/api.w.org\/{rel}","templated":true}]}}