{"id":7145,"date":"2010-06-08T00:38:37","date_gmt":"2010-06-08T03:38:37","guid":{"rendered":"http:\/\/www.elsindical.com.ar\/notas\/?p=7145"},"modified":"2010-06-08T00:38:37","modified_gmt":"2010-06-08T03:38:37","slug":"murio-el-dt-jorge-ginarte","status":"publish","type":"post","link":"https:\/\/www.elsindical.com.ar\/notas\/murio-el-dt-jorge-ginarte\/","title":{"rendered":"Muri\u00f3 el DT Jorge Ginarte"},"content":{"rendered":"<p style=\"text-align: justify;\"><em><a href=\"http:\/\/www.elsindical.com.ar\/notas\/var\/www\/html\/notas\/wp-content\/uploads\/2010\/06\/Jorge-Ginarte.jpg\"><img loading=\"lazy\" decoding=\"async\" class=\"alignleft size-full wp-image-7146\" title=\"Jorge-Ginarte\" src=\"http:\/\/www.elsindical.com.ar\/notas\/var\/www\/html\/notas\/wp-content\/uploads\/2010\/06\/Jorge-Ginarte.jpg\" alt=\"\" width=\"198\" height=\"159\" \/><\/a>El experimentado entrenador Jorge Ginarte, quien desarroll\u00f3 la mayor parte de su carrera en clubes del ascenso, falleci\u00f3 como consecuencia de una larga enfermedad.<\/em><\/p>\n<p style=\"text-align: justify;\">Ginarte, de 70 a\u00f1os, estaba internado desde hac\u00eda varios d\u00edas en una cl\u00ednica de la localidad bonaerense de Lomas de Zamora. Su \u00faltimo equipo fue Sarmiento de Jun\u00edn, aunque tambi\u00e9n pas\u00f3 por varios clubes sure\u00f1os, como Los Andes, Temperley y Talleres, aunque dirigi\u00f3 adem\u00e1s a Belgrano de C\u00f3rdoba, Tigre y Chacarita,entre otros.<\/p>\n<p>Hace diez a\u00f1os condujo a Los Andes cuando el equipo de Lomas logr\u00f3 un sorpresivo ascenso a primera divisi\u00f3n.<\/p>\n<p>Durante su etapa como futbolista, en la d\u00e9cada del 60, actu\u00f3 en Los Andes y tambi\u00e9n en Hurac\u00e1n: totaliz\u00f3 221 partidos y anot\u00f3 un solo gol.<\/p>\n","protected":false},"excerpt":{"rendered":"<p>El experimentado entrenador Jorge Ginarte, quien desarroll\u00f3 la mayor parte de su carrera en clubes del ascenso, falleci\u00f3 como consecuencia de una larga enfermedad. Ginarte, de 70 a\u00f1os, estaba internado desde hac\u00eda varios d\u00edas en una cl\u00ednica de la localidad bonaerense de Lomas de Zamora. Su \u00faltimo equipo fue Sarmiento de Jun\u00edn, aunque tambi\u00e9n pas\u00f3&hellip;<\/p>\n","protected":false},"author":1,"featured_media":0,"comment_status":"open","ping_status":"open","sticky":false,"template":"","format":"standard","meta":{"footnotes":""},"categories":[7],"tags":[3617,3618,3616,483,3615],"class_list":["post-7145","post","type-post","status-publish","format-standard","hentry","category-deportes","tag-carrera","tag-clubes","tag-director-tecnico","tag-enfermedad","tag-jorge-ginarte"],"_links":{"self":[{"href":"https:\/\/www.elsindical.com.ar\/notas\/wp-json\/wp\/v2\/posts\/7145","targetHints":{"allow":["GET"]}}],"collection":[{"href":"https:\/\/www.elsindical.com.ar\/notas\/wp-json\/wp\/v2\/posts"}],"about":[{"href":"https:\/\/www.elsindical.com.ar\/notas\/wp-json\/wp\/v2\/types\/post"}],"author":[{"embeddable":true,"href":"https:\/\/www.elsindical.com.ar\/notas\/wp-json\/wp\/v2\/users\/1"}],"replies":[{"embeddable":true,"href":"https:\/\/www.elsindical.com.ar\/notas\/wp-json\/wp\/v2\/comments?post=7145"}],"version-history":[{"count":1,"href":"https:\/\/www.elsindical.com.ar\/notas\/wp-json\/wp\/v2\/posts\/7145\/revisions"}],"predecessor-version":[{"id":7147,"href":"https:\/\/www.elsindical.com.ar\/notas\/wp-json\/wp\/v2\/posts\/7145\/revisions\/7147"}],"wp:attachment":[{"href":"https:\/\/www.elsindical.com.ar\/notas\/wp-json\/wp\/v2\/media?parent=7145"}],"wp:term":[{"taxonomy":"category","embeddable":true,"href":"https:\/\/www.elsindical.com.ar\/notas\/wp-json\/wp\/v2\/categories?post=7145"},{"taxonomy":"post_tag","embeddable":true,"href":"https:\/\/www.elsindical.com.ar\/notas\/wp-json\/wp\/v2\/tags?post=7145"}],"curies":[{"name":"wp","href":"https:\/\/api.w.org\/{rel}","templated":true}]}}