{"id":7136,"date":"2010-06-08T00:10:24","date_gmt":"2010-06-08T03:10:24","guid":{"rendered":"http:\/\/www.elsindical.com.ar\/notas\/?p=7136"},"modified":"2010-06-08T00:10:24","modified_gmt":"2010-06-08T03:10:24","slug":"efemerides-del-dia-8-de-junio","status":"publish","type":"post","link":"https:\/\/www.elsindical.com.ar\/notas\/efemerides-del-dia-8-de-junio\/","title":{"rendered":"EFEM\u00c9RIDES: DEL D\u00cdA 8 DE JUNIO"},"content":{"rendered":"<p style=\"text-align: justify;\"><a href=\"http:\/\/www.elsindical.com.ar\/notas\/var\/www\/html\/notas\/wp-content\/uploads\/2010\/06\/Mahoma.jpg\"><img loading=\"lazy\" decoding=\"async\" class=\"alignleft size-full wp-image-7137\" title=\"Mahoma\" src=\"http:\/\/www.elsindical.com.ar\/notas\/var\/www\/html\/notas\/wp-content\/uploads\/2010\/06\/Mahoma.jpg\" alt=\"\" width=\"198\" height=\"193\" \/><\/a>En un 8 de junio, pero del a\u00f1o 632, fallece Mahoma, fundador y profeta del Islam.<\/p>\n<p style=\"text-align: justify;\">1692- Mot\u00edn popular en la ciudad de M\u00e9xico, al grito de \u00abViva el Rey y muera el mal gobierno\u00bb. Incendiados varios edificios p\u00fablicos de la ciudad.<\/p>\n<p style=\"text-align: justify;\">1805- Nace Salustiano Ol\u00f3zaga, pol\u00edtico espa\u00f1ol.<\/p>\n<p style=\"text-align: justify;\">1807- En el marco de la guerra napole\u00f3nica, una expedici\u00f3n brit\u00e1nica, al mando del general Packenham, que hab\u00eda desembarcado en las costas argentinas, derrota a las fuerzas espa\u00f1olas y marcha sobre Buenos Aires.<\/p>\n<p style=\"text-align: justify;\">1810- Nace Robert Schumann, compositor alem\u00e1n.<\/p>\n<p style=\"text-align: justify;\">1867- Fusilado en M\u00e9xico Santiago Vidaurri, que fuera due\u00f1o absoluto de los Estados de Coahuila y Nuevo Le\u00f3n.<\/p>\n<p style=\"text-align: justify;\">&#8211; Nace Frank Lloyd Wright, arquitecto estadounidense.<\/p>\n<p style=\"text-align: justify;\">1868- Primer ensayo para la utilizaci\u00f3n del petr\u00f3leo en la navegaci\u00f3n a vapor en el r\u00edo Sena con el barco \u00abLe Puebla\u00bb.<\/p>\n<p style=\"text-align: justify;\">1873- Nace Jos\u00e9 Mart\u00ednez Ruiz, \u00abAzor\u00edn\u00bb, escritor espa\u00f1ol.<\/p>\n<p style=\"text-align: justify;\">1876- Fallece Aurore Dupin, \u00abGeorge Sand\u00bb, novelista francesa.<\/p>\n<p style=\"text-align: justify;\">1882- Construcci\u00f3n del primer t\u00fanel de la Rep\u00fablica Argentina, en la prolongaci\u00f3n del ferrocarril de Tucum\u00e1n a Jujuy.<\/p>\n<p style=\"text-align: justify;\">1895- Nace Santiago Bernabeu, presidente del Real Madrid.<\/p>\n<p style=\"text-align: justify;\">1903- Nace Marguerite Yourcenar (Marguerite Crayencour), escritora francesa.<\/p>\n<p style=\"text-align: justify;\">1916- Nace Francis Crick, bioqu\u00edmico brit\u00e1nico y P. Nobel en 1962.<\/p>\n<p style=\"text-align: justify;\">1917- Primera Guerra Mundial: Un cuerpo expedicionario estadounidense, al mando del general Pershing, desembarca en Liverpool.<\/p>\n<p style=\"text-align: justify;\">1921- Nace Mohamed Suharto, militar y pol\u00edtico indonesio.<\/p>\n<p style=\"text-align: justify;\">1924- La Orquesta Filarm\u00f3nica de La Habana da su primer concierto en el Teatro Nacional de la capital de Cuba.<\/p>\n<p style=\"text-align: justify;\">1927- Nace Guillermo Luca de Tena, periodista y empresario de prensa espa\u00f1ol.<\/p>\n<p style=\"text-align: justify;\">1928- Nace Gustavo Guti\u00e9rrez, sacerdote peruano, fundador del movimiento de la \u00abteolog\u00eda de la liberaci\u00f3n\u00bb.<\/p>\n<p style=\"text-align: justify;\">&#8211; Inaugurada en Ginebra la Conferencia Internacional del Trabajo.<\/p>\n<p style=\"text-align: justify;\">&#8211; El general Chiang Kai-shek ocupa Pek\u00edn y se asegura el control militar de China.<\/p>\n<p style=\"text-align: justify;\">1930- La Asamblea Nacional de Ruman\u00eda proclama Rey al pr\u00edncipe Carlos.<\/p>\n<p style=\"text-align: justify;\">1936- Nace Kenneth Wilson, investigador estadounidense y P.<\/p>\n<p style=\"text-align: justify;\">Nobel de F\u00edsica en 1982.<\/p>\n<p style=\"text-align: justify;\">1940- Aprobada una nueva Constituci\u00f3n en Cuba, en la que se establece que el presidente sea elegido por sufragio y por un periodo de cuatro a\u00f1os.<\/p>\n<p style=\"text-align: justify;\">1941- II Guerra mundial: tropas francesas y brit\u00e1nicas invaden Siria.<\/p>\n<p style=\"text-align: justify;\">1943- Fallece Guillermo Valencia, poeta y pol\u00edtico colombiano.<\/p>\n<p style=\"text-align: justify;\">1946- El nacionalista Ahmed Sukarno convoca a la resistencia en Indonesia.<\/p>\n<p style=\"text-align: justify;\">1948- El pintor franc\u00e9s Georges Braque, Gran Premio de la Bienal de Venecia.<\/p>\n<p style=\"text-align: justify;\">1950- Tropas norcoreanas cruzan el paralelo 38, la frontera impuesta por los aliados en la conferencia de Yalta, e invaden el territorio de Corea del Sur, con lo que comienza la guerra de Corea.<\/p>\n<p style=\"text-align: justify;\">&#8211; Nace Pedro Miguel Echenique, f\u00edsico espa\u00f1ol, Premio Pr\u00edncipe de Asturias de Investigaci\u00f3n en 1998.<\/p>\n<p style=\"text-align: justify;\">1955- Nace Tim Berners-Lee, investigador brit\u00e1nico, creador de la World Wide Web (WWW), convencional modelo europeo de acceso a la informaci\u00f3n de Internet.<\/p>\n<p style=\"text-align: justify;\">-Nace Jos\u00e9 Antonio Camacho, ex futbolista y ex seleccionador espa\u00f1ol.<\/p>\n<p style=\"text-align: justify;\">1959- El Ej\u00e9rcito de Nicaragua rechaza una invasi\u00f3n revolucionaria dirigida por Enrique Lacayo Farf\u00e1n.<\/p>\n<p style=\"text-align: justify;\">1960- Desaparece \u00abCrisol\u00bb, \u00fanico peri\u00f3dico independiente que se publicaba en Cuba.<\/p>\n<p style=\"text-align: justify;\">1962- Acuerdo URSS-EEUU para investigaciones espaciales en el \u00e1mbito meteorol\u00f3gico.<\/p>\n<p style=\"text-align: justify;\">1963- Gana las elecciones presidenciales de Per\u00fa Fernando Bela\u00fande Terry, candidato del partido Acci\u00f3n Popular.<\/p>\n<p style=\"text-align: justify;\">1969- Richard Nixon anuncia la retirada de Vietnam de 25.000 soldados estadounidenses.<\/p>\n<p style=\"text-align: justify;\">1971- El Presidente de Chile, Salvador Allende, declara el estado de excepci\u00f3n en la provincia de Santiago, por el asesinato del ex ministro Edmundo P\u00e9rez Zujovic.<\/p>\n<p style=\"text-align: justify;\">1974- En Canad\u00e1, el Partido Liberal de Pierre Trudeau obtiene la mayor\u00eda absoluta en las elecciones legislativas.<\/p>\n<p style=\"text-align: justify;\">1976- Nace Lindsay Davenport, tenista estadounidense.<\/p>\n<p style=\"text-align: justify;\">1982- Mueren 135 personas al estrellarse un avi\u00f3n Boeing en Brasil.<\/p>\n<p style=\"text-align: justify;\">1983- El Tribunal Supremo condena al Estado espa\u00f1ol a pagar 518 millones de pesetas por el cierre ilegal del diario \u00abMadrid\u00bb.<\/p>\n<p style=\"text-align: justify;\">1984- La princesa Carolina de M\u00f3naco da a luz a su hijo primog\u00e9nito, quien forma parte de la l\u00ednea sucesoria del pr\u00edncipe Rainiero.<\/p>\n<p style=\"text-align: justify;\">1986- Kurt Waldheim, candidato conservador a la presidencia de Austria, gana por mayor\u00eda absoluta en la segunda vuelta.<\/p>\n<p style=\"text-align: justify;\">1990- Fallece Jos\u00e9 Figueres Ferrer, ex presidente de Costa Rica.<\/p>\n<p style=\"text-align: justify;\">1992- Fallece Alfred Uhl, m\u00fasico austr\u00edaco.<\/p>\n<p style=\"text-align: justify;\">1993- Fallece Severo Sarduy, escritor cubano.<\/p>\n<p style=\"text-align: justify;\">1995- Fallece Juan Carlos Ongan\u00eda, militar golpista que presidi\u00f3 Argentina.<\/p>\n<p style=\"text-align: justify;\">1997- Fallece Luis Bru, f\u00edsico y acad\u00e9mico espa\u00f1ol.<\/p>\n<p style=\"text-align: justify;\">1998- Fallece Sani Abacha, militar golpista nigeriano que presidi\u00f3 su pa\u00eds hasta su muerte.<\/p>\n<p style=\"text-align: justify;\">1999- El juez Juan Guzm\u00e1n Tapia abre la mayor causa contra la dictadura chilena (1973-1990) al ordenar la detenci\u00f3n y procesamiento de cinco militares.<\/p>\n<p style=\"text-align: justify;\">2000- El presidente de Per\u00fa, Alberto Fujimori, se convierte en jefe supremo de las Fuerzas Armadas y la Polic\u00eda Nacional hasta 2005. La oposici\u00f3n califica de \u00abnuevo golpe de estado\u00bb su reconocimiento por los mandos castrenses.<\/p>\n<p style=\"text-align: justify;\">2001- Un tribunal de Guatemala condena al coronel Byron Lima Estrada, a su hijo el capit\u00e1n Byron Lima Oliva y a un sargento a 30 a\u00f1os de prisi\u00f3n por el asesinato del obispo Juan Gerardi cometido el 26 de abril de 1998.<\/p>\n<p style=\"text-align: justify;\">&#8211; Irlanda rechaza en refer\u00e9ndum la ratificaci\u00f3n del Tratado de Niza y paraliza la ampliaci\u00f3n de la UE.<\/p>\n<p style=\"text-align: justify;\">&#8211; El presidente iran\u00ed, Mohamed Jatam\u00ed, gana los octavos comicios presidenciales en 22 a\u00f1os de Rep\u00fablica Isl\u00e1mica.<\/p>\n<p style=\"text-align: justify;\">&#8211; Cuatro ruandeses, de ellos dos monjas, son declarados culpables del genocidio de tutsis en 1994 en Ruanda por un jurado de Bruselas.<\/p>\n<p style=\"text-align: justify;\">2003- Polonia aprueba en refer\u00e9ndum su ingreso en la UE.<\/p>\n<p style=\"text-align: justify;\">&#8211; El tenista Juan Carlos Ferrero gana el torneo Roland Garros al vencer al holand\u00e9s Martin Verkerk.<\/p>\n<p style=\"text-align: justify;\">&#8211; Fallece H\u00e9ctor Cabrera, cantante venezolano.<\/p>\n<p style=\"text-align: justify;\">2004- El Consejo de Seguridad de la ONU aprueba la resoluci\u00f3n 1546 para traspasar los poderes al reci\u00e9n nombrado Gobierno iraqu\u00ed y autorizar la permanencia de una fuerza multinacional despu\u00e9s del 30 de junio.<\/p>\n<p style=\"text-align: justify;\">&#8211; Las autoridades cubanas liberan a los disidentes Leonardo Bruz\u00f3n, Carlos Dom\u00ednguez, Emilio Leyva y L\u00e1zaro Dom\u00ednguez.<\/p>\n<p style=\"text-align: justify;\">&#8211; Jos\u00e9 Manuel Caballero Bonald gana la XIII edici\u00f3n del premio Reina Sof\u00eda de Poes\u00eda Iberoamericana.<\/p>\n<p style=\"text-align: justify;\">&#8211; El primer tr\u00e1nsito de Venus por delante del Sol en 122 a\u00f1os, que se prolonga por unas seis horas, se observa desde casi toda Europa, \u00c1frica y parte de Asia. El fen\u00f3meno no se repetir\u00e1 hasta dentro de 1.117 a\u00f1os.<\/p>\n<p style=\"text-align: justify;\">2005- El Congreso de Bolivia acepta la dimisi\u00f3n de Carlos Mesa y designa como nuevo presidente al abogado Eduardo Rodr\u00edguez.<\/p>\n<p style=\"text-align: justify;\">&#8211; Giovanni Sartori, polit\u00f3logo italiano afincado en EEUU obtiene el Premio Pr\u00edncipe de Asturias de Ciencias Sociales 2005.<\/p>\n<p style=\"text-align: justify;\">2006- Tropas estadounidenses matan en Irak a Abu Musab Al Zarqaui, considerado el jefe de Al Qaeda en ese pa\u00eds.<\/p>\n","protected":false},"excerpt":{"rendered":"<p>En un 8 de junio, pero del a\u00f1o 632, fallece Mahoma, fundador y profeta del Islam. 1692- Mot\u00edn popular en la ciudad de M\u00e9xico, al grito de \u00abViva el Rey y muera el mal gobierno\u00bb. Incendiados varios edificios p\u00fablicos de la ciudad. 1805- Nace Salustiano Ol\u00f3zaga, pol\u00edtico espa\u00f1ol. 1807- En el marco de la guerra&hellip;<\/p>\n","protected":false},"author":1,"featured_media":0,"comment_status":"open","ping_status":"open","sticky":false,"template":"","format":"standard","meta":{"footnotes":""},"categories":[14],"tags":[],"class_list":["post-7136","post","type-post","status-publish","format-standard","hentry","category-efemerides"],"_links":{"self":[{"href":"https:\/\/www.elsindical.com.ar\/notas\/wp-json\/wp\/v2\/posts\/7136","targetHints":{"allow":["GET"]}}],"collection":[{"href":"https:\/\/www.elsindical.com.ar\/notas\/wp-json\/wp\/v2\/posts"}],"about":[{"href":"https:\/\/www.elsindical.com.ar\/notas\/wp-json\/wp\/v2\/types\/post"}],"author":[{"embeddable":true,"href":"https:\/\/www.elsindical.com.ar\/notas\/wp-json\/wp\/v2\/users\/1"}],"replies":[{"embeddable":true,"href":"https:\/\/www.elsindical.com.ar\/notas\/wp-json\/wp\/v2\/comments?post=7136"}],"version-history":[{"count":1,"href":"https:\/\/www.elsindical.com.ar\/notas\/wp-json\/wp\/v2\/posts\/7136\/revisions"}],"predecessor-version":[{"id":7138,"href":"https:\/\/www.elsindical.com.ar\/notas\/wp-json\/wp\/v2\/posts\/7136\/revisions\/7138"}],"wp:attachment":[{"href":"https:\/\/www.elsindical.com.ar\/notas\/wp-json\/wp\/v2\/media?parent=7136"}],"wp:term":[{"taxonomy":"category","embeddable":true,"href":"https:\/\/www.elsindical.com.ar\/notas\/wp-json\/wp\/v2\/categories?post=7136"},{"taxonomy":"post_tag","embeddable":true,"href":"https:\/\/www.elsindical.com.ar\/notas\/wp-json\/wp\/v2\/tags?post=7136"}],"curies":[{"name":"wp","href":"https:\/\/api.w.org\/{rel}","templated":true}]}}