{"id":7132,"date":"2010-06-07T18:55:55","date_gmt":"2010-06-07T21:55:55","guid":{"rendered":"http:\/\/www.elsindical.com.ar\/notas\/?p=7132"},"modified":"2010-06-07T18:55:55","modified_gmt":"2010-06-07T21:55:55","slug":"recordando-a-mariano-moreno-con-objetividad","status":"publish","type":"post","link":"https:\/\/www.elsindical.com.ar\/notas\/recordando-a-mariano-moreno-con-objetividad\/","title":{"rendered":"Recordando a Mariano Moreno (con objetividad)"},"content":{"rendered":"<p style=\"text-align: justify;\"><a href=\"http:\/\/www.elsindical.com.ar\/notas\/var\/www\/html\/notas\/wp-content\/uploads\/2010\/06\/La-Gaceta-1810.jpg\"><img loading=\"lazy\" decoding=\"async\" class=\"alignleft size-medium wp-image-7133\" title=\"La-Gaceta-1810\" src=\"http:\/\/www.elsindical.com.ar\/notas\/var\/www\/html\/notas\/wp-content\/uploads\/2010\/06\/La-Gaceta-1810-189x300.jpg\" alt=\"\" width=\"189\" height=\"300\" \/><\/a>\u201cSi los pueblos no se ilustran, si no se vulgarizan sus derechos.\u00a0Si cada hombre no conoce lo que vale, lo que puede y lo que se le debe\u00a0nuevas ilusiones suceder\u00e1n a las antiguas y despu\u00e9s de vacilar alg\u00fan tiempo\u00a0\u00a0entre mil incertidumbres, ser\u00e1 tal vez nuestra suerte\u00a0\u00a0mudar de tiranos, sin destruir la tiran\u00eda\u201d.<\/p>\n<p style=\"text-align: justify;\">\u00a0\u00a0\u00a0\u00a0\u00a0\u00a0\u00a0\u00a0\u00a0\u00a0\u00a0\u00a0\u00a0\u00a0\u00a0\u00a0\u00a0\u00a0\u00a0\u00a0\u00a0\u00a0\u00a0\u00a0\u00a0\u00a0\u00a0\u00a0\u00a0\u00a0\u00a0\u00a0\u00a0\u00a0\u00a0\u00a0\u00a0\u00a0\u00a0\u00a0\u00a0\u00a0\u00a0\u00a0\u00a0\u00a0\u00a0\u00a0\u00a0\u00a0\u00a0\u00a0\u00a0\u00a0\u00a0\u00a0\u00a0\u00a0\u00a0\u00a0\u00a0\u00a0\u00a0\u00a0\u00a0\u00a0\u00a0\u00a0\u00a0\u00a0\u00a0\u00a0\u00a0\u00a0\u00a0\u00a0\u00a0\u00a0\u00a0\u00a0\u00a0\u00a0\u00a0\u00a0\u00a0\u00a0\u00a0\u00a0\u00a0\u00a0\u00a0\u00a0\u00a0\u00a0\u00a0\u00a0\u00a0\u00a0\u00a0\u00a0\u00a0\u00a0\u00a0\u00a0\u00a0\u00a0\u00a0\u00a0\u00a0\u00a0\u00a0\u00a0\u00a0\u00a0\u00a0\u00a0<strong>Mariano Moreno<\/strong><\/p>\n<p style=\"text-align: justify;\">El 7 de junio se instaura, en conmemoraci\u00f3n a la fundaci\u00f3n de \u00abLa Gaceta de Buenos Ayres\u00bb, el \u00abD\u00eda del Periodista\u00bb. La realidad es que no es el primer peri\u00f3dico, ni se funda un 7 de junio, ni Mariano Moreno presenta las caracter\u00edsticas del comunicador social de nuestro tiempo.<br \/>\n\u00a0El primer peri\u00f3dico de Buenos Aires lo crea, en 1801, el coronel espa\u00f1ol Francisco Cabello y Mesa. La segunda publicaci\u00f3n se edita un a\u00f1o despu\u00e9s y su gestor es el criollo Hip\u00f3lito Vieytes. En 1819, aparece una tercera publicaci\u00f3n realizada por el espa\u00f1ol\u00edsimo virrey Cisneros, con la direcci\u00f3n de Manuel Belgrano.<br \/>\nReci\u00e9n el 2 de junio de 1810, los juntistas fundan \u201cLa Gaceta\u201d. El decreto para su constituci\u00f3n lo firma el secretario de la Junta, el abogado porte\u00f1o Mariano Moreno.<br \/>\n\u00a0Entre sus prop\u00f3sitos medulares, justamente el 7 de junio de 1810, fijan: \u201cuna exacta noticia de los procedimientos de la Junta, una continuada comunicaci\u00f3n p\u00fablica de las medidas que acuerde para consolidar la grande obra que se ha principiado, una sincera y franca manifestaci\u00f3n de los estorbos que se oponen al fin de su instalaci\u00f3n y de los medios que adopta para allanarlos (&#8230;) el pueblo tiene derecho a saber la conducta de sus representantes y el honor de \u00e9stos se interesa en que todos conozcan la execraci\u00f3n con que miran aquellas reservas y misterios inventados por el poder para cubrir los delitos\u201d. Asimismo, \u201canuncia al p\u00fablico las noticias exteriores e interiores que deban mirarse con alg\u00fan inter\u00e9s (&#8230;) se manifestar\u00e1n igualmente las discusiones oficiales de la junta con los dem\u00e1s jefes y gobiernos; el estado de la Real hacienda y medidas econ\u00f3micas, para su mejora; y una franca comunicaci\u00f3n de los motivos que influyen en sus principales providencias\u201d. Se incorporar\u00e1n \u00ablos discursos de los hombres ilustrados que sostengan y dirijan el patriotismo y fidelidad, que tan heroicamente se ha desplegado, nunca es mayor que cuando el choque de las opiniones pudiera envolver en tinieblas aquellos principios, que los grandes talentos pueden \u00fanicamente reducir a su primitiva claridad\u201d. Finalmente, se pretend\u00eda incitar ahora a los sabios de estas provincias, para que escriban sobre tan importantes objetos\u201d. La secretar\u00eda agregar\u00e1 \u201clas noticias oficiales, cuya publicaci\u00f3n interesa\u201d.<br \/>\n\u00a0Los integrantes de la Junta esperan que el pueblo reciba con \u201caprecio\u201d y \u201cconfianza\u201d la salida semanal de \u201cLa Gaceta\u201d y \u201casegure la felicidad de estas provincias\u201d.<br \/>\n\u00a0El material period\u00edstico se dirigir\u00e1 al cura y vocal Manuel Alberti. No hay un director como se entiende en el periodismo actual.<br \/>\n\u00a0A simple vista, estamos ante una publicaci\u00f3n de corte pol\u00edtico e ideol\u00f3gico que busca crear un ambiente favorable al movimiento revolucionario imperante.<br \/>\n\u00a0En ning\u00fan momento, ni la Junta ni su secretario hacen menci\u00f3n a la trilog\u00eda m\u00edtica cl\u00e1sica del periodismo que a posteriori se ancla en la sociedad: objetividad, independencia y libertad. Las tres se articulan y entremezclan con: subjetividad, dependencia y censura. Al periodista que diga lo contrario le saldr\u00e1 una jorobita.<br \/>\nNo est\u00e1 dem\u00e1s, nunca est\u00e1 de m\u00e1s, recordar a Arturo Jauretche quien con su celeridad habitual advierte que \u201cla prensa nos dice todos los d\u00edas que su libertad es imprescindible para el desarrollo de la sociedad humana, y nos propone sus beneficios por oposici\u00f3n a los sistemas que la restringen por medio del estatismo. Pero nos oculta la naturaleza de esa libertad, tan restrictiva como la del estado, aunque m\u00e1s hip\u00f3crita, porque el libre acceso a las fuentes de informaci\u00f3n no implica la libre discusi\u00f3n ni la honesta difusi\u00f3n, ya que ese libre acceso se condiciona a los intereses de los grupos dominantes que dan la versi\u00f3n y la difunden\u201d.<br \/>\n\u00a0El gran p\u00fablico, la pobre y manipulada \u201cDo\u00f1a Rosa\u201d se cree el camelo de la prensa libre, objetiva e independiente. Bien lo dice don Arturo, ya en 1968, en su imprescindible \u201cManual de Zonceras Argentinas\u201d: \u201cEl cuarto poder est\u00e1 constituido en la actualidad por las grandes empresas period\u00edsticas que son, primero empresas, y despu\u00e9s prensa. Se trata de un negocio como cualquier otro que para sostenerse debe ganar dinero vendiendo diarios y recibiendo avisos: pero el negocio no consiste en la venta del ejemplar, que generalmente da p\u00e9rdida: consiste en la publicidad. As\u00ed, el diario es un medio y no un fin, y la llamada \u2018libertad de prensa\u2019, una manifestaci\u00f3n de la libertad de empresa a que aqu\u00e9lla se subordina, porque la prensa es libre s\u00f3lo en la medida que sirva a la empresa y no contrar\u00ede sus intereses\u201d.<br \/>\n\u00a0No somos ut\u00f3picos. Sabemos que sin dinero no hay publicaci\u00f3n.<br \/>\n\u00a0Es sencillo observarlo en las publicaciones barriales. La desocupaci\u00f3n descomunal en que vivimos crea necesidades impensadas. As\u00ed, gente sin vocaci\u00f3n, ni amor por las letras, publica cualquier cosa. El periodismo es bastardeado y denigrado ya desde las bases. La gran mayor\u00eda de las publicaciones zonales act\u00faan como soportes publicitarios. Son hojas tabloides o tipo revista que cubren el espacio en blanco con avisos y el resto, con \u201crefritos\u201d azarosos: recetas de cocina, astrolog\u00eda, poes\u00eda tomada de cualquier libro, reportajes intrascendentes, crucigramas, y alguna nota o art\u00edculo hurtada para relleno. De m\u00e1s est\u00e1 decir, que existen los peri\u00f3dicos barriales con contenido responsable y social, pero cada d\u00eda son menos. Es lo que peyorativamente se denomina \u201cmedios alternativos de comunicaci\u00f3n\u201d. No son alternativos. El que alterna es el periodista que por mantener una cierta independencia o por no tener acceso a los grandes medios practica el periodismo zonal. Y aunque no lo entiendan los comerciantes y vecinos, son imprescindibles para esa microsociedad. Para ese barrio que s\u00f3lo es visitado por los grandes medios cuando ocurre algo notorio: un asesinato, una violaci\u00f3n, un secuestro o un gran robo. Para m\u00e1gicamente pasar al otro d\u00eda a otro barrio en que suceda lo mismo. Los distintos medios se mimetizar\u00e1n dando a entender que vivimos en un caos. Claro, que si se juega un River-Boca queda menos espacio para el caos social.<br \/>\nY al referirnos a los comerciantes de barrio, caemos s\u00f3lo en aquellos que tratan mal al vendedor de publicidad que los visita para conformar un simple aviso. En la mayor\u00eda de los casos, es el periodista mismo quien para sobrevivir: vende, cobra, redacta, entrevista, fotograf\u00eda, dibuja, dise\u00f1a e imprime su publicaci\u00f3n. Como si ese maltrato fuese poco, debe competir con la ambici\u00f3n desmedida y cicl\u00f3pea de los grandes medios que no s\u00f3lo se llevan la torta publicitaria del gobierno de turno sino que, como lobos feroces, arremeten contra las publicaciones zonales para ahogarlas en lo econ\u00f3mico.<br \/>\n\u00a0Por otro lado, si existiese la mentada libertad de prensa Liliana L\u00f3pez Foresi hubiera seguido trabajando en el multimedio \u201cClar\u00edn\u201d. La Foresi actu\u00f3 con libertad de prensa, dijo lo que pensaba y el medio le respondi\u00f3 con libertad de empresa: se qued\u00f3 en la calle. Entre la defensora de la libre opini\u00f3n y Menem, el \u201cgran diario\u201d se qued\u00f3 con el censor. Mientras, primero se la obliga a callar, la conductora-periodista morigeraba la censura con gestos astutos y elocuentes. Como buena profesional, sabe que lo gestual es tambi\u00e9n parte del mensaje comunicativo. Finalmente, mientras se la aleja del p\u00fablico, el noticiario central del canal gana el \u201cMart\u00edn Fierro\u201d y los propios compa\u00f1eros festejaban sin siquiera recordarla. Pero, \u00bfc\u00f3mo puede ser? \u00bfNo son ambos noticiarios? \u00a1S\u00ed!!, y \u00a1del mismo multimedio!!!. Pero mientras uno, zigzagueaba entre musiquitas de fondo, atrapantes ediciones de im\u00e1genes, caritas c\u00f3mplices y sentimentalismo; la censurada periodista sure\u00f1a, se dirig\u00eda al intelecto del televidente.<br \/>\n\u00a0Con respecto a la gratuidad de los medios, es dable exponer que hay enormes gastos. Deben tener publicidad. Lo incorrecto es que se digite lo conveniente, lo pol\u00edticamente correcto en pos de una publicidad o canjeando investigaciones comprometidas por propaganda oficial. Incluso detr\u00e1s de la publicidad, hay enormes empresas que presionan sobre los medios. \u00bfEs casualidad que el cultivo de soja est\u00e9 de moda? \u00a1No somos santos, Monsanto!<br \/>\n\u00a0Es cierto. Pareciera que existe un periodismo de investigaci\u00f3n, pero generalmente no se investiga al gran avisador. Es sospechoso que no se hayan realizado c\u00e1maras ocultas a alg\u00fan supermercado que remarca precios, adultera fechas de vencimiento de productos perecederos, publicita promociones que no est\u00e1n en las g\u00f3ndolas o lo est\u00e1n en escasa cantidad, cortes combinados en donde se camufla carne m\u00e1s barata disfrazada de corte caro. Puede ser que no se haya realizado ninguna c\u00e1mara oculta a alg\u00fan \u201cgran carnicero\u201d que podr\u00eda dar mejor color, olor y alargar el periodo p\u00fatrido con lavandina y alg\u00fan que otro qu\u00edmico utilizado en la industria fotogr\u00e1fica. Tampoco, se le hacen camaritas a ministros.<br \/>\n\u00a0Volvamos a Moreno. Jam\u00e1s fue objetivo. Sus escritos est\u00e1n al servicio de la causa revolucionaria.<br \/>\n\u00a0Se puede ser subjetivo para un lado o para el otro. En el caso de Moreno o el periodismo comprometido de Rodolfo Walsh, la subjetividad est\u00e1 del lado de la ideolog\u00eda, errada o no, al servicio de lo nacional. En el caso de otro tipo de periodistas, la subjetividad est\u00e1 con la patronal, con el bolsillo.<br \/>\nUn jacobino como el lumen de mayo rechazar\u00eda a los historiadores metidos en el periodismo y a los periodistas volcados a la historia que se erigen como objetivos y neutros. Como buen observador, sospechar\u00eda e increpar\u00eda a aquellos que por temor no se meten con Bartolom\u00e9 Mitre y la Guerra de la Triple Alianza. El \u201cocultado pol\u00edtico\u201d Homero Manzi dec\u00eda que atacan a Sarmiento y no a Mitre porque este \u00faltimo es \u201cun pr\u00f3cer que se dej\u00f3 un diario de guardaespaldas\u201d. Sin embargo, quienes teman no ser promocionados por \u201cLa Naci\u00f3n\u201d pueden defenderse con un librito editado por la \u201cFundaci\u00f3n Banco de Boston\u201d en d\u00f3nde, el entonces director del diario, retoma y transcribe el pensamiento de Don Bartolo: \u201cSoy de los que piensan que es preferible irse un poco m\u00e1s all\u00e1 en materia de libertad, que quedarse m\u00e1s ac\u00e1, o irse un poco m\u00e1s all\u00e1 en materia de autoridad o despotismo. Los males que puede ocasionar la libertad se remedian por ella misma (&#8230;)\u201d. A lo que remata el hom\u00f3nimo descendiente del fundador de la Historia Oficial: \u201cCuando Mitre pronunci\u00f3 las palabras que acabo de reproducir, se inscrib\u00eda entre los sostenedores de la mejor tradici\u00f3n nacional, a la que adher\u00edan los constitucionalistas que concibieron y redactaron la ley fundamental de 1853-60. Fue la noble corriente liberal que construy\u00f3 la Rep\u00fablica, la organiz\u00f3 definitivamente, y, con la generaci\u00f3n del \u201980, la puso en el camino de la modernidad y la prosperidad\u201d. Si \u201cLa Naci\u00f3n\u201d es una \u201ctribuna de doctrina\u201d. Entonces, \u00a1qu\u00e9 temer!<br \/>\n\u00a0Bien sabe Moreno, el de la cara picada de viruela, no el gordito mofletudo de \u201cBilliken\u201d y \u201cAnteojito\u201d, lo dif\u00edcil que resulta la defensa de la verdad: \u201cS\u00f3crates, Plat\u00f3n, Di\u00e1goras, Anax\u00e1goras, Virgilio, Galileo, Descartes, y otra porci\u00f3n de sabios que intentaron hacer alg\u00fan modo de felicidad de sus compatriotas, inici\u00e1ndolos en las luces y conocimientos \u00fatiles y descubriendo sus errores, fueron v\u00edctimas del furor con que se persigue la verdad\u201d.<br \/>\nHoy, la situaci\u00f3n empeor\u00f3. La felicidad de la gran mayor\u00eda parece estar en los programas que se r\u00eden del otro. Da alegr\u00eda quien se mofa del japon\u00e9s, del negro, del viejo, del homosexual, del inocente, de la modelo, del actor que se equivoca. La laxitud es tal que el mismo medio que castiga en un noticiario a una maestra por una supuesta paidofilia o al padre Grassi, tiene un su horario central a un c\u00f3mico-conductor que hace levantar la pollera a una ni\u00f1a. Si el conductor es un irresponsable, qu\u00e9 se puede decir de los padres de la criatura. Es el mismo medio que no investiga la probable ilegal adopci\u00f3n de los hijos de la propietaria del mismo. Con tanto poder: \u00bfpor qu\u00e9 no ponerlo al servicio de la verdad y el honor de las personas y as\u00ed alejar de los sospechas a Ernestina Herrera de Noble?<br \/>\n\u00a0Y \u00bfpor qu\u00e9 los periodistas investigadores de los distintos medios no informan sobre la simil denuncia cultivo de drogas (art. 5\u00b0 Inc.a) \u2013Preconizaci\u00f3n del usos de drogas (art. 12 Inc. a) Ense\u00f1anza p\u00fablica sobre potenciaci\u00f3n de drogas con elementos de uso y venta libre (art. 28) Ley Nac. 23.737, presentado al fiscal Carlos Stornelli por Luis Augusto Weckesser en el 2001, contra un ex conductor, un ex presidente y otros? Ser\u00eda importante saber c\u00f3mo sigue la causa, si es que sigue, o si fue cajoneada o si los desprocesaron.<br \/>\nAsimismo, se har\u00eda justicia al leer los escritos del Moreno de la cara picada por la viruela. No estar\u00eda de m\u00e1s profundizar en el Plan de Operaciones.<br \/>\nEl lector deber\u00eda comprender que la prensa del secretario de la Junta es revolucionaria, subjetiva e ideol\u00f3gica. La correcta para una pa\u00eds dependiente. Por eso, sosten\u00eda que se deb\u00eda \u201cdifundir todo aquello favorable al gobierno\u201d y en caso de que haya noticias adversas a \u00e9ste, reducir la tirada.<br \/>\nMoreno y su grupo son defensores a ultranza de la ilustraci\u00f3n del pueblo. Por ello, hizo reimprimir una traducci\u00f3n del Contrato Social de Rousseau \u2013 mutilado porque \u201csu autor tuvo la desgracia de delirar en materias religiosas\u201d-, y la Junta cre\u00f3 la Biblioteca P\u00fablica y el peri\u00f3dico \u201cLa Gaceta\u201d. Y a prop\u00f3sito, asegur\u00f3: \u201cD\u00e9se acceso a la verdad y a la introducci\u00f3n de las luces y de la ilustraci\u00f3n no se reprima la inocente libertad de pensar en asuntos de inter\u00e9s universal (&#8230;)La verdad, como la virtud, tienen en s\u00ed mismas su m\u00e1s incontestable apolog\u00eda; a fuerza de discutirlas y ventilarlas aparecen en todo su esplendor y brillo; si se oponen restricciones al discurso, vegetar\u00e1 el esp\u00edritu como la materia; el error, la mentira, la preocupaci\u00f3n, el fanatismo y el embrutecimiento, har\u00e1n la divisa de los pueblos, y causar\u00e1n para siempre su abatimiento, su ruina y su miseria\u201d.<br \/>\n\u00a1Fel\u00edz D\u00eda!!!!<\/p>\n<p style=\"text-align: justify;\">\u00a0<br \/>\n<strong>\u00a0N\u00e9stor Genta<\/strong><\/p>\n<p style=\"text-align: justify;\"><strong>Fuente: Peri\u00f3dico Tribuna de periodistas<\/strong><\/p>\n","protected":false},"excerpt":{"rendered":"<p>\u201cSi los pueblos no se ilustran, si no se vulgarizan sus derechos.\u00a0Si cada hombre no conoce lo que vale, lo que puede y lo que se le debe\u00a0nuevas ilusiones suceder\u00e1n a las antiguas y despu\u00e9s de vacilar alg\u00fan tiempo\u00a0\u00a0entre mil incertidumbres, ser\u00e1 tal vez nuestra suerte\u00a0\u00a0mudar de tiranos, sin destruir la tiran\u00eda\u201d. \u00a0\u00a0\u00a0\u00a0\u00a0\u00a0\u00a0\u00a0\u00a0\u00a0\u00a0\u00a0\u00a0\u00a0\u00a0\u00a0\u00a0\u00a0\u00a0\u00a0\u00a0\u00a0\u00a0\u00a0\u00a0\u00a0\u00a0\u00a0\u00a0\u00a0\u00a0\u00a0\u00a0\u00a0\u00a0\u00a0\u00a0\u00a0\u00a0\u00a0\u00a0\u00a0\u00a0\u00a0\u00a0\u00a0\u00a0\u00a0\u00a0\u00a0\u00a0\u00a0\u00a0\u00a0\u00a0\u00a0\u00a0\u00a0\u00a0\u00a0\u00a0\u00a0\u00a0\u00a0\u00a0\u00a0\u00a0\u00a0\u00a0\u00a0\u00a0\u00a0\u00a0\u00a0\u00a0\u00a0\u00a0\u00a0\u00a0\u00a0\u00a0\u00a0\u00a0\u00a0\u00a0\u00a0\u00a0\u00a0\u00a0\u00a0\u00a0\u00a0\u00a0\u00a0\u00a0\u00a0\u00a0\u00a0\u00a0\u00a0\u00a0\u00a0\u00a0\u00a0\u00a0\u00a0\u00a0\u00a0\u00a0\u00a0\u00a0\u00a0\u00a0\u00a0\u00a0\u00a0Mariano Moreno El&hellip;<\/p>\n","protected":false},"author":1,"featured_media":0,"comment_status":"open","ping_status":"open","sticky":false,"template":"","format":"standard","meta":{"footnotes":""},"categories":[14],"tags":[127,3611,3610,206],"class_list":["post-7132","post","type-post","status-publish","format-standard","hentry","category-efemerides","tag-argentina","tag-la-gaceta","tag-mariano-moreno","tag-periodista"],"_links":{"self":[{"href":"https:\/\/www.elsindical.com.ar\/notas\/wp-json\/wp\/v2\/posts\/7132","targetHints":{"allow":["GET"]}}],"collection":[{"href":"https:\/\/www.elsindical.com.ar\/notas\/wp-json\/wp\/v2\/posts"}],"about":[{"href":"https:\/\/www.elsindical.com.ar\/notas\/wp-json\/wp\/v2\/types\/post"}],"author":[{"embeddable":true,"href":"https:\/\/www.elsindical.com.ar\/notas\/wp-json\/wp\/v2\/users\/1"}],"replies":[{"embeddable":true,"href":"https:\/\/www.elsindical.com.ar\/notas\/wp-json\/wp\/v2\/comments?post=7132"}],"version-history":[{"count":2,"href":"https:\/\/www.elsindical.com.ar\/notas\/wp-json\/wp\/v2\/posts\/7132\/revisions"}],"predecessor-version":[{"id":7135,"href":"https:\/\/www.elsindical.com.ar\/notas\/wp-json\/wp\/v2\/posts\/7132\/revisions\/7135"}],"wp:attachment":[{"href":"https:\/\/www.elsindical.com.ar\/notas\/wp-json\/wp\/v2\/media?parent=7132"}],"wp:term":[{"taxonomy":"category","embeddable":true,"href":"https:\/\/www.elsindical.com.ar\/notas\/wp-json\/wp\/v2\/categories?post=7132"},{"taxonomy":"post_tag","embeddable":true,"href":"https:\/\/www.elsindical.com.ar\/notas\/wp-json\/wp\/v2\/tags?post=7132"}],"curies":[{"name":"wp","href":"https:\/\/api.w.org\/{rel}","templated":true}]}}