{"id":7129,"date":"2010-06-07T14:16:13","date_gmt":"2010-06-07T17:16:13","guid":{"rendered":"http:\/\/www.elsindical.com.ar\/notas\/?p=7129"},"modified":"2010-06-07T14:16:13","modified_gmt":"2010-06-07T17:16:13","slug":"la-matanzaasesinan-a-balazos-a-un-hombre-en-presunto-ajuste-de-cuentas","status":"publish","type":"post","link":"https:\/\/www.elsindical.com.ar\/notas\/la-matanzaasesinan-a-balazos-a-un-hombre-en-presunto-ajuste-de-cuentas\/","title":{"rendered":"La Matanza:Asesinan a balazos a un hombre en presunto ajuste de cuentas"},"content":{"rendered":"<p style=\"text-align: justify;\"><em><a href=\"http:\/\/www.elsindical.com.ar\/notas\/var\/www\/html\/notas\/wp-content\/uploads\/2010\/06\/Hospital-Paroissien.jpg\"><img loading=\"lazy\" decoding=\"async\" class=\"alignleft size-full wp-image-7130\" title=\"Hospital-Paroissien\" src=\"http:\/\/www.elsindical.com.ar\/notas\/var\/www\/html\/notas\/wp-content\/uploads\/2010\/06\/Hospital-Paroissien.jpg\" alt=\"\" width=\"255\" height=\"164\" \/><\/a>La v\u00edctima ten\u00eda antecedentes delictivos. Recib\u00f3 varios balazos. La investigadores policiales presumen que el m\u00f3vil se trat\u00f3 de una venganza.<\/em>\u00a0<br \/>\n\u00a0<br \/>\nUn hombre fue asesinado a balazos en la localidad bonaerense de Villegas, partido de La Matanza, y los investigadores presumen que se trat\u00f3 de un ajuste de cuentas.<\/p>\n<p style=\"text-align: justify;\">La polic\u00eda identific\u00f3 a la v\u00edctima como Rodolfo Herlan, alias \u00abEl Tala\u00bb, de 38 a\u00f1os, con numerosos antecedentes delictuales.<\/p>\n<p style=\"text-align: justify;\">Un jefe de la fuerza de seguridad inform\u00f3 que anoche, alrededor de las 23, un hombre con varias heridas de bala ingres\u00f3 a la guardia del Hospital \u00abDiego Paroissien\u00bb, de La Matanza, pero muri\u00f3 cuando era asistido.<\/p>\n<p style=\"text-align: justify;\">La polic\u00eda de Villegas instruy\u00f3 las primeras actuaciones por \u00abhomicidio\u00bb.<\/p>\n","protected":false},"excerpt":{"rendered":"<p>La v\u00edctima ten\u00eda antecedentes delictivos. Recib\u00f3 varios balazos. La investigadores policiales presumen que el m\u00f3vil se trat\u00f3 de una venganza.\u00a0 \u00a0 Un hombre fue asesinado a balazos en la localidad bonaerense de Villegas, partido de La Matanza, y los investigadores presumen que se trat\u00f3 de un ajuste de cuentas. La polic\u00eda identific\u00f3 a la v\u00edctima&hellip;<\/p>\n","protected":false},"author":1,"featured_media":0,"comment_status":"open","ping_status":"open","sticky":false,"template":"","format":"standard","meta":{"footnotes":""},"categories":[22],"tags":[363,786,3608,1401,3609,30],"class_list":["post-7129","post","type-post","status-publish","format-standard","hentry","category-policiales","tag-asesinato","tag-balazos","tag-hospital-paroissien","tag-la-matanza","tag-ntecedentes","tag-policia"],"_links":{"self":[{"href":"https:\/\/www.elsindical.com.ar\/notas\/wp-json\/wp\/v2\/posts\/7129","targetHints":{"allow":["GET"]}}],"collection":[{"href":"https:\/\/www.elsindical.com.ar\/notas\/wp-json\/wp\/v2\/posts"}],"about":[{"href":"https:\/\/www.elsindical.com.ar\/notas\/wp-json\/wp\/v2\/types\/post"}],"author":[{"embeddable":true,"href":"https:\/\/www.elsindical.com.ar\/notas\/wp-json\/wp\/v2\/users\/1"}],"replies":[{"embeddable":true,"href":"https:\/\/www.elsindical.com.ar\/notas\/wp-json\/wp\/v2\/comments?post=7129"}],"version-history":[{"count":1,"href":"https:\/\/www.elsindical.com.ar\/notas\/wp-json\/wp\/v2\/posts\/7129\/revisions"}],"predecessor-version":[{"id":7131,"href":"https:\/\/www.elsindical.com.ar\/notas\/wp-json\/wp\/v2\/posts\/7129\/revisions\/7131"}],"wp:attachment":[{"href":"https:\/\/www.elsindical.com.ar\/notas\/wp-json\/wp\/v2\/media?parent=7129"}],"wp:term":[{"taxonomy":"category","embeddable":true,"href":"https:\/\/www.elsindical.com.ar\/notas\/wp-json\/wp\/v2\/categories?post=7129"},{"taxonomy":"post_tag","embeddable":true,"href":"https:\/\/www.elsindical.com.ar\/notas\/wp-json\/wp\/v2\/tags?post=7129"}],"curies":[{"name":"wp","href":"https:\/\/api.w.org\/{rel}","templated":true}]}}