{"id":71250,"date":"2017-08-17T08:59:20","date_gmt":"2017-08-17T11:59:20","guid":{"rendered":"http:\/\/www.elsindical.com.ar\/notas\/?p=71250"},"modified":"2017-08-17T08:59:20","modified_gmt":"2017-08-17T11:59:20","slug":"lomas-de-zamora-allanamiento-y-nueva-detencion-por-el-crimen-de-anahi-benitez","status":"publish","type":"post","link":"https:\/\/www.elsindical.com.ar\/notas\/lomas-de-zamora-allanamiento-y-nueva-detencion-por-el-crimen-de-anahi-benitez\/","title":{"rendered":"Lomas de Zamora: Allanamiento y nueva detenci\u00f3n por el crimen de Anah\u00ed Ben\u00edtez"},"content":{"rendered":"<p><em>\u00a0 <a href=\"http:\/\/www.elsindical.com.ar\/notas\/var\/www\/html\/notas\/wp-content\/uploads\/2017\/08\/allanamiento-Lomas-caso-Anah\u00ed-01.jpg\"><img loading=\"lazy\" decoding=\"async\" class=\"alignnone size-medium wp-image-71252\" src=\"http:\/\/www.elsindical.com.ar\/notas\/var\/www\/html\/notas\/wp-content\/uploads\/2017\/08\/allanamiento-Lomas-caso-Anah\u00ed-01-300x141.jpg\" alt=\"\" width=\"300\" height=\"141\" srcset=\"https:\/\/www.elsindical.com.ar\/notas\/var\/www\/html\/notas\/wp-content\/uploads\/2017\/08\/allanamiento-Lomas-caso-Anah\u00ed-01-300x141.jpg 300w, https:\/\/www.elsindical.com.ar\/notas\/var\/www\/html\/notas\/wp-content\/uploads\/2017\/08\/allanamiento-Lomas-caso-Anah\u00ed-01-500x234.jpg 500w, https:\/\/www.elsindical.com.ar\/notas\/var\/www\/html\/notas\/wp-content\/uploads\/2017\/08\/allanamiento-Lomas-caso-Anah\u00ed-01.jpg 640w\" sizes=\"auto, (max-width: 300px) 100vw, 300px\" \/><\/a>El celular de la joven fue activado en las \u00faltimas horas, la ruta del aparato termin\u00f3 en un terreno en el cual encontraron la carcasa del tel\u00e9fono que pertenec\u00eda a la joven. Un hombre de 35 a\u00f1os fue detenido y ser\u00e1 indagado el jueves por la ma\u00f1ana.<\/em><\/p>\n<p>El celular de Anah\u00ed Ben\u00edtez se activ\u00f3 en las \u00faltimas horas y la investigaci\u00f3n se reactiv\u00f3. El aparato estaba en manos de un joven de 17 a\u00f1os, quien advirti\u00f3 que fue su padre quien se lo hab\u00eda obsequiado. La Polic\u00eda fue de inmediato a la vivienda de este hombre, un hombre de 35 a\u00f1os.<\/p>\n<p>Se trata de Marcelo Villaba, quien fue apresado por \u201cencubrimiento agravado\u201d y ser\u00e1 indagado durante las primeras horas del jueves en los Tribunales de Lomas de Zamora por la fiscal Ver\u00f3nica P\u00e9rez.<\/p>\n<p>El fondo de la vivienda allanada, ubicada en Oliden 1233, da a un terreno bald\u00edo. El predio fue allanado y encontraron all\u00ed lo que ser\u00eda la carcasa del tel\u00e9fono de Anah\u00ed Ben\u00edtez.<\/p>\n<p><a href=\"http:\/\/www.elsindical.com.ar\/notas\/var\/www\/html\/notas\/wp-content\/uploads\/2017\/08\/allanamiento-Lomas-caso-Anah\u00ed-02.jpg\"><img loading=\"lazy\" decoding=\"async\" class=\"alignnone size-medium wp-image-71251\" src=\"http:\/\/www.elsindical.com.ar\/notas\/var\/www\/html\/notas\/wp-content\/uploads\/2017\/08\/allanamiento-Lomas-caso-Anah\u00ed-02-300x141.jpg\" alt=\"\" width=\"300\" height=\"141\" srcset=\"https:\/\/www.elsindical.com.ar\/notas\/var\/www\/html\/notas\/wp-content\/uploads\/2017\/08\/allanamiento-Lomas-caso-Anah\u00ed-02-300x141.jpg 300w, https:\/\/www.elsindical.com.ar\/notas\/var\/www\/html\/notas\/wp-content\/uploads\/2017\/08\/allanamiento-Lomas-caso-Anah\u00ed-02-500x234.jpg 500w, https:\/\/www.elsindical.com.ar\/notas\/var\/www\/html\/notas\/wp-content\/uploads\/2017\/08\/allanamiento-Lomas-caso-Anah\u00ed-02.jpg 640w\" sizes=\"auto, (max-width: 300px) 100vw, 300px\" \/><\/a><\/p>\n","protected":false},"excerpt":{"rendered":"<p>\u00a0 El celular de la joven fue activado en las \u00faltimas horas, la ruta del aparato termin\u00f3 en un terreno en el cual encontraron la carcasa del tel\u00e9fono que pertenec\u00eda a la joven. Un hombre de 35 a\u00f1os fue detenido y ser\u00e1 indagado el jueves por la ma\u00f1ana. El celular de Anah\u00ed Ben\u00edtez se activ\u00f3&hellip;<\/p>\n","protected":false},"author":1,"featured_media":0,"comment_status":"open","ping_status":"open","sticky":false,"template":"","format":"standard","meta":{"footnotes":""},"categories":[20],"tags":[493,26701,744,30],"class_list":["post-71250","post","type-post","status-publish","format-standard","hentry","category-judiciales","tag-allanamientos","tag-anahi-benitez","tag-lomas-de-zamora","tag-policia"],"_links":{"self":[{"href":"https:\/\/www.elsindical.com.ar\/notas\/wp-json\/wp\/v2\/posts\/71250","targetHints":{"allow":["GET"]}}],"collection":[{"href":"https:\/\/www.elsindical.com.ar\/notas\/wp-json\/wp\/v2\/posts"}],"about":[{"href":"https:\/\/www.elsindical.com.ar\/notas\/wp-json\/wp\/v2\/types\/post"}],"author":[{"embeddable":true,"href":"https:\/\/www.elsindical.com.ar\/notas\/wp-json\/wp\/v2\/users\/1"}],"replies":[{"embeddable":true,"href":"https:\/\/www.elsindical.com.ar\/notas\/wp-json\/wp\/v2\/comments?post=71250"}],"version-history":[{"count":1,"href":"https:\/\/www.elsindical.com.ar\/notas\/wp-json\/wp\/v2\/posts\/71250\/revisions"}],"predecessor-version":[{"id":71253,"href":"https:\/\/www.elsindical.com.ar\/notas\/wp-json\/wp\/v2\/posts\/71250\/revisions\/71253"}],"wp:attachment":[{"href":"https:\/\/www.elsindical.com.ar\/notas\/wp-json\/wp\/v2\/media?parent=71250"}],"wp:term":[{"taxonomy":"category","embeddable":true,"href":"https:\/\/www.elsindical.com.ar\/notas\/wp-json\/wp\/v2\/categories?post=71250"},{"taxonomy":"post_tag","embeddable":true,"href":"https:\/\/www.elsindical.com.ar\/notas\/wp-json\/wp\/v2\/tags?post=71250"}],"curies":[{"name":"wp","href":"https:\/\/api.w.org\/{rel}","templated":true}]}}