{"id":71135,"date":"2017-08-13T10:41:12","date_gmt":"2017-08-13T13:41:12","guid":{"rendered":"http:\/\/www.elsindical.com.ar\/notas\/?p=71135"},"modified":"2017-08-13T10:41:12","modified_gmt":"2017-08-13T13:41:12","slug":"nacen-2-700-bebes-de-menores-violadas-en-argentina","status":"publish","type":"post","link":"https:\/\/www.elsindical.com.ar\/notas\/nacen-2-700-bebes-de-menores-violadas-en-argentina\/","title":{"rendered":"Nacen 2.700 beb\u00e9s de menores violadas en Argentina"},"content":{"rendered":"<p><em><a href=\"http:\/\/www.elsindical.com.ar\/notas\/var\/www\/html\/notas\/wp-content\/uploads\/2017\/08\/menor-abusada.jpg\"><img loading=\"lazy\" decoding=\"async\" class=\"alignnone size-medium wp-image-71136\" src=\"http:\/\/www.elsindical.com.ar\/notas\/var\/www\/html\/notas\/wp-content\/uploads\/2017\/08\/menor-abusada-300x179.jpg\" alt=\"\" width=\"300\" height=\"179\" srcset=\"https:\/\/www.elsindical.com.ar\/notas\/var\/www\/html\/notas\/wp-content\/uploads\/2017\/08\/menor-abusada-300x179.jpg 300w, https:\/\/www.elsindical.com.ar\/notas\/var\/www\/html\/notas\/wp-content\/uploads\/2017\/08\/menor-abusada-500x298.jpg 500w, https:\/\/www.elsindical.com.ar\/notas\/var\/www\/html\/notas\/wp-content\/uploads\/2017\/08\/menor-abusada.jpg 620w\" sizes=\"auto, (max-width: 300px) 100vw, 300px\" \/><\/a>\u00a0 En la Argentina nacen anualmente alrededor de 3.000 beb\u00e9s de madres-ni\u00f1as menores de 15 a\u00f1os, en el 81% de los casos (unos 2.700), tienen entre 10 y 14.<\/em><\/p>\n<p>El documento llamado \u201cEstado de la situaci\u00f3n de la ni\u00f1ez y adolescencia en Argentina\u201d fue publicado el 10 de julio pasado e indic\u00f3 que \u201csi bien este porcentaje es reducido, tiene una profunda gravedad no solo desde la perspectiva de la propia \u201cni\u00f1a madre\u201d y su hijo o hija, sino tambi\u00e9n desde la perspectiva sanitaria, social, legal y jur\u00eddica por las consecuencias e implicancias de un embarazo a tan temprana edad. Adem\u00e1s, gran parte de estos casos se deben al abuso sexual contra las ni\u00f1as\u201d.<\/p>\n<p>En el escrito tambi\u00e9n aseguran que la situaci\u00f3n empeora \u201cen t\u00e9rminos de brechas y desigualdades\u201d si se analiza la informaci\u00f3n a nivel provincial: en 2014 el porcentaje de nacimientos de madres adolescentes entre 15 a 19 a\u00f1os en las provincias del Chaco, Formosa y Misiones lleg\u00f3 a casi el 25%; mientras que en Ciudad de Buenos Aires alcanza a menos del 8%.<\/p>\n<p><strong>Un caso que conmocion\u00f3 al pa\u00eds<\/strong><\/p>\n<p>El informe adquiere gran relevancia dado el descubrimiento en las \u00faltimas horas de un caso de una ni\u00f1a de 10 a\u00f1os embarazada producto de una violaci\u00f3n en Mendoza. El embarazo de la nena fue constatado por los m\u00e9dicos del Hospital Humberto Notti, a donde fue llevada por su madre a un control por fuertes dolores estomacales.<\/p>\n<p>En el caso de Mendoza, los m\u00e9dicos aseguran que estar\u00eda descartada la posibilidad de un aborto \u201cpor el avanzado estado del embarazo, que es de casi ocho meses\u201d.<\/p>\n","protected":false},"excerpt":{"rendered":"<p>\u00a0 En la Argentina nacen anualmente alrededor de 3.000 beb\u00e9s de madres-ni\u00f1as menores de 15 a\u00f1os, en el 81% de los casos (unos 2.700), tienen entre 10 y 14. El documento llamado \u201cEstado de la situaci\u00f3n de la ni\u00f1ez y adolescencia en Argentina\u201d fue publicado el 10 de julio pasado e indic\u00f3 que \u201csi bien&hellip;<\/p>\n","protected":false},"author":1,"featured_media":0,"comment_status":"open","ping_status":"open","sticky":false,"template":"","format":"standard","meta":{"footnotes":""},"categories":[25],"tags":[127,5499,849,252,750],"class_list":["post-71135","post","type-post","status-publish","format-standard","hentry","category-sociedad","tag-argentina","tag-bebes","tag-estado","tag-menores","tag-violaciones"],"_links":{"self":[{"href":"https:\/\/www.elsindical.com.ar\/notas\/wp-json\/wp\/v2\/posts\/71135","targetHints":{"allow":["GET"]}}],"collection":[{"href":"https:\/\/www.elsindical.com.ar\/notas\/wp-json\/wp\/v2\/posts"}],"about":[{"href":"https:\/\/www.elsindical.com.ar\/notas\/wp-json\/wp\/v2\/types\/post"}],"author":[{"embeddable":true,"href":"https:\/\/www.elsindical.com.ar\/notas\/wp-json\/wp\/v2\/users\/1"}],"replies":[{"embeddable":true,"href":"https:\/\/www.elsindical.com.ar\/notas\/wp-json\/wp\/v2\/comments?post=71135"}],"version-history":[{"count":1,"href":"https:\/\/www.elsindical.com.ar\/notas\/wp-json\/wp\/v2\/posts\/71135\/revisions"}],"predecessor-version":[{"id":71137,"href":"https:\/\/www.elsindical.com.ar\/notas\/wp-json\/wp\/v2\/posts\/71135\/revisions\/71137"}],"wp:attachment":[{"href":"https:\/\/www.elsindical.com.ar\/notas\/wp-json\/wp\/v2\/media?parent=71135"}],"wp:term":[{"taxonomy":"category","embeddable":true,"href":"https:\/\/www.elsindical.com.ar\/notas\/wp-json\/wp\/v2\/categories?post=71135"},{"taxonomy":"post_tag","embeddable":true,"href":"https:\/\/www.elsindical.com.ar\/notas\/wp-json\/wp\/v2\/tags?post=71135"}],"curies":[{"name":"wp","href":"https:\/\/api.w.org\/{rel}","templated":true}]}}