{"id":71108,"date":"2017-08-12T15:14:08","date_gmt":"2017-08-12T18:14:08","guid":{"rendered":"http:\/\/www.elsindical.com.ar\/notas\/?p=71108"},"modified":"2017-08-12T15:14:08","modified_gmt":"2017-08-12T18:14:08","slug":"villa-luro-continua-la-desesperacion-e-indignacion-por-el-trato-judicial-a-la-desaparecion-de-claudia-ferro","status":"publish","type":"post","link":"https:\/\/www.elsindical.com.ar\/notas\/villa-luro-continua-la-desesperacion-e-indignacion-por-el-trato-judicial-a-la-desaparecion-de-claudia-ferro\/","title":{"rendered":"Villa Luro: Contin\u00faa la desesperaci\u00f3n e indignaci\u00f3n por el trato judicial a la desapareci\u00f3n de Claudia Ferro"},"content":{"rendered":"<p><em>\u00a0\u00a0 <a href=\"http:\/\/www.elsindical.com.ar\/notas\/var\/www\/html\/notas\/wp-content\/uploads\/2017\/08\/Claudia-Ferro.jpg\"><img loading=\"lazy\" decoding=\"async\" class=\"alignnone size-medium wp-image-71110\" src=\"http:\/\/www.elsindical.com.ar\/notas\/var\/www\/html\/notas\/wp-content\/uploads\/2017\/08\/Claudia-Ferro-300x169.jpg\" alt=\"\" width=\"300\" height=\"169\" srcset=\"https:\/\/www.elsindical.com.ar\/notas\/var\/www\/html\/notas\/wp-content\/uploads\/2017\/08\/Claudia-Ferro-300x169.jpg 300w, https:\/\/www.elsindical.com.ar\/notas\/var\/www\/html\/notas\/wp-content\/uploads\/2017\/08\/Claudia-Ferro-500x282.jpg 500w, https:\/\/www.elsindical.com.ar\/notas\/var\/www\/html\/notas\/wp-content\/uploads\/2017\/08\/Claudia-Ferro.jpg 620w\" sizes=\"auto, (max-width: 300px) 100vw, 300px\" \/><\/a>La mujer fue vista por \u00faltima vez en diciembre. Dej\u00f3 su celular y sus documentos en la casa que ahora est\u00e1 habitada por desconocidos. Su familia y los vecinos denuncian que la usurparon.<\/em><\/p>\n<p>Familiares de Claudia Ferro, la mujer de Villa Luro que se encuentra desaparecida desde diciembre, reclam\u00f3 ayuda a la justicia para dar con su paradero y pidi\u00f3 que se esclarezca la situaci\u00f3n de los supuestos usurpadores de su vivienda.<\/p>\n<p>\u00abLas conjeturas son propias de uno, pero ac\u00e1 convengamos que ella no aparece y llama poderosamente la atenci\u00f3n. Adem\u00e1s, a partir de que Claudia desaparece est\u00e1 gente empieza a vivir en la casa\u00bb, indic\u00f3 Pablo.<\/p>\n<p>Una de las personas que ocupa la casa asegur\u00f3 que la mujer \u00abno est\u00e1 ni muerta ni desaparecida\u00bb, sinoque \u00abse fue de viaje\u00bb. As\u00ed lo se\u00f1al\u00f3 un joven llamado Ezequiel, quien es amigo de la pareja acusada de usurpar la casa de la calle Corval\u00e1n al 400 y que asegur\u00f3 estar instalado all\u00ed desde hace \u00abun mes\u00bb, ya que es mochilero.<\/p>\n<p>Claudia Ferro la vieron por \u00faltima vez en diciembre, antes de las Fiestas y que al poco tiempo un hombre conocido como \u00abCharly\u00bb y una mujer venezolana, aparecieron viviendo en su casa.<\/p>\n<p>Entonces los vecinos se alertaron, crecieron las sospechas y buscaron que las personas que viven ah\u00ed digan d\u00f3nde esta la mujer.<\/p>\n<p>Tanto el mochilero como la pareja que ocupa la vivienda Ferro se fue de viaje, como sugerir\u00eda el \u00faltimo posteo que apareci\u00f3 en su perfil de Facebook los primeros d\u00edas de enero. No obstante, esa publicaci\u00f3n gener\u00f3 sospechas en los familiares y amigos de la mujer.<\/p>\n<p>Los vecinos denunciaron que la casa fue usurpada y que antes del primer allanamiento que hizo la Polic\u00eda en busca de pruebas \u00abalguien les avis\u00f3\u00bb y quemaron supuestamente basura durante tres d\u00edas.<\/p>\n<p>\u00abEl olor a quemado es porque somos pobres y hacemos la comida a le\u00f1a\u00bb, respondi\u00f3 Ezequiel sobre las acusaciones.<\/p>\n<p>Adem\u00e1s, el hombre asegur\u00f3 que los tres perros de Claudia siguen en su casa y no abandonados como se dijo, que sus documentos los tiene la Polic\u00eda y que les hab\u00eda dejado su celular porque hacen eventos juntos.<\/p>\n<p>\u00abViajando por el mundo no quiero saber de nadie&#8230;\u00bb, es la \u00faltima frase que supuestamente escribi\u00f3 Claudia en la red social Facebook el 8 de enero \u00faltimo, d\u00edas despu\u00e9s de que se hiciera la denuncia en la comisar\u00eda 54\u00b0.<\/p>\n<p><a href=\"http:\/\/www.elsindical.com.ar\/notas\/var\/www\/html\/notas\/wp-content\/uploads\/2017\/08\/supuestos-usurpadores.jpg\"><img loading=\"lazy\" decoding=\"async\" class=\"alignnone size-medium wp-image-71109\" src=\"http:\/\/www.elsindical.com.ar\/notas\/var\/www\/html\/notas\/wp-content\/uploads\/2017\/08\/supuestos-usurpadores-300x158.jpg\" alt=\"\" width=\"300\" height=\"158\" srcset=\"https:\/\/www.elsindical.com.ar\/notas\/var\/www\/html\/notas\/wp-content\/uploads\/2017\/08\/supuestos-usurpadores-300x158.jpg 300w, https:\/\/www.elsindical.com.ar\/notas\/var\/www\/html\/notas\/wp-content\/uploads\/2017\/08\/supuestos-usurpadores-500x263.jpg 500w, https:\/\/www.elsindical.com.ar\/notas\/var\/www\/html\/notas\/wp-content\/uploads\/2017\/08\/supuestos-usurpadores.jpg 680w\" sizes=\"auto, (max-width: 300px) 100vw, 300px\" \/><\/a><\/p>\n","protected":false},"excerpt":{"rendered":"<p>\u00a0\u00a0 La mujer fue vista por \u00faltima vez en diciembre. Dej\u00f3 su celular y sus documentos en la casa que ahora est\u00e1 habitada por desconocidos. Su familia y los vecinos denuncian que la usurparon. Familiares de Claudia Ferro, la mujer de Villa Luro que se encuentra desaparecida desde diciembre, reclam\u00f3 ayuda a la justicia para&hellip;<\/p>\n","protected":false},"author":1,"featured_media":0,"comment_status":"open","ping_status":"open","sticky":false,"template":"","format":"standard","meta":{"footnotes":""},"categories":[25],"tags":[15963,5021,157,3491],"class_list":["post-71108","post","type-post","status-publish","format-standard","hentry","category-sociedad","tag-charly","tag-claudia-ferro","tag-familiares","tag-villa-luro"],"_links":{"self":[{"href":"https:\/\/www.elsindical.com.ar\/notas\/wp-json\/wp\/v2\/posts\/71108","targetHints":{"allow":["GET"]}}],"collection":[{"href":"https:\/\/www.elsindical.com.ar\/notas\/wp-json\/wp\/v2\/posts"}],"about":[{"href":"https:\/\/www.elsindical.com.ar\/notas\/wp-json\/wp\/v2\/types\/post"}],"author":[{"embeddable":true,"href":"https:\/\/www.elsindical.com.ar\/notas\/wp-json\/wp\/v2\/users\/1"}],"replies":[{"embeddable":true,"href":"https:\/\/www.elsindical.com.ar\/notas\/wp-json\/wp\/v2\/comments?post=71108"}],"version-history":[{"count":1,"href":"https:\/\/www.elsindical.com.ar\/notas\/wp-json\/wp\/v2\/posts\/71108\/revisions"}],"predecessor-version":[{"id":71111,"href":"https:\/\/www.elsindical.com.ar\/notas\/wp-json\/wp\/v2\/posts\/71108\/revisions\/71111"}],"wp:attachment":[{"href":"https:\/\/www.elsindical.com.ar\/notas\/wp-json\/wp\/v2\/media?parent=71108"}],"wp:term":[{"taxonomy":"category","embeddable":true,"href":"https:\/\/www.elsindical.com.ar\/notas\/wp-json\/wp\/v2\/categories?post=71108"},{"taxonomy":"post_tag","embeddable":true,"href":"https:\/\/www.elsindical.com.ar\/notas\/wp-json\/wp\/v2\/tags?post=71108"}],"curies":[{"name":"wp","href":"https:\/\/api.w.org\/{rel}","templated":true}]}}