{"id":71087,"date":"2017-08-12T09:17:30","date_gmt":"2017-08-12T12:17:30","guid":{"rendered":"http:\/\/www.elsindical.com.ar\/notas\/?p=71087"},"modified":"2017-08-12T09:17:30","modified_gmt":"2017-08-12T12:17:30","slug":"vuelve-a-subir-la-tarifa-de-los-celulares-hasta-12-entre-septiembre-y-octubre","status":"publish","type":"post","link":"https:\/\/www.elsindical.com.ar\/notas\/vuelve-a-subir-la-tarifa-de-los-celulares-hasta-12-entre-septiembre-y-octubre\/","title":{"rendered":"Vuelve a subir la tarifa de los celulares: hasta 12% entre septiembre y octubre"},"content":{"rendered":"<p><em><span class=\"text description col-xs-8 col-lg-9\"><a href=\"http:\/\/www.elsindical.com.ar\/notas\/var\/www\/html\/notas\/wp-content\/uploads\/2011\/06\/uso-de-celular.jpg\"><img loading=\"lazy\" decoding=\"async\" class=\"alignnone size-full wp-image-14554\" src=\"http:\/\/www.elsindical.com.ar\/notas\/var\/www\/html\/notas\/wp-content\/uploads\/2011\/06\/uso-de-celular.jpg\" alt=\"\" width=\"295\" height=\"221\" \/><\/a>\u00a0 Personal y Movistar subir\u00e1n tarifas en las pr\u00f3ximas semanas. Claro ya lo hab\u00eda hecho. Las empresas dicen que es necesario para mejorar la calidad del servicio.<\/span><\/em><\/p>\n<p>Entre septiembre y octubre, los usuarios de tel\u00e9fonos celulares deber\u00e1n pagar hasta un 12% de aumento por el servicio. Se trata del segundo incremento del a\u00f1o para llamadas y paquetes de datoa.<\/p>\n<p><strong>MOVISTAR:<\/strong><\/p>\n<p>Desde el 25 de septiembre pr\u00f3ximo los clientes prepagos (los que realizan una carga para tener saldo) tendr\u00e1n un aumento promedio del 12%. Los usuarios que est\u00e9n bajo la modalidad pospago (con factura) tendr\u00e1n un ajuste similar al corte de la facturaci\u00f3n de ese per\u00edodo.<\/p>\n<p><strong>PERSONAL:<\/strong><\/p>\n<p>Subir\u00e1 4% en promedio los precios para los clientes prepagos a partir del pr\u00f3ximo 8 de octubre. Ya hab\u00eda aplicado una suba de 9,5% para sus usuarios prepagos y con abono en junio pasado.<\/p>\n<p>Para los clientes prepagos, Personal ofrece WhatsApp ilimitado todo el mes con s\u00f3lo una recarga de $ 50 o m\u00e1s. Y duplic\u00f3 recientemente los gigas incluidos en los planes para clientes con factura \u00absin costo adicional\u00bb.<\/p>\n<p><strong>CLARO:<\/strong><\/p>\n<p>Modificar\u00e1 sus tarifas el pr\u00f3ximo 4 de octubre. Su \u00faltimo ajuste hab\u00eda sido en marzo pasado y rond\u00f3 el 12%.<\/p>\n","protected":false},"excerpt":{"rendered":"<p>\u00a0 Personal y Movistar subir\u00e1n tarifas en las pr\u00f3ximas semanas. Claro ya lo hab\u00eda hecho. Las empresas dicen que es necesario para mejorar la calidad del servicio. Entre septiembre y octubre, los usuarios de tel\u00e9fonos celulares deber\u00e1n pagar hasta un 12% de aumento por el servicio. Se trata del segundo incremento del a\u00f1o para llamadas&hellip;<\/p>\n","protected":false},"author":1,"featured_media":0,"comment_status":"open","ping_status":"open","sticky":false,"template":"","format":"standard","meta":{"footnotes":""},"categories":[9],"tags":[357,1937,5283,1936,373],"class_list":["post-71087","post","type-post","status-publish","format-standard","hentry","category-economia","tag-aumento","tag-claro","tag-movistar","tag-personal","tag-tarifas"],"_links":{"self":[{"href":"https:\/\/www.elsindical.com.ar\/notas\/wp-json\/wp\/v2\/posts\/71087","targetHints":{"allow":["GET"]}}],"collection":[{"href":"https:\/\/www.elsindical.com.ar\/notas\/wp-json\/wp\/v2\/posts"}],"about":[{"href":"https:\/\/www.elsindical.com.ar\/notas\/wp-json\/wp\/v2\/types\/post"}],"author":[{"embeddable":true,"href":"https:\/\/www.elsindical.com.ar\/notas\/wp-json\/wp\/v2\/users\/1"}],"replies":[{"embeddable":true,"href":"https:\/\/www.elsindical.com.ar\/notas\/wp-json\/wp\/v2\/comments?post=71087"}],"version-history":[{"count":1,"href":"https:\/\/www.elsindical.com.ar\/notas\/wp-json\/wp\/v2\/posts\/71087\/revisions"}],"predecessor-version":[{"id":71088,"href":"https:\/\/www.elsindical.com.ar\/notas\/wp-json\/wp\/v2\/posts\/71087\/revisions\/71088"}],"wp:attachment":[{"href":"https:\/\/www.elsindical.com.ar\/notas\/wp-json\/wp\/v2\/media?parent=71087"}],"wp:term":[{"taxonomy":"category","embeddable":true,"href":"https:\/\/www.elsindical.com.ar\/notas\/wp-json\/wp\/v2\/categories?post=71087"},{"taxonomy":"post_tag","embeddable":true,"href":"https:\/\/www.elsindical.com.ar\/notas\/wp-json\/wp\/v2\/tags?post=71087"}],"curies":[{"name":"wp","href":"https:\/\/api.w.org\/{rel}","templated":true}]}}