{"id":71084,"date":"2017-08-12T09:14:09","date_gmt":"2017-08-12T12:14:09","guid":{"rendered":"http:\/\/www.elsindical.com.ar\/notas\/?p=71084"},"modified":"2017-08-12T09:14:09","modified_gmt":"2017-08-12T12:14:09","slug":"operativo-inedito-en-fronteras-para-evitar-el-ingreso-de-votantes-que-no-viven-en-argentina","status":"publish","type":"post","link":"https:\/\/www.elsindical.com.ar\/notas\/operativo-inedito-en-fronteras-para-evitar-el-ingreso-de-votantes-que-no-viven-en-argentina\/","title":{"rendered":"Operativo in\u00e9dito en fronteras para evitar el ingreso de votantes que no viven en Argentina"},"content":{"rendered":"<p><em><span class=\"text description col-xs-8 col-lg-9\">\u00a0<a href=\"http:\/\/www.elsindical.com.ar\/notas\/var\/www\/html\/notas\/wp-content\/uploads\/2017\/08\/frontera-Argentina.jpg\"><img loading=\"lazy\" decoding=\"async\" class=\"alignnone size-medium wp-image-71085\" src=\"http:\/\/www.elsindical.com.ar\/notas\/var\/www\/html\/notas\/wp-content\/uploads\/2017\/08\/frontera-Argentina-300x225.jpg\" alt=\"\" width=\"300\" height=\"225\" srcset=\"https:\/\/www.elsindical.com.ar\/notas\/var\/www\/html\/notas\/wp-content\/uploads\/2017\/08\/frontera-Argentina-300x225.jpg 300w, https:\/\/www.elsindical.com.ar\/notas\/var\/www\/html\/notas\/wp-content\/uploads\/2017\/08\/frontera-Argentina-768x576.jpg 768w, https:\/\/www.elsindical.com.ar\/notas\/var\/www\/html\/notas\/wp-content\/uploads\/2017\/08\/frontera-Argentina-400x300.jpg 400w, https:\/\/www.elsindical.com.ar\/notas\/var\/www\/html\/notas\/wp-content\/uploads\/2017\/08\/frontera-Argentina.jpg 840w\" sizes=\"auto, (max-width: 300px) 100vw, 300px\" \/><\/a> D\u00edas atr\u00e1s se conoci\u00f3 un audio de una radio de la ciudad paraguaya de Alberdi, que est\u00e1 frente a Formosa capital, donde llaman a los ciudadanos a votar en las PASO, en particular aquellos que reciben alg\u00fan subsidio del Estado argentino.<\/span><\/em><\/p>\n<p>La ministra de Seguridad, Patricia Bullrich, destac\u00f3 hoy la implementaci\u00f3n de un operativo \u00abin\u00e9dito, que por primera vez se va a hacer\u00bb para controlar el ingreso de votantes que no viven en Argentina en todas las fronteras del norte del pa\u00eds.<\/p>\n<p>En ese marco, la ministra se\u00f1al\u00f3 que los ciudadanos argentinos residentes en el exterior \u00abdeben votar en los consulados, no cruzar en lancha un r\u00edo porque les queda m\u00e1s cerca\u00bb.<\/p>\n<p>\u00abTenemos gente en todos los pasos formales e informales en toda la zona del Litoral\u00bb, a\u00f1adi\u00f3 y se\u00f1al\u00f3 que la ubicaci\u00f3n de los agentes se defini\u00f3 \u00abdonde la C\u00e1mara Electoral nos ha marcado que puede haber un punto de paso\u00bb.<\/p>\n<p>Personal de la Direcci\u00f3n de Fronteras que \u00abya est\u00e1n desplegados en Clorinda (Formosa), Iat\u00ed (Corrientes), Puerto Iguaz\u00fa (Misiones), y entre 10 y 12 puntos\u00bb.<\/p>\n<p>\u00abNo se va a permitir ning\u00fan tipo de entrada por pasos que no est\u00e1n habilitados. No van a poder entrar nadie con un bote o barquito. Habr\u00e1 que entrar por pasos habilitados, va haber un control muy estricto para que no nos hagan las maniobrasque hac\u00edan antes\u00bb, enfatiz\u00f3 Bullrich.<\/p>\n<p>D\u00edas atr\u00e1s se conoci\u00f3 un audio de una radio de la ciudad paraguaya de Alberdi, que est\u00e1 frente a Formosa capital, donde llaman a los ciudadanos a votar en las PASO, en particular aquellos que reciben alg\u00fan subsidio del Estado argentino.<\/p>\n","protected":false},"excerpt":{"rendered":"<p>\u00a0 D\u00edas atr\u00e1s se conoci\u00f3 un audio de una radio de la ciudad paraguaya de Alberdi, que est\u00e1 frente a Formosa capital, donde llaman a los ciudadanos a votar en las PASO, en particular aquellos que reciben alg\u00fan subsidio del Estado argentino. La ministra de Seguridad, Patricia Bullrich, destac\u00f3 hoy la implementaci\u00f3n de un operativo&hellip;<\/p>\n","protected":false},"author":1,"featured_media":0,"comment_status":"open","ping_status":"open","sticky":false,"template":"","format":"standard","meta":{"footnotes":""},"categories":[13],"tags":[849,16752,1241],"class_list":["post-71084","post","type-post","status-publish","format-standard","hentry","category-politica","tag-estado","tag-paso","tag-patricia-bullrich"],"_links":{"self":[{"href":"https:\/\/www.elsindical.com.ar\/notas\/wp-json\/wp\/v2\/posts\/71084","targetHints":{"allow":["GET"]}}],"collection":[{"href":"https:\/\/www.elsindical.com.ar\/notas\/wp-json\/wp\/v2\/posts"}],"about":[{"href":"https:\/\/www.elsindical.com.ar\/notas\/wp-json\/wp\/v2\/types\/post"}],"author":[{"embeddable":true,"href":"https:\/\/www.elsindical.com.ar\/notas\/wp-json\/wp\/v2\/users\/1"}],"replies":[{"embeddable":true,"href":"https:\/\/www.elsindical.com.ar\/notas\/wp-json\/wp\/v2\/comments?post=71084"}],"version-history":[{"count":1,"href":"https:\/\/www.elsindical.com.ar\/notas\/wp-json\/wp\/v2\/posts\/71084\/revisions"}],"predecessor-version":[{"id":71086,"href":"https:\/\/www.elsindical.com.ar\/notas\/wp-json\/wp\/v2\/posts\/71084\/revisions\/71086"}],"wp:attachment":[{"href":"https:\/\/www.elsindical.com.ar\/notas\/wp-json\/wp\/v2\/media?parent=71084"}],"wp:term":[{"taxonomy":"category","embeddable":true,"href":"https:\/\/www.elsindical.com.ar\/notas\/wp-json\/wp\/v2\/categories?post=71084"},{"taxonomy":"post_tag","embeddable":true,"href":"https:\/\/www.elsindical.com.ar\/notas\/wp-json\/wp\/v2\/tags?post=71084"}],"curies":[{"name":"wp","href":"https:\/\/api.w.org\/{rel}","templated":true}]}}