{"id":71078,"date":"2017-08-12T09:06:02","date_gmt":"2017-08-12T12:06:02","guid":{"rendered":"http:\/\/www.elsindical.com.ar\/notas\/?p=71078"},"modified":"2017-08-12T09:06:02","modified_gmt":"2017-08-12T12:06:02","slug":"una-multitud-pidio-por-la-aparicion-de-santiago-maldonado","status":"publish","type":"post","link":"https:\/\/www.elsindical.com.ar\/notas\/una-multitud-pidio-por-la-aparicion-de-santiago-maldonado\/","title":{"rendered":"Una multitud pidi\u00f3 por la aparici\u00f3n de Santiago Maldonado"},"content":{"rendered":"<p><em>\u00a0 <a href=\"http:\/\/www.elsindical.com.ar\/notas\/var\/www\/html\/notas\/wp-content\/uploads\/2017\/08\/marcha-por-Santiago-Maldonado.jpg\"><img loading=\"lazy\" decoding=\"async\" class=\"alignnone size-medium wp-image-71079\" src=\"http:\/\/www.elsindical.com.ar\/notas\/var\/www\/html\/notas\/wp-content\/uploads\/2017\/08\/marcha-por-Santiago-Maldonado-300x168.jpg\" alt=\"\" width=\"300\" height=\"168\" srcset=\"https:\/\/www.elsindical.com.ar\/notas\/var\/www\/html\/notas\/wp-content\/uploads\/2017\/08\/marcha-por-Santiago-Maldonado-300x168.jpg 300w, https:\/\/www.elsindical.com.ar\/notas\/var\/www\/html\/notas\/wp-content\/uploads\/2017\/08\/marcha-por-Santiago-Maldonado-500x280.jpg 500w, https:\/\/www.elsindical.com.ar\/notas\/var\/www\/html\/notas\/wp-content\/uploads\/2017\/08\/marcha-por-Santiago-Maldonado.jpg 680w\" sizes=\"auto, (max-width: 300px) 100vw, 300px\" \/><\/a>La convocatoria se concentr\u00f3 en Plaza de Mayo donde la familia de Santiago Maldonado en conjunto con organizaciones de derechos humanos y miles de asistentes, reclamaron que aparezca el joven con vida.<\/em><\/p>\n<p>Miles\u00a0de personas se\u00a0concentraron en Plaza de Mayo para demandar\u00a0la aparici\u00f3n con vida de <strong>Santiago Maldonado,\u00a0<\/strong>que fue visto por \u00faltima vez\u00a0diez d\u00edas atr\u00e1s cuando fuerzas de seguridad se lo llevaron en una camioneta blanca, seg\u00fan versiones de testigos.<\/p>\n<p><em>\u00abEn la desaparici\u00f3n de Santiago el \u00fanico responsable es el Estado\u00bb<\/em>, dijo <strong>Taty Almeida<\/strong>, activista de Madres de Plaza de Mayo, que ley\u00f3 un documento durante la protesta.<\/p>\n<p><em>\u00abEsta es la principal hip\u00f3tesis, que debe investigarse. Hay que entender qu\u00e9 pas\u00f3 con la Gendarmer\u00eda Nacional, y\u00a0principalmente dar con Santiago Maldonado\u00bb<\/em>, dijo\u00a0<strong>Gabriela Kletzel<\/strong>, experta de la ONG argentina Centro de Estudios \u00a0Legales y Sociales.<\/p>\n<p>Durante la convocatoria, exponentes de Abuelas y Madres de Plaza de Mayo tambi\u00e9n hicieron referencia a la fibra\u00a0sensible que representan los desaparecidos en Argentina.<\/p>\n<p>Hasta ahora, el Gobierno no ha dado certezas sobre el caso. \u00a0La ministra de Seguridad, <strong>Patricia Bullrich<\/strong>, afirm\u00f3 que <em>\u00abno hay ning\u00fan indicio\u00bb<\/em>\u00a0de que las fuerzas de seguridad hayan capturado a Maldonado, ni de que \u00e9l haya siquiera estado en el lugar de los \u00a0hechos, ya que las personas presentes ten\u00edan sus caras\u00a0cubiertas.<\/p>\n<p>&nbsp;<\/p>\n","protected":false},"excerpt":{"rendered":"<p>\u00a0 La convocatoria se concentr\u00f3 en Plaza de Mayo donde la familia de Santiago Maldonado en conjunto con organizaciones de derechos humanos y miles de asistentes, reclamaron que aparezca el joven con vida. Miles\u00a0de personas se\u00a0concentraron en Plaza de Mayo para demandar\u00a0la aparici\u00f3n con vida de Santiago Maldonado,\u00a0que fue visto por \u00faltima vez\u00a0diez d\u00edas atr\u00e1s&hellip;<\/p>\n","protected":false},"author":1,"featured_media":0,"comment_status":"open","ping_status":"open","sticky":false,"template":"","format":"standard","meta":{"footnotes":""},"categories":[25],"tags":[1429,904,26803],"class_list":["post-71078","post","type-post","status-publish","format-standard","hentry","category-sociedad","tag-gendarmeria-nacional","tag-plaza-de-mayo","tag-santiago-maldonado"],"_links":{"self":[{"href":"https:\/\/www.elsindical.com.ar\/notas\/wp-json\/wp\/v2\/posts\/71078","targetHints":{"allow":["GET"]}}],"collection":[{"href":"https:\/\/www.elsindical.com.ar\/notas\/wp-json\/wp\/v2\/posts"}],"about":[{"href":"https:\/\/www.elsindical.com.ar\/notas\/wp-json\/wp\/v2\/types\/post"}],"author":[{"embeddable":true,"href":"https:\/\/www.elsindical.com.ar\/notas\/wp-json\/wp\/v2\/users\/1"}],"replies":[{"embeddable":true,"href":"https:\/\/www.elsindical.com.ar\/notas\/wp-json\/wp\/v2\/comments?post=71078"}],"version-history":[{"count":1,"href":"https:\/\/www.elsindical.com.ar\/notas\/wp-json\/wp\/v2\/posts\/71078\/revisions"}],"predecessor-version":[{"id":71080,"href":"https:\/\/www.elsindical.com.ar\/notas\/wp-json\/wp\/v2\/posts\/71078\/revisions\/71080"}],"wp:attachment":[{"href":"https:\/\/www.elsindical.com.ar\/notas\/wp-json\/wp\/v2\/media?parent=71078"}],"wp:term":[{"taxonomy":"category","embeddable":true,"href":"https:\/\/www.elsindical.com.ar\/notas\/wp-json\/wp\/v2\/categories?post=71078"},{"taxonomy":"post_tag","embeddable":true,"href":"https:\/\/www.elsindical.com.ar\/notas\/wp-json\/wp\/v2\/tags?post=71078"}],"curies":[{"name":"wp","href":"https:\/\/api.w.org\/{rel}","templated":true}]}}