{"id":70944,"date":"2017-08-08T00:30:51","date_gmt":"2017-08-08T03:30:51","guid":{"rendered":"http:\/\/www.elsindical.com.ar\/notas\/?p=70944"},"modified":"2017-08-08T00:30:51","modified_gmt":"2017-08-08T03:30:51","slug":"chaco-detienen-a-un-funcionario-de-cambiemos-con","status":"publish","type":"post","link":"https:\/\/www.elsindical.com.ar\/notas\/chaco-detienen-a-un-funcionario-de-cambiemos-con\/","title":{"rendered":"Chaco: Detienen a un funcionario de CAMBIEMOS con"},"content":{"rendered":"<p><em><a href=\"http:\/\/www.elsindical.com.ar\/notas\/var\/www\/html\/notas\/wp-content\/uploads\/2017\/08\/funcionario-detenido-CAMBIEMOS.jpg\"><img loading=\"lazy\" decoding=\"async\" class=\"alignnone size-medium wp-image-70945\" src=\"http:\/\/www.elsindical.com.ar\/notas\/var\/www\/html\/notas\/wp-content\/uploads\/2017\/08\/funcionario-detenido-CAMBIEMOS-300x169.jpg\" alt=\"\" width=\"300\" height=\"169\" srcset=\"https:\/\/www.elsindical.com.ar\/notas\/var\/www\/html\/notas\/wp-content\/uploads\/2017\/08\/funcionario-detenido-CAMBIEMOS-300x169.jpg 300w, https:\/\/www.elsindical.com.ar\/notas\/var\/www\/html\/notas\/wp-content\/uploads\/2017\/08\/funcionario-detenido-CAMBIEMOS.jpg 443w\" sizes=\"auto, (max-width: 300px) 100vw, 300px\" \/><\/a>\u00a0 El detenido es empleado de planta permanente de la Legislatura del Chaco, afiliado de la UCR desde hace 15 a\u00f1os y cumpli\u00f3 funciones en el bloque de Diputados radicales, a pedido de legisladores que ocuparon y algunos que actualmente ocupan bancas.<\/em><\/p>\n<p>El operativo se origin\u00f3 el pasado jueves a las 16:30, cuando personal de la Prefectura Naval Argentina, efectuando un operativo de control vehicular e identificaci\u00f3n de personas, detiene la marcha de una camioneta Mercedes Benz Sprinter, con dos ocupantes sobre la Ruta Provincial N\u00b0 63, progresiva de la altura del Km. 1207 margen derecha del Rio Paran\u00e1.<\/p>\n<p>En dicho control, detuvieron la marcha de un veh\u00edculo, y luego de las actuaciones, constataron que uno de ellos era empleado del Poder Legislativo del Chaco.<\/p>\n<p>El empleado legislativo detenido, de apellido Sergio Garc\u00eda, es empleado p\u00fablico de planta permenente de la Legislatura hace 15 a\u00f1os, \u201cingres\u00f3 de la mano de Carlos Ulrich\u201d, asimismo confirmaron \u201ces afiliado y dirigente del Partido Radical\u201d.<\/p>\n<p>Una vez identificados los hombres, se les solicit\u00f3 exhibir el interior del veh\u00edculo, constatando en la parte posterior del mismo, cargada con bultos rectangulares envueltos con cinta de embalar similares a los de marihuana.<\/p>\n<p>Como resultado de la requisa, decomisaron un cargamento de 1474 kilos con 990 gramos de marihuana, divididos en 1592 \u201cpanes\u201d, con un valor comercial que supera los 26 millones de pesos.<\/p>\n<p>El Juzgado Federal N\u00ba2 de Resistencia, a cargo de Zunilda Niremperger, orden\u00f3 la detenci\u00f3n de Sergio Garc\u00eda y su acompa\u00f1ante, por encontrarlos involucrados en el caso, y la incautaci\u00f3n de la droga.<\/p>\n","protected":false},"excerpt":{"rendered":"<p>\u00a0 El detenido es empleado de planta permanente de la Legislatura del Chaco, afiliado de la UCR desde hace 15 a\u00f1os y cumpli\u00f3 funciones en el bloque de Diputados radicales, a pedido de legisladores que ocuparon y algunos que actualmente ocupan bancas. El operativo se origin\u00f3 el pasado jueves a las 16:30, cuando personal de&hellip;<\/p>\n","protected":false},"author":1,"featured_media":0,"comment_status":"open","ping_status":"open","sticky":false,"template":"","format":"standard","meta":{"footnotes":""},"categories":[22],"tags":[255,42,664],"class_list":["post-70944","post","type-post","status-publish","format-standard","hentry","category-policiales","tag-chaco","tag-droga","tag-marihuana"],"_links":{"self":[{"href":"https:\/\/www.elsindical.com.ar\/notas\/wp-json\/wp\/v2\/posts\/70944","targetHints":{"allow":["GET"]}}],"collection":[{"href":"https:\/\/www.elsindical.com.ar\/notas\/wp-json\/wp\/v2\/posts"}],"about":[{"href":"https:\/\/www.elsindical.com.ar\/notas\/wp-json\/wp\/v2\/types\/post"}],"author":[{"embeddable":true,"href":"https:\/\/www.elsindical.com.ar\/notas\/wp-json\/wp\/v2\/users\/1"}],"replies":[{"embeddable":true,"href":"https:\/\/www.elsindical.com.ar\/notas\/wp-json\/wp\/v2\/comments?post=70944"}],"version-history":[{"count":1,"href":"https:\/\/www.elsindical.com.ar\/notas\/wp-json\/wp\/v2\/posts\/70944\/revisions"}],"predecessor-version":[{"id":70946,"href":"https:\/\/www.elsindical.com.ar\/notas\/wp-json\/wp\/v2\/posts\/70944\/revisions\/70946"}],"wp:attachment":[{"href":"https:\/\/www.elsindical.com.ar\/notas\/wp-json\/wp\/v2\/media?parent=70944"}],"wp:term":[{"taxonomy":"category","embeddable":true,"href":"https:\/\/www.elsindical.com.ar\/notas\/wp-json\/wp\/v2\/categories?post=70944"},{"taxonomy":"post_tag","embeddable":true,"href":"https:\/\/www.elsindical.com.ar\/notas\/wp-json\/wp\/v2\/tags?post=70944"}],"curies":[{"name":"wp","href":"https:\/\/api.w.org\/{rel}","templated":true}]}}