{"id":70937,"date":"2017-08-07T18:10:37","date_gmt":"2017-08-07T21:10:37","guid":{"rendered":"http:\/\/www.elsindical.com.ar\/notas\/?p=70937"},"modified":"2017-08-07T18:10:37","modified_gmt":"2017-08-07T21:10:37","slug":"la-historia-de-mateo-carbajal-el-pequeno-atleta-no-vidente-que-emociona-por-su-fuerza","status":"publish","type":"post","link":"https:\/\/www.elsindical.com.ar\/notas\/la-historia-de-mateo-carbajal-el-pequeno-atleta-no-vidente-que-emociona-por-su-fuerza\/","title":{"rendered":"La historia de Mateo Carbajal, el peque\u00f1o atleta no vidente que emociona por su fuerza"},"content":{"rendered":"<p class=\"bajada\"><em><a href=\"http:\/\/www.elsindical.com.ar\/notas\/var\/www\/html\/notas\/wp-content\/uploads\/2017\/08\/Mateo-Carbajal.jpg\"><img loading=\"lazy\" decoding=\"async\" class=\"alignnone size-medium wp-image-70938\" src=\"http:\/\/www.elsindical.com.ar\/notas\/var\/www\/html\/notas\/wp-content\/uploads\/2017\/08\/Mateo-Carbajal-300x179.jpg\" alt=\"\" width=\"300\" height=\"179\" srcset=\"https:\/\/www.elsindical.com.ar\/notas\/var\/www\/html\/notas\/wp-content\/uploads\/2017\/08\/Mateo-Carbajal-300x179.jpg 300w, https:\/\/www.elsindical.com.ar\/notas\/var\/www\/html\/notas\/wp-content\/uploads\/2017\/08\/Mateo-Carbajal-500x298.jpg 500w, https:\/\/www.elsindical.com.ar\/notas\/var\/www\/html\/notas\/wp-content\/uploads\/2017\/08\/Mateo-Carbajal.jpg 620w\" sizes=\"auto, (max-width: 300px) 100vw, 300px\" \/><\/a>\u00a0 Tiene ocho a\u00f1os y vive con sus padres y hermana en Jun\u00edn. A los cuatro d\u00edas de vida sufri\u00f3 el desprendimiento de sus retinas, como consecuencia de una bacteria hospitalaria. Pero nada lo detuvo. El cari\u00f1o de sus padres, el amor y la pasi\u00f3n por el deporte hicieron que sus d\u00edas cambien por completo.<\/em><\/p>\n<p>Este s\u00e1bado fue un d\u00eda imborrable en la vida de\u00a0Mateo\u00a0Carbajal. Este peque\u00f1o atleta no vidente particip\u00f3 por primera vez en una competencia que se realiz\u00f3 en Los\u00a0Toldos, ciudad cabecera del distrito de General Viamonte . Pero este hecho es s\u00f3lo el peque\u00f1o cap\u00edtulo de una gran historia.<\/p>\n<p>Mateo\u00a0tiene ocho a\u00f1os y el primer obst\u00e1culo que tuvo se le present\u00f3 a los cuatro d\u00edas de vida, cuando una bacteria hospitalaria le gener\u00f3 el desprendimiento total de sus retinas. A partir de ese momento, su realidad y la de su familia se transformaron por completo.<\/p>\n<p>Pero el destino le guardaba sorpresas.\u00a0Mateo\u00a0creci\u00f3 en un contexto familiar repleto de amor y acompa\u00f1amiento; y es ah\u00ed donde\u00a0Estefan\u00eda\u00a0y\u00a0Brian, sus padres, cumplieron un rol clave. En su paso por el jard\u00edn de infantes, el peque\u00f1o comenz\u00f3 a dar se\u00f1ales de una inmensa fuerza de voluntad. Esa caracter\u00edstica se confirm\u00f3 cuando comenz\u00f3 la primaria y mucho m\u00e1s cuando arranc\u00f3 a practicar deportes.<\/p>\n<p>La actualidad lo encuentra con una gran\u00a0motivaci\u00f3n. En los \u00faltimos dos meses, este peque\u00f1o atleta se estuvo preparando junto al gu\u00eda Walter Nuozzi para participar de la carrera en\u00a0Los\u00a0Toldos.<\/p>\n<p><strong>Entrevista con\u00a0Democracia<\/strong><\/p>\n<p>Estefan\u00eda, la mam\u00e1\u00a0del peque\u00f1o guerrero, en una entrevista con el diario local, Democracia, cont\u00f3 la historia de su hijo Mateo.<\/p>\n<p><strong>&#8211; \u00bfC\u00f3mo surge el inter\u00e9s de Mateo por el atletismo?<\/strong><\/p>\n<p>&#8211; \u00c9l iba a f\u00fatbol hasta que por intermedio de la directora de la escuela 29, Marisa Larroca, lo conocimos a Walter (Nuozzi) y as\u00ed comenz\u00f3 a entrenar. Tambi\u00e9n hace kempo. Pero hoy en d\u00eda, Mateo disfruta mucho ir a entrenar con Walter, quien siempre se mostr\u00f3 muy predispuesto. El tiene una paciencia y un coraz\u00f3n enorme. Lo ayud\u00f3 mucho porque Mateo estaba mucho tiempo en casa y ahora sale, vale a entrenar. Todo esto lo ayud\u00f3 mucho a sociabilizarse. Es como que en alg\u00fan punto todo esto le cambi\u00f3 la vida, gracias a dios.<\/p>\n<p><strong>&#8211; \u00bfCual es la discapacidad de Mateo?<\/strong><\/p>\n<p>&#8211; Tiene desprendimiento de retina en sus dos ojos. No fue de nacimiento. A los cuatro d\u00edas de haber nacido lo agarr\u00f3 una bacteria en el hospital que estaba internado, en Buenos Aires, y le comi\u00f3 parte de los dos ojitos. A los tres meses le hicieron una operaci\u00f3n, en uno de los ojos, pero se volvi\u00f3 a desprender la retina y no dio resultado. Y bueno, hoy es un nene no vidente.<\/p>\n<p><strong>&#8211; \u00bfC\u00f3mo sigui\u00f3 su vida?<\/strong><\/p>\n<p>&#8211; Por suerte lo m\u00e1s normal posible. Fue al jard\u00edn y a la escuela solito, nunca necesit\u00f3 de una maestra integradora, ni nada. Nunca se lastim\u00f3 y siempre se pudo manejar muy bien. Le gusta andar en bici, en rollers, no tiene miedo. La verdad que Mateo va al frente.<\/p>\n<p><strong>&#8211; \u00bfC\u00f3mo vive el hecho de que vaya a intervenir en esta competencia?<\/strong><\/p>\n<p>&#8211; Con muchos nervios porque todo esto es muy nuevo para nosotros. Pero bueno, por Mateo estamos y nos armamos de fuerza. Es muy emocionante todo. Sinceramente, no pens\u00e1bamos que \u00edbamos a estar viviendo esto que es tan lindo.<\/p>\n<p><strong>&#8211; \u00bfC\u00f3mo es \u00e9l?<\/strong><\/p>\n<p>&#8211; Es un chico re independiente, hoy m\u00e1s sociable, compa\u00f1ero y muy valiente. Este momento para nosotros es muy importante y se lo tenemos que agradecer, en gran parte, a Marisa (directora) porque ella nos puso en contacto con Walter. A Walter tambi\u00e9n, porque \u00e9l, con su trabajo, hizo que Mateo se sienta m\u00e1s confiado y esa seguridad tambi\u00e9n la notamos nosotros en la familia. As\u00ed que para nosotros lo que est\u00e1 pasando es important\u00edsimo.<\/p>\n<p><strong>&#8211; \u00bfC\u00f3mo estableces v\u00ednculo con Mateo?<\/strong><\/p>\n<p>&#8211; Esto es el resultado de una suma de voluntades. Yo hace tres a\u00f1os que pertenezco a una fundaci\u00f3n en Buenos Aires que se llama Ojo de \u00c1guila y que est\u00e1 conformada por un grupo de gu\u00edas de atletas con disminuci\u00f3n visual. La mayor\u00eda de la<\/p>\n","protected":false},"excerpt":{"rendered":"<p>\u00a0 Tiene ocho a\u00f1os y vive con sus padres y hermana en Jun\u00edn. A los cuatro d\u00edas de vida sufri\u00f3 el desprendimiento de sus retinas, como consecuencia de una bacteria hospitalaria. Pero nada lo detuvo. El cari\u00f1o de sus padres, el amor y la pasi\u00f3n por el deporte hicieron que sus d\u00edas cambien por completo.&hellip;<\/p>\n","protected":false},"author":1,"featured_media":0,"comment_status":"open","ping_status":"open","sticky":false,"template":"","format":"standard","meta":{"footnotes":""},"categories":[25],"tags":[17231,7748,26765,26766],"class_list":["post-70937","post","type-post","status-publish","format-standard","hentry","category-sociedad","tag-atleta","tag-junin","tag-mateo-carbajal","tag-no-vidente"],"_links":{"self":[{"href":"https:\/\/www.elsindical.com.ar\/notas\/wp-json\/wp\/v2\/posts\/70937","targetHints":{"allow":["GET"]}}],"collection":[{"href":"https:\/\/www.elsindical.com.ar\/notas\/wp-json\/wp\/v2\/posts"}],"about":[{"href":"https:\/\/www.elsindical.com.ar\/notas\/wp-json\/wp\/v2\/types\/post"}],"author":[{"embeddable":true,"href":"https:\/\/www.elsindical.com.ar\/notas\/wp-json\/wp\/v2\/users\/1"}],"replies":[{"embeddable":true,"href":"https:\/\/www.elsindical.com.ar\/notas\/wp-json\/wp\/v2\/comments?post=70937"}],"version-history":[{"count":1,"href":"https:\/\/www.elsindical.com.ar\/notas\/wp-json\/wp\/v2\/posts\/70937\/revisions"}],"predecessor-version":[{"id":70939,"href":"https:\/\/www.elsindical.com.ar\/notas\/wp-json\/wp\/v2\/posts\/70937\/revisions\/70939"}],"wp:attachment":[{"href":"https:\/\/www.elsindical.com.ar\/notas\/wp-json\/wp\/v2\/media?parent=70937"}],"wp:term":[{"taxonomy":"category","embeddable":true,"href":"https:\/\/www.elsindical.com.ar\/notas\/wp-json\/wp\/v2\/categories?post=70937"},{"taxonomy":"post_tag","embeddable":true,"href":"https:\/\/www.elsindical.com.ar\/notas\/wp-json\/wp\/v2\/tags?post=70937"}],"curies":[{"name":"wp","href":"https:\/\/api.w.org\/{rel}","templated":true}]}}