{"id":70895,"date":"2017-08-06T09:53:57","date_gmt":"2017-08-06T12:53:57","guid":{"rendered":"http:\/\/www.elsindical.com.ar\/notas\/?p=70895"},"modified":"2017-08-06T09:53:57","modified_gmt":"2017-08-06T12:53:57","slug":"la-plata-detuvieron-a-candidato-de-randazzo-acusado-de-matar-a-un-vecino","status":"publish","type":"post","link":"https:\/\/www.elsindical.com.ar\/notas\/la-plata-detuvieron-a-candidato-de-randazzo-acusado-de-matar-a-un-vecino\/","title":{"rendered":"La Plata: Detuvieron a candidato de Randazzo acusado de matar a un vecino"},"content":{"rendered":"<p><em><span class=\"text description col-xs-8 col-lg-9\"><a href=\"http:\/\/www.elsindical.com.ar\/notas\/var\/www\/html\/notas\/wp-content\/uploads\/2017\/08\/crimen-La-Plata-precandidato.jpg\"><img loading=\"lazy\" decoding=\"async\" class=\"alignnone size-medium wp-image-70897\" src=\"http:\/\/www.elsindical.com.ar\/notas\/var\/www\/html\/notas\/wp-content\/uploads\/2017\/08\/crimen-La-Plata-precandidato-300x206.jpg\" alt=\"\" width=\"300\" height=\"206\" srcset=\"https:\/\/www.elsindical.com.ar\/notas\/var\/www\/html\/notas\/wp-content\/uploads\/2017\/08\/crimen-La-Plata-precandidato-300x206.jpg 300w, https:\/\/www.elsindical.com.ar\/notas\/var\/www\/html\/notas\/wp-content\/uploads\/2017\/08\/crimen-La-Plata-precandidato-437x300.jpg 437w, https:\/\/www.elsindical.com.ar\/notas\/var\/www\/html\/notas\/wp-content\/uploads\/2017\/08\/crimen-La-Plata-precandidato.jpg 728w\" sizes=\"auto, (max-width: 300px) 100vw, 300px\" \/><\/a>\u00a0 Cristian Colombo asesin\u00f3 a un vecino con una escopeta tras una discusi\u00f3n. Integraba la n\u00f3mina de concejales del frente \u00abCumplir\u00bb pero luego de este episodio, la lista fue dada de baja de forma completa.<\/span><\/em><\/p>\n<p>Cristian Colombo, integrante en la lista de precandidatos a concejales en Ensenada del frente \u00abCumplir\u00bb que encabeza Florencio Randazzo a nivel nacional, fue detenido por ser el principal sospechoso por el crimen de un hombre identificado como Lucio Claudio Vacelar que fue atacado con una escopeta en una pelea de vecinos.<\/p>\n<p>Tras fugarse a bordo de un taxi, Colombo fue encontrado por la polic\u00eda junto a su concubina en un domicilio en las inmediaciones de las calles 37 y 122 del barrio El Dique, a pocas cuadras de donde se cometi\u00f3 el asesinato.<\/p>\n<p>Ante lo sucedido, desde el entorno de Randazzo confirmaron que la lista fue bajada de forma completa y no competir\u00e1 por el espacio el domingo 13 de agosto.<\/p>\n<p><a href=\"http:\/\/www.elsindical.com.ar\/notas\/var\/www\/html\/notas\/wp-content\/uploads\/2017\/08\/Lucio-Vacelas-reclamo-de-justicia.jpg\"><img loading=\"lazy\" decoding=\"async\" class=\"alignnone size-medium wp-image-70896\" src=\"http:\/\/www.elsindical.com.ar\/notas\/var\/www\/html\/notas\/wp-content\/uploads\/2017\/08\/Lucio-Vacelas-reclamo-de-justicia-300x169.jpg\" alt=\"\" width=\"300\" height=\"169\" srcset=\"https:\/\/www.elsindical.com.ar\/notas\/var\/www\/html\/notas\/wp-content\/uploads\/2017\/08\/Lucio-Vacelas-reclamo-de-justicia-300x169.jpg 300w, https:\/\/www.elsindical.com.ar\/notas\/var\/www\/html\/notas\/wp-content\/uploads\/2017\/08\/Lucio-Vacelas-reclamo-de-justicia-500x282.jpg 500w, https:\/\/www.elsindical.com.ar\/notas\/var\/www\/html\/notas\/wp-content\/uploads\/2017\/08\/Lucio-Vacelas-reclamo-de-justicia.jpg 600w\" sizes=\"auto, (max-width: 300px) 100vw, 300px\" \/><\/a><\/p>\n","protected":false},"excerpt":{"rendered":"<p>\u00a0 Cristian Colombo asesin\u00f3 a un vecino con una escopeta tras una discusi\u00f3n. Integraba la n\u00f3mina de concejales del frente \u00abCumplir\u00bb pero luego de este episodio, la lista fue dada de baja de forma completa. Cristian Colombo, integrante en la lista de precandidatos a concejales en Ensenada del frente \u00abCumplir\u00bb que encabeza Florencio Randazzo a&hellip;<\/p>\n","protected":false},"author":1,"featured_media":0,"comment_status":"open","ping_status":"open","sticky":false,"template":"","format":"standard","meta":{"footnotes":""},"categories":[22],"tags":[5673,26751,26313,1995,26750],"class_list":["post-70895","post","type-post","status-publish","format-standard","hentry","category-policiales","tag-candidato","tag-cristian-colombo","tag-cumplir","tag-florencio-randazzo","tag-lucio-claudio-vacelar"],"_links":{"self":[{"href":"https:\/\/www.elsindical.com.ar\/notas\/wp-json\/wp\/v2\/posts\/70895","targetHints":{"allow":["GET"]}}],"collection":[{"href":"https:\/\/www.elsindical.com.ar\/notas\/wp-json\/wp\/v2\/posts"}],"about":[{"href":"https:\/\/www.elsindical.com.ar\/notas\/wp-json\/wp\/v2\/types\/post"}],"author":[{"embeddable":true,"href":"https:\/\/www.elsindical.com.ar\/notas\/wp-json\/wp\/v2\/users\/1"}],"replies":[{"embeddable":true,"href":"https:\/\/www.elsindical.com.ar\/notas\/wp-json\/wp\/v2\/comments?post=70895"}],"version-history":[{"count":1,"href":"https:\/\/www.elsindical.com.ar\/notas\/wp-json\/wp\/v2\/posts\/70895\/revisions"}],"predecessor-version":[{"id":70898,"href":"https:\/\/www.elsindical.com.ar\/notas\/wp-json\/wp\/v2\/posts\/70895\/revisions\/70898"}],"wp:attachment":[{"href":"https:\/\/www.elsindical.com.ar\/notas\/wp-json\/wp\/v2\/media?parent=70895"}],"wp:term":[{"taxonomy":"category","embeddable":true,"href":"https:\/\/www.elsindical.com.ar\/notas\/wp-json\/wp\/v2\/categories?post=70895"},{"taxonomy":"post_tag","embeddable":true,"href":"https:\/\/www.elsindical.com.ar\/notas\/wp-json\/wp\/v2\/tags?post=70895"}],"curies":[{"name":"wp","href":"https:\/\/api.w.org\/{rel}","templated":true}]}}