{"id":70854,"date":"2017-08-05T08:40:12","date_gmt":"2017-08-05T11:40:12","guid":{"rendered":"http:\/\/www.elsindical.com.ar\/notas\/?p=70854"},"modified":"2017-08-05T08:40:12","modified_gmt":"2017-08-05T11:40:12","slug":"mar-del-plata-por-la-crisis-economica-cierra-un-conocido-restaurante","status":"publish","type":"post","link":"https:\/\/www.elsindical.com.ar\/notas\/mar-del-plata-por-la-crisis-economica-cierra-un-conocido-restaurante\/","title":{"rendered":"Mar del Plata: Por la crisis econ\u00f3mica cierra un conocido restaurante"},"content":{"rendered":"<p class=\"bajada\"><em>\u00a0 <a href=\"http:\/\/www.elsindical.com.ar\/notas\/var\/www\/html\/notas\/wp-content\/uploads\/2017\/08\/Taberna-Baska.jpg\"><img loading=\"lazy\" decoding=\"async\" class=\"alignnone size-medium wp-image-70855\" src=\"http:\/\/www.elsindical.com.ar\/notas\/var\/www\/html\/notas\/wp-content\/uploads\/2017\/08\/Taberna-Baska-300x179.jpg\" alt=\"\" width=\"300\" height=\"179\" srcset=\"https:\/\/www.elsindical.com.ar\/notas\/var\/www\/html\/notas\/wp-content\/uploads\/2017\/08\/Taberna-Baska-300x179.jpg 300w, https:\/\/www.elsindical.com.ar\/notas\/var\/www\/html\/notas\/wp-content\/uploads\/2017\/08\/Taberna-Baska-500x298.jpg 500w, https:\/\/www.elsindical.com.ar\/notas\/var\/www\/html\/notas\/wp-content\/uploads\/2017\/08\/Taberna-Baska.jpg 620w\" sizes=\"auto, (max-width: 300px) 100vw, 300px\" \/><\/a>\u201cTaberna Baska\u201d se despidi\u00f3 luego de 57 a\u00f1os de historia. El local gastron\u00f3mico estaba ubicado en el coraz\u00f3n del puerto marplatense. Seis trabajadores se quedan sin su \u00fanica fuente de ingreso.<\/em><\/p>\n<p>La Taberna Baska, un conocido restaurante ubicado en el Puerto de Mar del Plata, no resisti\u00f3 la crisis econ\u00f3mica que atraviesa el pa\u00eds y decidi\u00f3 cerrar definitivamente.<\/p>\n<p>El local gastron\u00f3mico, donde se pod\u00eda disfrutar del buen pescado de la ciudad, se despidi\u00f3 v\u00eda Facebook: \u00abQueridos clientes, y proveedores, les comento que dadas las circunstancias despu\u00e9s de 57 a\u00f1os TABERNA BASKA cierra sus puertas, todo tiene un principio y un fin. Agradezco al personal por su labor ardua. Gracias a todos por estar a lo largo de nuestra trayectoria y compartir momentos inolvidables\u00bb.<\/p>\n<p>Los propietarios del local ubicado en 12 de Octubre 3301 se comprometieron a abonar las indemnizaciones de los seis trabajadores, uno de ellos con 43 a\u00f1os de antig\u00fcedad en la pyme gastron\u00f3mica.<\/p>\n<p>\u201cTaberna Baska\u201d, inaugurado en febrero de 1960, era un reconocido restaurante de pescados y mariscos del coraz\u00f3n del puerto marplatense que funcionaba en una casa construida en 1926, ubicada en 12 de Octubre y Bermejo.<\/p>\n<p>En declaraciones al portal de noticias 0223, la titular del gremio de los gastron\u00f3micos, Mercedes Morro, cont\u00f3: \u00abLa due\u00f1a del comercio nos dijo que no puede seguir y que decidi\u00f3 cerrar el negocio porque no quiere perjudicar a los trabajadores\u00bb.<\/p>\n<p>Adem\u00e1s, el gremialista explic\u00f3 que seis trabajadores fijos del restaurante se quedan sin su \u00fanica fuente de ingreso. \u00abEs una noticia muy triste porque es un establecimiento emblem\u00e1tico de la ciudad\u00bb, manifest\u00f3.<\/p>\n<p>Por otro lado, Morro inform\u00f3 que la due\u00f1a del comercio mand\u00f3 las correspondientes cartas documento y se comprometi\u00f3 a pagar absolutamente todo lo que les corresponda a los trabajadores.<\/p>\n","protected":false},"excerpt":{"rendered":"<p>\u00a0 \u201cTaberna Baska\u201d se despidi\u00f3 luego de 57 a\u00f1os de historia. El local gastron\u00f3mico estaba ubicado en el coraz\u00f3n del puerto marplatense. Seis trabajadores se quedan sin su \u00fanica fuente de ingreso. La Taberna Baska, un conocido restaurante ubicado en el Puerto de Mar del Plata, no resisti\u00f3 la crisis econ\u00f3mica que atraviesa el pa\u00eds&hellip;<\/p>\n","protected":false},"author":1,"featured_media":0,"comment_status":"open","ping_status":"open","sticky":false,"template":"","format":"standard","meta":{"footnotes":""},"categories":[9],"tags":[2258,22023,4732,1673,26745,26744],"class_list":["post-70854","post","type-post","status-publish","format-standard","hentry","category-economia","tag-cierre","tag-economia","tag-local","tag-mar-del-plata","tag-puerto-marplatense","tag-taberna-baska"],"_links":{"self":[{"href":"https:\/\/www.elsindical.com.ar\/notas\/wp-json\/wp\/v2\/posts\/70854","targetHints":{"allow":["GET"]}}],"collection":[{"href":"https:\/\/www.elsindical.com.ar\/notas\/wp-json\/wp\/v2\/posts"}],"about":[{"href":"https:\/\/www.elsindical.com.ar\/notas\/wp-json\/wp\/v2\/types\/post"}],"author":[{"embeddable":true,"href":"https:\/\/www.elsindical.com.ar\/notas\/wp-json\/wp\/v2\/users\/1"}],"replies":[{"embeddable":true,"href":"https:\/\/www.elsindical.com.ar\/notas\/wp-json\/wp\/v2\/comments?post=70854"}],"version-history":[{"count":1,"href":"https:\/\/www.elsindical.com.ar\/notas\/wp-json\/wp\/v2\/posts\/70854\/revisions"}],"predecessor-version":[{"id":70856,"href":"https:\/\/www.elsindical.com.ar\/notas\/wp-json\/wp\/v2\/posts\/70854\/revisions\/70856"}],"wp:attachment":[{"href":"https:\/\/www.elsindical.com.ar\/notas\/wp-json\/wp\/v2\/media?parent=70854"}],"wp:term":[{"taxonomy":"category","embeddable":true,"href":"https:\/\/www.elsindical.com.ar\/notas\/wp-json\/wp\/v2\/categories?post=70854"},{"taxonomy":"post_tag","embeddable":true,"href":"https:\/\/www.elsindical.com.ar\/notas\/wp-json\/wp\/v2\/tags?post=70854"}],"curies":[{"name":"wp","href":"https:\/\/api.w.org\/{rel}","templated":true}]}}