{"id":70842,"date":"2017-08-04T09:45:10","date_gmt":"2017-08-04T12:45:10","guid":{"rendered":"http:\/\/www.elsindical.com.ar\/notas\/?p=70842"},"modified":"2017-08-04T09:45:10","modified_gmt":"2017-08-04T12:45:10","slug":"avellaneda-9-aprehendidos-en-allanamiento-en-villa-sapito-por-drogas","status":"publish","type":"post","link":"https:\/\/www.elsindical.com.ar\/notas\/avellaneda-9-aprehendidos-en-allanamiento-en-villa-sapito-por-drogas\/","title":{"rendered":"Avellaneda: 9 aprehendidos en allanamiento en Villa Sapito por drogas"},"content":{"rendered":"<p><a href=\"http:\/\/distritalavellaneda.com.ar\/wp-content\/uploads\/2017\/08\/drogas-Sapito-03.jpg\"><img loading=\"lazy\" decoding=\"async\" class=\"alignnone size-medium wp-image-13326\" src=\"http:\/\/distritalavellaneda.com.ar\/wp-content\/uploads\/2017\/08\/drogas-Sapito-03-169x300.jpg\" alt=\"\" width=\"169\" height=\"300\" \/><\/a>Agosto 4 del 2017.<br \/>\nHora 05.00<br \/>\nOrden Allanamiento IPP. 07 02 011770 17 intervenci\u00f3n Juzgado Garant\u00edas 10 y UFI 1 DJLZ con habilitaci\u00f3n horaria.<br \/>\nLugar Bustamante 2346 Villa Sapito Lan\u00fas Este.<br \/>\nDetenidos Mayores Masculinos 9.<br \/>\nDroga Secuestrada:<br \/>\n22 gramos clorhidrato coca\u00edna.<br \/>\n8.1 gramos marihuana.<br \/>\n$170 cambio.<br \/>\nConsultado Dra. Olmos Coronel dispone aprehensi\u00f3n de 1 de los causantes Mallares Mariano Ariel por Tenencia Estupefacientes Fines su Comercializaci\u00f3n. Resto de los causantes notif.art.60 CPP. Certificaci\u00f3n captura domicilio rol y aplicaci\u00f3n libertad por art .161 CPP.. medidas se cumplen.<br \/>\nSe anexa fotos.<br \/>\nAmplio. PU.<\/p>\n<p>Firmado Comisario Roberto Molinas.<\/p>\n<p><a href=\"http:\/\/distritalavellaneda.com.ar\/wp-content\/uploads\/2017\/08\/drogas-Sapito-01.jpg\"><img loading=\"lazy\" decoding=\"async\" class=\"alignnone size-medium wp-image-13328\" src=\"http:\/\/distritalavellaneda.com.ar\/wp-content\/uploads\/2017\/08\/drogas-Sapito-01-225x300.jpg\" alt=\"\" width=\"225\" height=\"300\" \/><\/a> <a href=\"http:\/\/distritalavellaneda.com.ar\/wp-content\/uploads\/2017\/08\/drogas-Sapito-02.jpg\"><img loading=\"lazy\" decoding=\"async\" class=\"alignnone size-medium wp-image-13327\" src=\"http:\/\/distritalavellaneda.com.ar\/wp-content\/uploads\/2017\/08\/drogas-Sapito-02-225x300.jpg\" alt=\"\" width=\"225\" height=\"300\" \/><\/a> <a href=\"http:\/\/distritalavellaneda.com.ar\/wp-content\/uploads\/2017\/08\/drogas-Sapito-04.jpg\"><img loading=\"lazy\" decoding=\"async\" class=\"alignnone size-medium wp-image-13325\" src=\"http:\/\/distritalavellaneda.com.ar\/wp-content\/uploads\/2017\/08\/drogas-Sapito-04-300x225.jpg\" alt=\"\" width=\"300\" height=\"225\" \/><\/a> <a href=\"http:\/\/distritalavellaneda.com.ar\/wp-content\/uploads\/2017\/08\/drogas-Sapito-05.jpg\"><img loading=\"lazy\" decoding=\"async\" class=\"alignnone size-medium wp-image-13324\" src=\"http:\/\/distritalavellaneda.com.ar\/wp-content\/uploads\/2017\/08\/drogas-Sapito-05-225x300.jpg\" alt=\"\" width=\"225\" height=\"300\" \/><\/a> <a href=\"http:\/\/distritalavellaneda.com.ar\/wp-content\/uploads\/2017\/08\/drogas-Sapito-06.jpg\"><img loading=\"lazy\" decoding=\"async\" class=\"alignnone size-medium wp-image-13323\" src=\"http:\/\/distritalavellaneda.com.ar\/wp-content\/uploads\/2017\/08\/drogas-Sapito-06-225x300.jpg\" alt=\"\" width=\"225\" height=\"300\" \/><\/a><\/p>\n<p><strong>Fuente: <a href=\"https:\/\/departamentalavellanedalanuslomas.blogspot.com.ar\/\">Jefatura Departamental Avellaneda-Lan\u00fas-Lomas<\/a><\/strong><\/p>\n","protected":false},"excerpt":{"rendered":"<p>Agosto 4 del 2017. Hora 05.00 Orden Allanamiento IPP. 07 02 011770 17 intervenci\u00f3n Juzgado Garant\u00edas 10 y UFI 1 DJLZ con habilitaci\u00f3n horaria. Lugar Bustamante 2346 Villa Sapito Lan\u00fas Este. Detenidos Mayores Masculinos 9. Droga Secuestrada: 22 gramos clorhidrato coca\u00edna. 8.1 gramos marihuana. $170 cambio. Consultado Dra. Olmos Coronel dispone aprehensi\u00f3n de 1 de&hellip;<\/p>\n","protected":false},"author":1,"featured_media":0,"comment_status":"open","ping_status":"open","sticky":false,"template":"","format":"standard","meta":{"footnotes":""},"categories":[22],"tags":[493,382,4374],"class_list":["post-70842","post","type-post","status-publish","format-standard","hentry","category-policiales","tag-allanamientos","tag-drogas","tag-villa-sapito"],"_links":{"self":[{"href":"https:\/\/www.elsindical.com.ar\/notas\/wp-json\/wp\/v2\/posts\/70842","targetHints":{"allow":["GET"]}}],"collection":[{"href":"https:\/\/www.elsindical.com.ar\/notas\/wp-json\/wp\/v2\/posts"}],"about":[{"href":"https:\/\/www.elsindical.com.ar\/notas\/wp-json\/wp\/v2\/types\/post"}],"author":[{"embeddable":true,"href":"https:\/\/www.elsindical.com.ar\/notas\/wp-json\/wp\/v2\/users\/1"}],"replies":[{"embeddable":true,"href":"https:\/\/www.elsindical.com.ar\/notas\/wp-json\/wp\/v2\/comments?post=70842"}],"version-history":[{"count":1,"href":"https:\/\/www.elsindical.com.ar\/notas\/wp-json\/wp\/v2\/posts\/70842\/revisions"}],"predecessor-version":[{"id":70843,"href":"https:\/\/www.elsindical.com.ar\/notas\/wp-json\/wp\/v2\/posts\/70842\/revisions\/70843"}],"wp:attachment":[{"href":"https:\/\/www.elsindical.com.ar\/notas\/wp-json\/wp\/v2\/media?parent=70842"}],"wp:term":[{"taxonomy":"category","embeddable":true,"href":"https:\/\/www.elsindical.com.ar\/notas\/wp-json\/wp\/v2\/categories?post=70842"},{"taxonomy":"post_tag","embeddable":true,"href":"https:\/\/www.elsindical.com.ar\/notas\/wp-json\/wp\/v2\/tags?post=70842"}],"curies":[{"name":"wp","href":"https:\/\/api.w.org\/{rel}","templated":true}]}}