{"id":70835,"date":"2017-08-04T08:39:17","date_gmt":"2017-08-04T11:39:17","guid":{"rendered":"http:\/\/www.elsindical.com.ar\/notas\/?p=70835"},"modified":"2017-08-04T08:39:17","modified_gmt":"2017-08-04T11:39:17","slug":"luego-de-7-anos-detienen-al-acusado-del-asesinato-de-diego-rodriguez","status":"publish","type":"post","link":"https:\/\/www.elsindical.com.ar\/notas\/luego-de-7-anos-detienen-al-acusado-del-asesinato-de-diego-rodriguez\/","title":{"rendered":"Luego de 7 a\u00f1os detienen al acusado del asesinato de Diego Rodriguez"},"content":{"rendered":"<p><em><span class=\"text description col-xs-8 col-lg-9\"><a href=\"http:\/\/www.elsindical.com.ar\/notas\/var\/www\/html\/notas\/wp-content\/uploads\/2017\/08\/Diego-Rodr\u00edguez.jpg\"><img loading=\"lazy\" decoding=\"async\" class=\"alignnone size-medium wp-image-70836\" src=\"http:\/\/www.elsindical.com.ar\/notas\/var\/www\/html\/notas\/wp-content\/uploads\/2017\/08\/Diego-Rodr\u00edguez-300x180.jpg\" alt=\"\" width=\"300\" height=\"180\" srcset=\"https:\/\/www.elsindical.com.ar\/notas\/var\/www\/html\/notas\/wp-content\/uploads\/2017\/08\/Diego-Rodr\u00edguez-300x180.jpg 300w, https:\/\/www.elsindical.com.ar\/notas\/var\/www\/html\/notas\/wp-content\/uploads\/2017\/08\/Diego-Rodr\u00edguez-768x461.jpg 768w, https:\/\/www.elsindical.com.ar\/notas\/var\/www\/html\/notas\/wp-content\/uploads\/2017\/08\/Diego-Rodr\u00edguez-1024x614.jpg 1024w, https:\/\/www.elsindical.com.ar\/notas\/var\/www\/html\/notas\/wp-content\/uploads\/2017\/08\/Diego-Rodr\u00edguez-500x300.jpg 500w, https:\/\/www.elsindical.com.ar\/notas\/var\/www\/html\/notas\/wp-content\/uploads\/2017\/08\/Diego-Rodr\u00edguez.jpg 1170w\" sizes=\"auto, (max-width: 300px) 100vw, 300px\" \/><\/a>\u00a0 El detenido ten\u00eda pedido de captura internacional y al momento del homicidio era menor de edad.<\/span><\/em><\/p>\n<p>Romero Ru\u00edz D\u00edaz, conocido como \u201cEl Blanquito\u201d, fue arrestado por el asesinato del modelo Diego Rodriguez.<\/p>\n<p>D\u00edaz, de origen paraguayo fue detenido en su pa\u00eds, acusado de \u201crobo seguido de muerte\u201d en la Argentina. Viv\u00eda en el Barrio San Francisco y era buscado por ser uno de los responsables del crimen del modelo argentino.<\/p>\n<p>El hecho ocurri\u00f3 el 3 de octubre de 2010, cuando alrededor de las 21:30 intentaron robarle la camioneta Diego Rodriguez y le dispararon al menos tres veces en Villa Luro.<\/p>\n<p>El joven falleci\u00f3 cuando era trasladado al Hospital Santojanni. \u201cEste es un caso muy particular porque el presidente Mauricio Macri y yo recibimos una carta escrita por la madre de Diego solicitando nuestra colaboraci\u00f3n para capturar a los responsables del asesinato de su hijo. A partir de eso trabajamos denodadamente con Interpol y SENAD, con quien hemos firmado un convenio de cooperaci\u00f3n, y finalmente se logr\u00f3 detener al responsable en la ciudad de San Lorenzo\u201d, indic\u00f3 la ministra de Seguridad de la Naci\u00f3n, Patricia Bullrich.<\/p>\n<p>El ciudadano paraguayo fue detenido hoy en su pa\u00eds por personal de Polic\u00eda Federal tras permanecer pr\u00f3fugo siete a\u00f1os. En aquel momento ten\u00eda 16 a\u00f1os de edad.<\/p>\n<p>Fuentes policiales se\u00f1alaron que en el marco del Comando Unificado Federal de Recaptura de Evadidos (CUFRE), la Divisi\u00f3n B\u00fasqueda de Pr\u00f3fugos logr\u00f3 apresar a las 12:00 en la ciudad paraguaya de San Lorenzo a Edgar Romero Ruiz D\u00edaz, de 24 a\u00f1os.<\/p>\n<p>Los efectivos policiales contaron con la colaboraci\u00f3n de la Divisi\u00f3n de Investigaci\u00f3n del Delito de la polic\u00eda del Paraguay para detener a este sujeto, que ten\u00eda cuatro \u00f3rdenes de captura internacionales.<\/p>\n<p>Bullrich revel\u00f3 que \u201cahora resta efectivizar el traslado del detenido a la Argentina, en donde quedar\u00e1 a disposici\u00f3n de la Justicia\u201d. El apresado viv\u00eda en Ciudad Oculta y tras el asesinato de Rodr\u00edguez escap\u00f3 de all\u00ed hasta ser ubicado en Paraguay, explicaron los investigadores. El Ministerio de Seguridad de la Naci\u00f3n hab\u00eda ofrecido una recompensa para quien aportara datos sobre su paradero.<\/p>\n<p><a href=\"http:\/\/www.elsindical.com.ar\/notas\/var\/www\/html\/notas\/wp-content\/uploads\/2017\/08\/Edgar-Romero-Ruiz-D\u00edaz.jpg\"><img loading=\"lazy\" decoding=\"async\" class=\"alignnone size-medium wp-image-70837\" src=\"http:\/\/www.elsindical.com.ar\/notas\/var\/www\/html\/notas\/wp-content\/uploads\/2017\/08\/Edgar-Romero-Ruiz-D\u00edaz-300x283.jpg\" alt=\"\" width=\"300\" height=\"283\" srcset=\"https:\/\/www.elsindical.com.ar\/notas\/var\/www\/html\/notas\/wp-content\/uploads\/2017\/08\/Edgar-Romero-Ruiz-D\u00edaz-300x283.jpg 300w, https:\/\/www.elsindical.com.ar\/notas\/var\/www\/html\/notas\/wp-content\/uploads\/2017\/08\/Edgar-Romero-Ruiz-D\u00edaz-317x300.jpg 317w, https:\/\/www.elsindical.com.ar\/notas\/var\/www\/html\/notas\/wp-content\/uploads\/2017\/08\/Edgar-Romero-Ruiz-D\u00edaz.jpg 581w\" sizes=\"auto, (max-width: 300px) 100vw, 300px\" \/><\/a><\/p>\n","protected":false},"excerpt":{"rendered":"<p>\u00a0 El detenido ten\u00eda pedido de captura internacional y al momento del homicidio era menor de edad. Romero Ru\u00edz D\u00edaz, conocido como \u201cEl Blanquito\u201d, fue arrestado por el asesinato del modelo Diego Rodriguez. D\u00edaz, de origen paraguayo fue detenido en su pa\u00eds, acusado de \u201crobo seguido de muerte\u201d en la Argentina. Viv\u00eda en el Barrio&hellip;<\/p>\n","protected":false},"author":1,"featured_media":0,"comment_status":"open","ping_status":"open","sticky":false,"template":"","format":"standard","meta":{"footnotes":""},"categories":[22],"tags":[26738,26740,10022,76,26739,3491],"class_list":["post-70835","post","type-post","status-publish","format-standard","hentry","category-policiales","tag-cufre","tag-edgard-romero-ruiz-diaz","tag-hospital-santojanni","tag-mauricio-macri","tag-senad","tag-villa-luro"],"_links":{"self":[{"href":"https:\/\/www.elsindical.com.ar\/notas\/wp-json\/wp\/v2\/posts\/70835","targetHints":{"allow":["GET"]}}],"collection":[{"href":"https:\/\/www.elsindical.com.ar\/notas\/wp-json\/wp\/v2\/posts"}],"about":[{"href":"https:\/\/www.elsindical.com.ar\/notas\/wp-json\/wp\/v2\/types\/post"}],"author":[{"embeddable":true,"href":"https:\/\/www.elsindical.com.ar\/notas\/wp-json\/wp\/v2\/users\/1"}],"replies":[{"embeddable":true,"href":"https:\/\/www.elsindical.com.ar\/notas\/wp-json\/wp\/v2\/comments?post=70835"}],"version-history":[{"count":1,"href":"https:\/\/www.elsindical.com.ar\/notas\/wp-json\/wp\/v2\/posts\/70835\/revisions"}],"predecessor-version":[{"id":70838,"href":"https:\/\/www.elsindical.com.ar\/notas\/wp-json\/wp\/v2\/posts\/70835\/revisions\/70838"}],"wp:attachment":[{"href":"https:\/\/www.elsindical.com.ar\/notas\/wp-json\/wp\/v2\/media?parent=70835"}],"wp:term":[{"taxonomy":"category","embeddable":true,"href":"https:\/\/www.elsindical.com.ar\/notas\/wp-json\/wp\/v2\/categories?post=70835"},{"taxonomy":"post_tag","embeddable":true,"href":"https:\/\/www.elsindical.com.ar\/notas\/wp-json\/wp\/v2\/tags?post=70835"}],"curies":[{"name":"wp","href":"https:\/\/api.w.org\/{rel}","templated":true}]}}