{"id":7082,"date":"2010-06-04T06:25:39","date_gmt":"2010-06-04T09:25:39","guid":{"rendered":"http:\/\/www.elsindical.com.ar\/notas\/?p=7082"},"modified":"2010-06-04T06:25:39","modified_gmt":"2010-06-04T09:25:39","slug":"eeuuel-estado-asiste-juridicamente-al-unico-argentino-condenado-a-muerte","status":"publish","type":"post","link":"https:\/\/www.elsindical.com.ar\/notas\/eeuuel-estado-asiste-juridicamente-al-unico-argentino-condenado-a-muerte\/","title":{"rendered":"EEUU:El Estado asiste jur\u00eddicamente al \u00fanico argentino condenado a muerte"},"content":{"rendered":"<p style=\"text-align: justify;\"><em><a href=\"http:\/\/www.elsindical.com.ar\/notas\/var\/www\/html\/notas\/wp-content\/uploads\/2010\/06\/V\u00edctor-Salda\u00f1o.jpg\"><img loading=\"lazy\" decoding=\"async\" class=\"alignleft size-full wp-image-7083\" title=\"V\u00edctor-Salda\u00f1o\" src=\"http:\/\/www.elsindical.com.ar\/notas\/var\/www\/html\/notas\/wp-content\/uploads\/2010\/06\/V\u00edctor-Salda\u00f1o.jpg\" alt=\"\" width=\"219\" height=\"209\" \/><\/a>V\u00edctor Salda\u00f1o fue condenado a muerte en julio de 1996, acusado de homicidio, mientras que en mayo de 2000 el Procurador General de Texas, reconoci\u00f3 que la sentencia fue err\u00f3nea por estar basada en un concepto racista.<\/em><\/p>\n<p style=\"text-align: justify;\">El Departamento de Estado del gobierno de los Estados Unidos recomend\u00f3 a la Justicia de su pa\u00eds hacer lugar a un pedido de las autoridades argentinas para poder presentar evidencias que ayuden a mejorar la situaci\u00f3n legal de V\u00edctor Salda\u00f1o, condenado a muerte en el estado de Houston.<\/p>\n<p>El Gobierno argentino podr\u00e1 aportar pruebas orientadas a lograr una resoluci\u00f3n favorable a la solicitud de h\u00e1beas corpus en el caso del cordob\u00e9s, quien es el \u00fanico argentino condenado a muerte en el mundo.<\/p>\n<p>La decisi\u00f3n del Departamento de Estado de apoyar que se le conceda a las autoridades argentinas una audiencia en la Justicia es la segunda que realiza -el anterior caso fue el de un ciudadano mexicano-.<\/p>\n<p>La recomendaci\u00f3n del Departamento de Estado fue informada al canciller Jorge Taiana por la embajadora en Buenos Aires, Vilma Socorro Mart\u00ednez.<\/p>\n<p>\u00abEl apoyo de Estados Unidos es un reconocimiento a todo el trabajo que despleg\u00f3 el Gobierno tanto a nivel del canciller Jorge Taiana como del embajador argentino en Washington, H\u00e9ctor Timerman, y tambi\u00e9n de las autoridades del consulado en Houston\u00bb, se inform\u00f3 oficialmente.<\/p>\n<p>En la carta dirigida al Juez Shell, firmada por un asesor legal del Departamento de Estado, Harold Koh, se explica que se est\u00e1 ante \u00abuna posibilidad de demostrar a los dem\u00e1s estados y a las Naciones Unidas que EE.UU toman todos los pasos necesarios en respuesta a los reclamos de violaci\u00f3n de derechos humanos\u00bb.<\/p>\n<p>Asimismo, pide que la carta que escribe y una copia de la presentaci\u00f3n de Estados Unidos a la CIDH \u00absea incluida dentro de la documentaci\u00f3n legal a consideraci\u00f3n de la Corte\u00bb.<\/p>\n<p>Koh tambi\u00e9n dej\u00f3 sentado por escrito en su misiva a la justicia que \u00abel Gobierno argentino, pa\u00eds democr\u00e1tico y aliado cercano, tiene mucho inter\u00e9s en la resoluci\u00f3n de la causa y ha seguido de cerca la evoluci\u00f3n de su proceso legal desde el comienzo y ha presentado un Amicus ante la Corte Suprema de los EE.UU en el 2007\u00bb.<\/p>\n<p>La Argentina se presenta como Amicus Curiae (amigo de la corte) ante la CIDH, sin ser parte, en apoyo de la gesti\u00f3n legal impulsada por Jonathan Miller South, profesor de la Southwestern Law School, y el diputado nacional Juan Carlos Vega.<\/p>\n<p>En el mismo sentido, Argentina apoy\u00f3 la gesti\u00f3n iniciada por la defensa de Salda\u00f1o y pidi\u00f3 ante la CIDH para que apele al juez federal a fin de que conceda en el caso una audiencia para la presentaci\u00f3n de evidencia.<\/p>\n<p>V\u00edctor Salda\u00f1o fue condenado a muerte en julio de 1996, acusado de homicidio, mientras que en mayo de 2000 el Procurador General de Texas, reconoci\u00f3 que la sentencia fue err\u00f3nea por estar basada en un concepto racista.<\/p>\n<p>Por esa raz\u00f3n, en junio de ese mismo a\u00f1o, se revoc\u00f3 la condena a muerte, pero en 2001 la legislatura de Texas aprob\u00f3 una reforma al c\u00f3digo de procedimientos penales del Estado, y determin\u00f3 que no se podr\u00e1n presentar argumentos respecto a la raza o etnia de un acusado como evidencia de ser m\u00e1s propenso a una conducta criminal. A esa reforma se le llam\u00f3 Ley Salda\u00f1o.<\/p>\n<p style=\"text-align: justify;\">Sin embargo, en el 2006 se inici\u00f3 un nuevo juicio y en noviembre de ese a\u00f1o lo volvieron a condenar a muerte.<\/p>\n","protected":false},"excerpt":{"rendered":"<p>V\u00edctor Salda\u00f1o fue condenado a muerte en julio de 1996, acusado de homicidio, mientras que en mayo de 2000 el Procurador General de Texas, reconoci\u00f3 que la sentencia fue err\u00f3nea por estar basada en un concepto racista. El Departamento de Estado del gobierno de los Estados Unidos recomend\u00f3 a la Justicia de su pa\u00eds hacer&hellip;<\/p>\n","protected":false},"author":1,"featured_media":0,"comment_status":"open","ping_status":"open","sticky":false,"template":"","format":"standard","meta":{"footnotes":""},"categories":[18],"tags":[335,558,3589,141,3591,3590,3588],"class_list":["post-7082","post","type-post","status-publish","format-standard","hentry","category-internacionales","tag-apelacion","tag-argentino","tag-condena-de-meurte","tag-eeuu","tag-racismo","tag-texas","tag-victor-saldano"],"_links":{"self":[{"href":"https:\/\/www.elsindical.com.ar\/notas\/wp-json\/wp\/v2\/posts\/7082","targetHints":{"allow":["GET"]}}],"collection":[{"href":"https:\/\/www.elsindical.com.ar\/notas\/wp-json\/wp\/v2\/posts"}],"about":[{"href":"https:\/\/www.elsindical.com.ar\/notas\/wp-json\/wp\/v2\/types\/post"}],"author":[{"embeddable":true,"href":"https:\/\/www.elsindical.com.ar\/notas\/wp-json\/wp\/v2\/users\/1"}],"replies":[{"embeddable":true,"href":"https:\/\/www.elsindical.com.ar\/notas\/wp-json\/wp\/v2\/comments?post=7082"}],"version-history":[{"count":1,"href":"https:\/\/www.elsindical.com.ar\/notas\/wp-json\/wp\/v2\/posts\/7082\/revisions"}],"predecessor-version":[{"id":7084,"href":"https:\/\/www.elsindical.com.ar\/notas\/wp-json\/wp\/v2\/posts\/7082\/revisions\/7084"}],"wp:attachment":[{"href":"https:\/\/www.elsindical.com.ar\/notas\/wp-json\/wp\/v2\/media?parent=7082"}],"wp:term":[{"taxonomy":"category","embeddable":true,"href":"https:\/\/www.elsindical.com.ar\/notas\/wp-json\/wp\/v2\/categories?post=7082"},{"taxonomy":"post_tag","embeddable":true,"href":"https:\/\/www.elsindical.com.ar\/notas\/wp-json\/wp\/v2\/tags?post=7082"}],"curies":[{"name":"wp","href":"https:\/\/api.w.org\/{rel}","templated":true}]}}