{"id":70767,"date":"2017-08-03T11:15:42","date_gmt":"2017-08-03T14:15:42","guid":{"rendered":"http:\/\/www.elsindical.com.ar\/notas\/?p=70767"},"modified":"2017-08-03T11:15:42","modified_gmt":"2017-08-03T14:15:42","slug":"investigan-el-patrimonio-de-jefes-de-la-delegacion-lanus-avellaneda-de-drogas","status":"publish","type":"post","link":"https:\/\/www.elsindical.com.ar\/notas\/investigan-el-patrimonio-de-jefes-de-la-delegacion-lanus-avellaneda-de-drogas\/","title":{"rendered":"Investigan el patrimonio de jefes de la delegaci\u00f3n Lan\u00fas-Avellaneda de Drogas"},"content":{"rendered":"<p><em>\u00a0 <a href=\"http:\/\/www.elsindical.com.ar\/notas\/var\/www\/html\/notas\/wp-content\/uploads\/2017\/07\/delegaci\u00f3n-Avellaneda-Lan\u00fas-de-drogas.jpg\"><img loading=\"lazy\" decoding=\"async\" class=\"alignnone size-medium wp-image-70359\" src=\"http:\/\/www.elsindical.com.ar\/notas\/var\/www\/html\/notas\/wp-content\/uploads\/2017\/07\/delegaci\u00f3n-Avellaneda-Lan\u00fas-de-drogas-300x193.jpg\" alt=\"\" width=\"300\" height=\"193\" srcset=\"https:\/\/www.elsindical.com.ar\/notas\/var\/www\/html\/notas\/wp-content\/uploads\/2017\/07\/delegaci\u00f3n-Avellaneda-Lan\u00fas-de-drogas-300x193.jpg 300w, https:\/\/www.elsindical.com.ar\/notas\/var\/www\/html\/notas\/wp-content\/uploads\/2017\/07\/delegaci\u00f3n-Avellaneda-Lan\u00fas-de-drogas-466x300.jpg 466w, https:\/\/www.elsindical.com.ar\/notas\/var\/www\/html\/notas\/wp-content\/uploads\/2017\/07\/delegaci\u00f3n-Avellaneda-Lan\u00fas-de-drogas.jpg 620w\" sizes=\"auto, (max-width: 300px) 100vw, 300px\" \/><\/a>Esto se da en el marco de la causa iniciada por el hallazgo de estupefacientes ocultos en el techo de la dependencia. La delegaci\u00f3n est\u00e1 intervenida.<\/em><\/p>\n<p>La Justicia analiza la situaci\u00f3n patrimonial de los jefes de la Delegaci\u00f3n Lan\u00fas-Avellaneda de la Superintendencia del Tr\u00e1fico de Drogas Il\u00edcitas de la Polic\u00eda bonaerense.<\/p>\n<p>Es en el marco de la causa en la que se investiga el hallazgo de droga escondida en esa dependencia presuntamente para \u00abplantar\u00bb en operativos o con fines de comercializaci\u00f3n.<\/p>\n<p>El 23 de julio, hallaron unos 350 envoltorios con coca\u00edna, 50 con paco y varias dosis de marihuana ocultos en el techo de la delegaci\u00f3n Lan\u00fas-Avellaneda de la Superintendencia de Investigaciones del Tr\u00e1fico de Drogas Il\u00edcitas de la Polic\u00eda de la Provincia de Buenos Aires.<\/p>\n<p>El operativo fue realizado por personal de Gendarmer\u00eda y la Direcci\u00f3n General de Asuntos Internos de la Polic\u00eda Bonaerense, luego de conocerse un video donde un oficial de la Polic\u00eda graba con una c\u00e1mara oculta como los efectivos acumulaban droga para allanamientos fraudulentos seg\u00fan denunci\u00f3. En un segundo procedimiento, secuestraron 30 tel\u00e9fonos celulares de polic\u00edas.<\/p>\n<p>El auditor de Asuntos Internos del Ministerio de Seguridad bonaerense, Guillermo Berra, manifest\u00f3 tras el primer allanamiento que ya hab\u00eda una causa que investigaba la situaci\u00f3n desde hac\u00eda un tiempo, tanto la dependencia a su cargo como el juez federal de Lomas de Zamora Federico Villena y el fiscal de ese distrito, Leonel G\u00f3mez Barbella.<\/p>\n<p>El ministro de Seguridad bonaerense, Cristian Ritondo, decidi\u00f3 intervenir la delegaci\u00f3n de Drogas Peligrosas de Lan\u00fas y Avellaneda, que qued\u00f3 a cargo del comisario mayor Ubaldo Fuenzalida.<\/p>\n","protected":false},"excerpt":{"rendered":"<p>\u00a0 Esto se da en el marco de la causa iniciada por el hallazgo de estupefacientes ocultos en el techo de la dependencia. La delegaci\u00f3n est\u00e1 intervenida. La Justicia analiza la situaci\u00f3n patrimonial de los jefes de la Delegaci\u00f3n Lan\u00fas-Avellaneda de la Superintendencia del Tr\u00e1fico de Drogas Il\u00edcitas de la Polic\u00eda bonaerense. Es en el&hellip;<\/p>\n","protected":false},"author":1,"featured_media":0,"comment_status":"open","ping_status":"open","sticky":false,"template":"","format":"standard","meta":{"footnotes":""},"categories":[20],"tags":[26156,42,11557,408],"class_list":["post-70767","post","type-post","status-publish","format-standard","hentry","category-judiciales","tag-delegacion-lanus-avellaneda","tag-droga","tag-ilegal","tag-patrimonio"],"_links":{"self":[{"href":"https:\/\/www.elsindical.com.ar\/notas\/wp-json\/wp\/v2\/posts\/70767","targetHints":{"allow":["GET"]}}],"collection":[{"href":"https:\/\/www.elsindical.com.ar\/notas\/wp-json\/wp\/v2\/posts"}],"about":[{"href":"https:\/\/www.elsindical.com.ar\/notas\/wp-json\/wp\/v2\/types\/post"}],"author":[{"embeddable":true,"href":"https:\/\/www.elsindical.com.ar\/notas\/wp-json\/wp\/v2\/users\/1"}],"replies":[{"embeddable":true,"href":"https:\/\/www.elsindical.com.ar\/notas\/wp-json\/wp\/v2\/comments?post=70767"}],"version-history":[{"count":1,"href":"https:\/\/www.elsindical.com.ar\/notas\/wp-json\/wp\/v2\/posts\/70767\/revisions"}],"predecessor-version":[{"id":70768,"href":"https:\/\/www.elsindical.com.ar\/notas\/wp-json\/wp\/v2\/posts\/70767\/revisions\/70768"}],"wp:attachment":[{"href":"https:\/\/www.elsindical.com.ar\/notas\/wp-json\/wp\/v2\/media?parent=70767"}],"wp:term":[{"taxonomy":"category","embeddable":true,"href":"https:\/\/www.elsindical.com.ar\/notas\/wp-json\/wp\/v2\/categories?post=70767"},{"taxonomy":"post_tag","embeddable":true,"href":"https:\/\/www.elsindical.com.ar\/notas\/wp-json\/wp\/v2\/tags?post=70767"}],"curies":[{"name":"wp","href":"https:\/\/api.w.org\/{rel}","templated":true}]}}