{"id":70764,"date":"2017-08-03T11:10:34","date_gmt":"2017-08-03T14:10:34","guid":{"rendered":"http:\/\/www.elsindical.com.ar\/notas\/?p=70764"},"modified":"2017-08-03T11:10:34","modified_gmt":"2017-08-03T14:10:34","slug":"la-familia-de-mauricio-macri-se-burla-en-tu-cara","status":"publish","type":"post","link":"https:\/\/www.elsindical.com.ar\/notas\/la-familia-de-mauricio-macri-se-burla-en-tu-cara\/","title":{"rendered":"La familia de Mauricio Macri se burla en tu cara"},"content":{"rendered":"<p><em>\u00a0 <a href=\"http:\/\/www.elsindical.com.ar\/notas\/var\/www\/html\/notas\/wp-content\/uploads\/2017\/08\/Macri-y-familia-derrochando.jpeg\"><img loading=\"lazy\" decoding=\"async\" class=\"alignnone size-medium wp-image-70765\" src=\"http:\/\/www.elsindical.com.ar\/notas\/var\/www\/html\/notas\/wp-content\/uploads\/2017\/08\/Macri-y-familia-derrochando-300x184.jpeg\" alt=\"\" width=\"300\" height=\"184\" srcset=\"https:\/\/www.elsindical.com.ar\/notas\/var\/www\/html\/notas\/wp-content\/uploads\/2017\/08\/Macri-y-familia-derrochando-300x184.jpeg 300w, https:\/\/www.elsindical.com.ar\/notas\/var\/www\/html\/notas\/wp-content\/uploads\/2017\/08\/Macri-y-familia-derrochando-768x470.jpeg 768w, https:\/\/www.elsindical.com.ar\/notas\/var\/www\/html\/notas\/wp-content\/uploads\/2017\/08\/Macri-y-familia-derrochando-490x300.jpeg 490w, https:\/\/www.elsindical.com.ar\/notas\/var\/www\/html\/notas\/wp-content\/uploads\/2017\/08\/Macri-y-familia-derrochando.jpeg 770w\" sizes=\"auto, (max-width: 300px) 100vw, 300px\" \/><\/a>La primera dama public\u00f3 una imagen familiar en las redes sociales pero un detalle deja mal parado al Presidente.<\/em><\/p>\n<p>El Gobierno hace un uso intensivo de las redes sociales para generar empat\u00eda con el electorado. Funcionarios y familiares inundan Internet con im\u00e1genes m\u00e1s vinculadas a la vida privada y poco con la gesti\u00f3n de Gobierno. Juliana Awada no es la excepci\u00f3n, pero se le escap\u00f3 un detalle.<\/p>\n<p>Anoche, en su cuenta de Instagram, la due\u00f1a de <strong><em>Cheeky<\/em><\/strong> subi\u00f3 una foto familiar en donde se lo ve a Macri jugando con Antonia y otra ni\u00f1a con un rompecabezas. Awada simplemente lo comparti\u00f3 con unos corazones, sin hacer comentario alguno.<\/p>\n<p>La joven hija de la pareja presidencial andaba, usando una frase del primer mandatario, <strong>\u00aben patas\u00bb en pleno invierno.<\/strong> Esto, pese al pedido hist\u00f3rico del jefe de Estado cuando impuso el <strong>tarifazo <\/strong>en luz y gas y le ped\u00eda la gente abrigarse en su casa en lugar de encender la calefacci\u00f3n.<\/p>\n<p><strong>\u00abNo se puede andar en patas y remera<\/strong>, cuando se vean as\u00ed, es porque est\u00e1n consumiendo energ\u00eda de m\u00e1s\u00bb, afirm\u00f3 Macri en un acto el a\u00f1o pasado, predicando contra el consumo de energ\u00eda.<\/p>\n","protected":false},"excerpt":{"rendered":"<p>\u00a0 La primera dama public\u00f3 una imagen familiar en las redes sociales pero un detalle deja mal parado al Presidente. El Gobierno hace un uso intensivo de las redes sociales para generar empat\u00eda con el electorado. Funcionarios y familiares inundan Internet con im\u00e1genes m\u00e1s vinculadas a la vida privada y poco con la gesti\u00f3n de&hellip;<\/p>\n","protected":false},"author":1,"featured_media":0,"comment_status":"open","ping_status":"open","sticky":false,"template":"","format":"standard","meta":{"footnotes":""},"categories":[13],"tags":[26728,11972,2295,547],"class_list":["post-70764","post","type-post","status-publish","format-standard","hentry","category-politica","tag-andar-en-patas","tag-cheeky","tag-juliana-awada","tag-presidente"],"_links":{"self":[{"href":"https:\/\/www.elsindical.com.ar\/notas\/wp-json\/wp\/v2\/posts\/70764","targetHints":{"allow":["GET"]}}],"collection":[{"href":"https:\/\/www.elsindical.com.ar\/notas\/wp-json\/wp\/v2\/posts"}],"about":[{"href":"https:\/\/www.elsindical.com.ar\/notas\/wp-json\/wp\/v2\/types\/post"}],"author":[{"embeddable":true,"href":"https:\/\/www.elsindical.com.ar\/notas\/wp-json\/wp\/v2\/users\/1"}],"replies":[{"embeddable":true,"href":"https:\/\/www.elsindical.com.ar\/notas\/wp-json\/wp\/v2\/comments?post=70764"}],"version-history":[{"count":1,"href":"https:\/\/www.elsindical.com.ar\/notas\/wp-json\/wp\/v2\/posts\/70764\/revisions"}],"predecessor-version":[{"id":70766,"href":"https:\/\/www.elsindical.com.ar\/notas\/wp-json\/wp\/v2\/posts\/70764\/revisions\/70766"}],"wp:attachment":[{"href":"https:\/\/www.elsindical.com.ar\/notas\/wp-json\/wp\/v2\/media?parent=70764"}],"wp:term":[{"taxonomy":"category","embeddable":true,"href":"https:\/\/www.elsindical.com.ar\/notas\/wp-json\/wp\/v2\/categories?post=70764"},{"taxonomy":"post_tag","embeddable":true,"href":"https:\/\/www.elsindical.com.ar\/notas\/wp-json\/wp\/v2\/tags?post=70764"}],"curies":[{"name":"wp","href":"https:\/\/api.w.org\/{rel}","templated":true}]}}