{"id":70760,"date":"2017-08-03T10:55:36","date_gmt":"2017-08-03T13:55:36","guid":{"rendered":"http:\/\/www.elsindical.com.ar\/notas\/?p=70760"},"modified":"2017-08-03T15:26:36","modified_gmt":"2017-08-03T18:26:36","slug":"el-presidente-de-mercedes-benz-argentina-joachim-maier-tuvo-desafortunadas-consideraciones-con-respecto-al-regimen-laboral-de-la-argentina-propuso-modificar-el-item-antiguedad-y-c","status":"publish","type":"post","link":"https:\/\/www.elsindical.com.ar\/notas\/el-presidente-de-mercedes-benz-argentina-joachim-maier-tuvo-desafortunadas-consideraciones-con-respecto-al-regimen-laboral-de-la-argentina-propuso-modificar-el-item-antiguedad-y-c\/","title":{"rendered":"Un gremio rural critic\u00f3 el acuerdo firmado por el gobierno y el UATRE: \u201cEs puro marketing\u201d"},"content":{"rendered":"<p><em><a href=\"http:\/\/www.elsindical.com.ar\/notas\/var\/www\/html\/notas\/wp-content\/uploads\/2016\/01\/Gustavo-Arreseygor-titular-.jpg\"><img loading=\"lazy\" decoding=\"async\" class=\"alignnone size-medium wp-image-56810\" src=\"http:\/\/www.elsindical.com.ar\/notas\/var\/www\/html\/notas\/wp-content\/uploads\/2016\/01\/Gustavo-Arreseygor-titular--300x176.jpg\" alt=\"\" width=\"300\" height=\"176\" srcset=\"https:\/\/www.elsindical.com.ar\/notas\/var\/www\/html\/notas\/wp-content\/uploads\/2016\/01\/Gustavo-Arreseygor-titular--300x176.jpg 300w, https:\/\/www.elsindical.com.ar\/notas\/var\/www\/html\/notas\/wp-content\/uploads\/2016\/01\/Gustavo-Arreseygor-titular-.jpg 443w\" sizes=\"auto, (max-width: 300px) 100vw, 300px\" \/><\/a>\u00a0 Desde el Sindicato Argentino de Trabajadores Horticultores y Agrarios (SATHA) aseguran que no fueron consultados para la firma del convenio de productividad anunciado recientemente, y aseguran que no soluciona ninguna de las cuestiones de fondo del sector. \u201cPara este gobierno el campo es la soja\u201d, se quej\u00f3 Gustavo Arreseygor, titular de la entidad sindical.<\/em><\/p>\n<p>Una de las primeras cosas que hizo Ram\u00f3n Ayala como flamante titular de la Uni\u00f3n Argentina de Trabajadores Rurales y Estibadores (UATRE) fue firmar con el presidente Mauricio Macri un convenio de productividad para el campo. Siguiendo la l\u00ednea de su antecesor Ger\u00f3nimo \u201cMomo\u201d Venegas, el dirigente se mostr\u00f3 alineado a las pol\u00edticas del gobierno nacional, y se sent\u00f3 a la mesa con la mayor\u00eda de las organizaciones empresariales para firmar este acuerdo, que seg\u00fan resaltan servir\u00e1 para dar \u201ccompetitividad\u201d al sector, y fomentar \u201cla producci\u00f3n y el empleo\u201d. Pero otro gremio del sector critic\u00f3 la iniciativa, no s\u00f3lo porque nunca fueron consultados, sino porque lo consideran \u201cpuro marketing\u201d. Se trata del Sindicato Argentino de Trabajadores Horticultores y Agrarios (SATHA), que tiene convenios fuertes en la provincia de Buenos Aires, y que asegura que no fue consultado respecto a la iniciativa. Seg\u00fan su visi\u00f3n, la medida \u201cno cambia nada de fondo\u201d, ni ayuda a combatir el flagelo del trabajo no registrado en el sector. \u201cPara el gobierno, campo significa soja\u201d, remarcaron.<\/p>\n<p>El nuevo acuerdo fue firmado por el presidente Macri, UATRE y las principales agrupaciones empresariales del campo, entre ellas de la Sociedad Rural Argentina (SRA), Confederaciones Rurales Argentinas (CRA) y de la Confederaci\u00f3n Intercooperativa Agropecuaria (Coninagro). El denominado Convenio de Cooperaci\u00f3n para el Fortalecimiento del Sector Rural apunta a \u201cmejorar la competitividad, v\u00eda aumento de la productividad, y la mayor formalizaci\u00f3n del trabajo en el agro\u201d, y consta de cinco cl\u00e1usulas, que buscan \u201cfortalecer un modelo de crecimiento econ\u00f3mico, fomentar la productividad, generar consenso entre todos los sectores involucrados, revisar las estructuras y dotaciones de personal vigentes, y trabajar para la erradicaci\u00f3n del trabajo no registrado, la precariedad laboral y el trabajo infantil. Adem\u00e1s, ratifica la condici\u00f3n de regulador del RENATRE, restablecido desde que Macri lleg\u00f3 a la Casa Rosada.<\/p>\n<p>\u201cNosotros sabemos lo que sali\u00f3 por los medios, porque en realidad este fue un acuerdo firmado entre cuatro paredes\u201d, asegur\u00f3 el titular del SATHA, .. Consultado por Gesti\u00f3n Sindical, el dirigente dijo que \u201clo veo m\u00e1s como una cuesti\u00f3n de marketing que como algo que lo puedan llevar a la pr\u00e1ctica, porque no cambia nada de fondo de la situaci\u00f3n del campo\u201d. \u201cDesde que se inici\u00f3 esta gesti\u00f3n nos han convocado para nada, es obvio que tiene que ver con la disputa con UATRE, que es el aliado del oficialismo. Por eso quieren desconocer los convenios nuestros, la personer\u00eda. Cometen un error, porque esta es una cuesti\u00f3n institucional, no pol\u00edtica, somos muy responsables con eso, no mezclamos, lo que queremos que los trabajadores est\u00e9n mejor. Cometen un error al no convocarnos porque no ir\u00edamos a criticar o \u2018tirar piedras\u2019, sino a buscar soluciones\u201d, agreg\u00f3 Arreseygor.<\/p>\n<p>Como ejemplo, el dirigente explic\u00f3 que el convenio no limita la producci\u00f3n de ar\u00e1ndanos, y en la provincia de Buenos Aires \u201cel sector est\u00e1 regulado por el SATHA, que no fue consultada por este tema, por lo que creo que regir\u00e1 para el resto del pa\u00eds que produce este material\u201d. Para Arreseygor, el tema de fondo del sector es \u201cla cantidad de carga social que paga el productor\u201d, lo que no le permite generar puestos laborales, tema que el gobierno \u201cno busc\u00f3 solucionar, para emplear m\u00e1s trabajadores, porque no hay problema con el salario, sino con la cuesti\u00f3n impositiva\u201d.<\/p>\n<p>Uno de los temas central en cuanto al sector del agro es el trabajo en negro, que el convenio quiere atacar. Pero lo cierto es que seg\u00fan los n\u00fameros que circulan, m\u00e1s all\u00e1 de las promesas, en este tiempo no cambi\u00f3 demasiado la situaci\u00f3n. Seg\u00fan los datos oficiales, en las actividades rurales \u2013especialmente las temporarias \u2013se estima que el trabajo \u201cen negro\u201d es superior al 60 por ciento, e incluso en ciertos sectores podr\u00eda superar el 80 por ciento de empleo no registrado. Adem\u00e1s, de quienes est\u00e1n \u201cen blanco\u201d, el 50 por ciento tiene remuneraciones inferiores a los 11 mil pesos. \u201cHay dos factores fundamentales para que en el campo haya tanto trabajo en negro, primero porque el sector se mueve por oferta y demanda, en todas las actividades, no hay precio fijo, y adem\u00e1s son todos productos perecederos\u201d, analiz\u00f3 Arreseygor. Adem\u00e1s, dijo que \u201cno se logra llegar a un equilibrio porque a los productores le sale muy caro el trabajador, no por el sueldo sino por las cargas sociales\u201d.<\/p>\n<p>\u201cPara nosotros la base es la producci\u00f3n, a donde debemos apuntar a una mayor cantidad de producci\u00f3n y tecnolog\u00eda. Si nosotros pudi\u00e9ramos producir como lo hace Holanda, estar\u00edamos hablando de producci\u00f3n de alta calidad, y necesitar\u00edamos much\u00edsima mano de obra, porque estar\u00edamos hablando de cubrir no s\u00f3lo el mercado nacional sino el internacional\u201d, explic\u00f3 el dirigente del SATHA. Seg\u00fan su mirada, el gobierno \u201cno tiene un plan integral para el campo\u201d. \u201cPara ellos el campo es la soja, porque es lo \u00fanico les rinde, porque nada genera la riqueza de la soja, pero alg\u00fan d\u00eda se va a terminar, y nosotros vamos a seguir en la misma, sin apostar a otras actividades que ser\u00edan remunerativas\u201d. \u201cHasta que no tengamos un proyecto, saber qu\u00e9 vamos a hacer con las econom\u00edas regionales, no vamos a salir de este atolladero\u201d, concluy\u00f3 Arreseygor.<\/p>\n<p>Algunos de los nuevos marcos regulatorias indican que este \u201cfortalecimiento de la producci\u00f3n\u201d podr\u00eda terminar con m\u00e1s trabajo sin mayores beneficios para el trabajador. Por ejemplo, en el sector av\u00edcola hubo un acuerdo para desregular la actividad nocturna, donde se concentra el trabajo, y se estableci\u00f3 un aumento salarial del 25 por ciento. En la actividad porcina las partes se comprometieron a tratar a futuro las condiciones de trabajo. Adem\u00e1s, se fijaron pautas para el manipuleo y almacenamiento de granos en silobolsa como la libertad de contrataci\u00f3n.<\/p>\n","protected":false},"excerpt":{"rendered":"<p>\u00a0 Desde el Sindicato Argentino de Trabajadores Horticultores y Agrarios (SATHA) aseguran que no fueron consultados para la firma del convenio de productividad anunciado recientemente, y aseguran que no soluciona ninguna de las cuestiones de fondo del sector. \u201cPara este gobierno el campo es la soja\u201d, se quej\u00f3 Gustavo Arreseygor, titular de la entidad sindical.&hellip;<\/p>\n","protected":false},"author":1,"featured_media":0,"comment_status":"open","ping_status":"open","sticky":false,"template":"","format":"standard","meta":{"footnotes":""},"categories":[16],"tags":[21840,375,20984,14472,5642],"class_list":["post-70760","post","type-post","status-publish","format-standard","hentry","category-gremiales","tag-cra","tag-gobierno","tag-satha","tag-sra","tag-uatre"],"_links":{"self":[{"href":"https:\/\/www.elsindical.com.ar\/notas\/wp-json\/wp\/v2\/posts\/70760","targetHints":{"allow":["GET"]}}],"collection":[{"href":"https:\/\/www.elsindical.com.ar\/notas\/wp-json\/wp\/v2\/posts"}],"about":[{"href":"https:\/\/www.elsindical.com.ar\/notas\/wp-json\/wp\/v2\/types\/post"}],"author":[{"embeddable":true,"href":"https:\/\/www.elsindical.com.ar\/notas\/wp-json\/wp\/v2\/users\/1"}],"replies":[{"embeddable":true,"href":"https:\/\/www.elsindical.com.ar\/notas\/wp-json\/wp\/v2\/comments?post=70760"}],"version-history":[{"count":3,"href":"https:\/\/www.elsindical.com.ar\/notas\/wp-json\/wp\/v2\/posts\/70760\/revisions"}],"predecessor-version":[{"id":70773,"href":"https:\/\/www.elsindical.com.ar\/notas\/wp-json\/wp\/v2\/posts\/70760\/revisions\/70773"}],"wp:attachment":[{"href":"https:\/\/www.elsindical.com.ar\/notas\/wp-json\/wp\/v2\/media?parent=70760"}],"wp:term":[{"taxonomy":"category","embeddable":true,"href":"https:\/\/www.elsindical.com.ar\/notas\/wp-json\/wp\/v2\/categories?post=70760"},{"taxonomy":"post_tag","embeddable":true,"href":"https:\/\/www.elsindical.com.ar\/notas\/wp-json\/wp\/v2\/tags?post=70760"}],"curies":[{"name":"wp","href":"https:\/\/api.w.org\/{rel}","templated":true}]}}