{"id":70666,"date":"2017-08-01T00:04:42","date_gmt":"2017-08-01T03:04:42","guid":{"rendered":"http:\/\/www.elsindical.com.ar\/notas\/?p=70666"},"modified":"2017-08-01T00:04:42","modified_gmt":"2017-08-01T03:04:42","slug":"los-vecinos-lo-logramos","status":"publish","type":"post","link":"https:\/\/www.elsindical.com.ar\/notas\/los-vecinos-lo-logramos\/","title":{"rendered":"Los vecinos lo logramos!!!!!!!!"},"content":{"rendered":"<div><span style=\"color: #ff0000; font-size: large;\"><b><a href=\"http:\/\/www.elsindical.com.ar\/notas\/var\/www\/html\/notas\/wp-content\/uploads\/2017\/08\/010-parque-chacabuco.jpg\"><img loading=\"lazy\" decoding=\"async\" class=\"alignnone size-medium wp-image-70667\" src=\"http:\/\/www.elsindical.com.ar\/notas\/var\/www\/html\/notas\/wp-content\/uploads\/2017\/08\/010-parque-chacabuco-300x200.jpg\" alt=\"\" width=\"300\" height=\"200\" srcset=\"https:\/\/www.elsindical.com.ar\/notas\/var\/www\/html\/notas\/wp-content\/uploads\/2017\/08\/010-parque-chacabuco-300x200.jpg 300w, https:\/\/www.elsindical.com.ar\/notas\/var\/www\/html\/notas\/wp-content\/uploads\/2017\/08\/010-parque-chacabuco-768x512.jpg 768w, https:\/\/www.elsindical.com.ar\/notas\/var\/www\/html\/notas\/wp-content\/uploads\/2017\/08\/010-parque-chacabuco-450x300.jpg 450w, https:\/\/www.elsindical.com.ar\/notas\/var\/www\/html\/notas\/wp-content\/uploads\/2017\/08\/010-parque-chacabuco.jpg 800w\" sizes=\"auto, (max-width: 300px) 100vw, 300px\" \/><\/a>\u00a1Lo logramos los vecinos!<\/b><\/span>\n<\/div>\n<div><span style=\"color: #1d2129;\">Gracias a los vecinos que fueron durante dos a\u00f1os, TODOS los domingos, con sol o con lluvia a defender al\u00a0<\/span><b><span style=\"color: #ff0000; font-size: large;\">Parque Chacabuco<\/span><\/b><span style=\"color: #1d2129; font-size: large;\">.<\/span>\n<\/div>\n<div>Gracias a los miles que se acercaron a firmar, a los que marcharon semana a semana por el barrio con carteles y sonido, a los que participaron en los ABRAZOS.\n<\/div>\n<div>Gracias a los que insistieron en la Defensor\u00eda del Pueblo, en la Subsecretar\u00eda de Derechos Urbanos, Espacio P\u00fablico y Medio Ambiente, en la Oficina de Obras y Proyectos de<span class=\"m_-3717127298395946387gmail-text_exposed_show\">\u00a0la Direcci\u00f3n General de Espacios Verdes del Ministerio de Ambiente y Espacio P\u00fablico y en la Comuna 7.<\/p>\n<p><\/span><\/div>\n<div><span class=\"m_-3717127298395946387gmail-text_exposed_show\">Gracias a los cientos de medios de comunicaci\u00f3n.<\/p>\n<p><\/span><\/div>\n<div><span class=\"m_-3717127298395946387gmail-text_exposed_show\">Gracias a los legisladores que nos abrieron sus despachos, al legislador\u00a0<b>Adri\u00e1n Camps<\/b>\u00a0que junto a un grupo de vecinos present\u00f3 el proyecto de ley 1139-2015 para eximir al Parque Chacabuco de otro Bar y el proyecto N\u00ba 1811-2016 de recuperaci\u00f3n, restauraci\u00f3n, mantenimiento, protecci\u00f3n y conservaci\u00f3n del Parque Chacabuco.<\/p>\n<p><\/span><\/div>\n<div><span class=\"m_-3717127298395946387gmail-text_exposed_show\">Gracias a los vecinos que participaron en las sesiones de asesores y diputados de la Legislatura y en las reuniones con Horacio Rodr\u00edguez Larreta en el barrio.<\/p>\n<p><\/span><\/div>\n<div><span class=\"m_-3717127298395946387gmail-text_exposed_show\">Gracias a los que presentaron y analizaron los pedidos de informes, y a los que difundieron por las redes sociales.<\/p>\n<p><\/span><\/div>\n<div><span class=\"m_-3717127298395946387gmail-text_exposed_show\">\u00a1Lo logramos!<\/p>\n<p><\/span><\/div>\n<div><span class=\"m_-3717127298395946387gmail-text_exposed_show\"><span style=\"font-size: large;\"><b><span style=\"color: #ff0000;\">No se instal\u00f3 otro Bar!!!\u00a0<\/span><\/b><br \/>\n<span style=\"color: #ff0000;\"><b><br \/>\n<\/b><\/span><\/span><\/span><\/div>\n<div><span class=\"m_-3717127298395946387gmail-text_exposed_show\"><span style=\"font-size: large;\"><span style=\"color: #ff0000;\"><b>Retrocedi\u00f3 el cemento y avanz\u00f3 el VERDE en un sector del Parque Chacabuco y de la Plazoleta Avelino Guti\u00e9rrez!!!<\/b><\/span><\/span><span style=\"color: #ff0000;\"><b><br \/>\n<\/b><\/span><br \/>\n<\/span><\/div>\n<div><span class=\"m_-3717127298395946387gmail-text_exposed_show\"><b>Los vecinos seguiremos por la recuperaci\u00f3n\u00a0del Parque Chacabuco!!!<\/b><\/span><\/div>\n<div><\/div>\n<div><span class=\"m_-3717127298395946387gmail-text_exposed_show\"><br \/>\n<\/span><\/div>\n<div><span class=\"m_-3717127298395946387gmail-text_exposed_show\">GRACIAS VECINOS!!!<br \/>\nJUNTOS PODEMOS<\/span><\/div>\n<div><span class=\"m_-3717127298395946387gmail-text_exposed_show\">Facebook: Asamblea Parque Chacabuco<\/span><\/div>\n<div><span class=\"m_-3717127298395946387gmail-text_exposed_show\">vecinosdeparquechacabuco@hotmail.com<\/span><\/div>\n<div><\/div>\n<div><a href=\"http:\/\/www.elsindical.com.ar\/notas\/var\/www\/html\/notas\/wp-content\/uploads\/2017\/08\/011-parque-chacabuco.jpg\"><img loading=\"lazy\" decoding=\"async\" class=\"alignnone size-medium wp-image-70668\" src=\"http:\/\/www.elsindical.com.ar\/notas\/var\/www\/html\/notas\/wp-content\/uploads\/2017\/08\/011-parque-chacabuco-300x200.jpg\" alt=\"\" width=\"300\" height=\"200\" srcset=\"https:\/\/www.elsindical.com.ar\/notas\/var\/www\/html\/notas\/wp-content\/uploads\/2017\/08\/011-parque-chacabuco-300x200.jpg 300w, https:\/\/www.elsindical.com.ar\/notas\/var\/www\/html\/notas\/wp-content\/uploads\/2017\/08\/011-parque-chacabuco-768x512.jpg 768w, https:\/\/www.elsindical.com.ar\/notas\/var\/www\/html\/notas\/wp-content\/uploads\/2017\/08\/011-parque-chacabuco-450x300.jpg 450w, https:\/\/www.elsindical.com.ar\/notas\/var\/www\/html\/notas\/wp-content\/uploads\/2017\/08\/011-parque-chacabuco.jpg 800w\" sizes=\"auto, (max-width: 300px) 100vw, 300px\" \/><\/a> <a href=\"http:\/\/www.elsindical.com.ar\/notas\/var\/www\/html\/notas\/wp-content\/uploads\/2017\/08\/024-parque-chacabuco.jpg\"><img loading=\"lazy\" decoding=\"async\" class=\"alignnone size-medium wp-image-70669\" src=\"http:\/\/www.elsindical.com.ar\/notas\/var\/www\/html\/notas\/wp-content\/uploads\/2017\/08\/024-parque-chacabuco-300x200.jpg\" alt=\"\" width=\"300\" height=\"200\" srcset=\"https:\/\/www.elsindical.com.ar\/notas\/var\/www\/html\/notas\/wp-content\/uploads\/2017\/08\/024-parque-chacabuco-300x200.jpg 300w, https:\/\/www.elsindical.com.ar\/notas\/var\/www\/html\/notas\/wp-content\/uploads\/2017\/08\/024-parque-chacabuco-768x512.jpg 768w, https:\/\/www.elsindical.com.ar\/notas\/var\/www\/html\/notas\/wp-content\/uploads\/2017\/08\/024-parque-chacabuco-450x300.jpg 450w, https:\/\/www.elsindical.com.ar\/notas\/var\/www\/html\/notas\/wp-content\/uploads\/2017\/08\/024-parque-chacabuco.jpg 800w\" sizes=\"auto, (max-width: 300px) 100vw, 300px\" \/><\/a> <a href=\"http:\/\/www.elsindical.com.ar\/notas\/var\/www\/html\/notas\/wp-content\/uploads\/2017\/08\/029-parque-chacabuco.jpg\"><img loading=\"lazy\" decoding=\"async\" class=\"alignnone size-medium wp-image-70670\" src=\"http:\/\/www.elsindical.com.ar\/notas\/var\/www\/html\/notas\/wp-content\/uploads\/2017\/08\/029-parque-chacabuco-300x200.jpg\" alt=\"\" width=\"300\" height=\"200\" srcset=\"https:\/\/www.elsindical.com.ar\/notas\/var\/www\/html\/notas\/wp-content\/uploads\/2017\/08\/029-parque-chacabuco-300x200.jpg 300w, https:\/\/www.elsindical.com.ar\/notas\/var\/www\/html\/notas\/wp-content\/uploads\/2017\/08\/029-parque-chacabuco-768x512.jpg 768w, https:\/\/www.elsindical.com.ar\/notas\/var\/www\/html\/notas\/wp-content\/uploads\/2017\/08\/029-parque-chacabuco-450x300.jpg 450w, https:\/\/www.elsindical.com.ar\/notas\/var\/www\/html\/notas\/wp-content\/uploads\/2017\/08\/029-parque-chacabuco.jpg 800w\" sizes=\"auto, (max-width: 300px) 100vw, 300px\" \/><\/a> <a href=\"http:\/\/www.elsindical.com.ar\/notas\/var\/www\/html\/notas\/wp-content\/uploads\/2017\/08\/850-parque-chacabuco-plazoleta-avelino-gutierrez.jpg\"><img loading=\"lazy\" decoding=\"async\" class=\"alignnone size-medium wp-image-70671\" src=\"http:\/\/www.elsindical.com.ar\/notas\/var\/www\/html\/notas\/wp-content\/uploads\/2017\/08\/850-parque-chacabuco-plazoleta-avelino-gutierrez-300x200.jpg\" alt=\"\" width=\"300\" height=\"200\" srcset=\"https:\/\/www.elsindical.com.ar\/notas\/var\/www\/html\/notas\/wp-content\/uploads\/2017\/08\/850-parque-chacabuco-plazoleta-avelino-gutierrez-300x200.jpg 300w, https:\/\/www.elsindical.com.ar\/notas\/var\/www\/html\/notas\/wp-content\/uploads\/2017\/08\/850-parque-chacabuco-plazoleta-avelino-gutierrez-768x512.jpg 768w, https:\/\/www.elsindical.com.ar\/notas\/var\/www\/html\/notas\/wp-content\/uploads\/2017\/08\/850-parque-chacabuco-plazoleta-avelino-gutierrez-450x300.jpg 450w, https:\/\/www.elsindical.com.ar\/notas\/var\/www\/html\/notas\/wp-content\/uploads\/2017\/08\/850-parque-chacabuco-plazoleta-avelino-gutierrez.jpg 800w\" sizes=\"auto, (max-width: 300px) 100vw, 300px\" \/><\/a> <a href=\"http:\/\/www.elsindical.com.ar\/notas\/var\/www\/html\/notas\/wp-content\/uploads\/2017\/08\/854-parque-chacabuco-plazoleta-avelino-gutierrez.jpg\"><img loading=\"lazy\" decoding=\"async\" class=\"alignnone size-medium wp-image-70672\" src=\"http:\/\/www.elsindical.com.ar\/notas\/var\/www\/html\/notas\/wp-content\/uploads\/2017\/08\/854-parque-chacabuco-plazoleta-avelino-gutierrez-300x200.jpg\" alt=\"\" width=\"300\" height=\"200\" srcset=\"https:\/\/www.elsindical.com.ar\/notas\/var\/www\/html\/notas\/wp-content\/uploads\/2017\/08\/854-parque-chacabuco-plazoleta-avelino-gutierrez-300x200.jpg 300w, https:\/\/www.elsindical.com.ar\/notas\/var\/www\/html\/notas\/wp-content\/uploads\/2017\/08\/854-parque-chacabuco-plazoleta-avelino-gutierrez-768x512.jpg 768w, https:\/\/www.elsindical.com.ar\/notas\/var\/www\/html\/notas\/wp-content\/uploads\/2017\/08\/854-parque-chacabuco-plazoleta-avelino-gutierrez-450x300.jpg 450w, https:\/\/www.elsindical.com.ar\/notas\/var\/www\/html\/notas\/wp-content\/uploads\/2017\/08\/854-parque-chacabuco-plazoleta-avelino-gutierrez.jpg 800w\" sizes=\"auto, (max-width: 300px) 100vw, 300px\" \/><\/a><\/div>\n<p>&nbsp;<\/p>\n","protected":false},"excerpt":{"rendered":"<p>\u00a1Lo logramos los vecinos! Gracias a los vecinos que fueron durante dos a\u00f1os, TODOS los domingos, con sol o con lluvia a defender al\u00a0Parque Chacabuco. Gracias a los miles que se acercaron a firmar, a los que marcharon semana a semana por el barrio con carteles y sonido, a los que participaron en los ABRAZOS.&hellip;<\/p>\n","protected":false},"author":1,"featured_media":0,"comment_status":"open","ping_status":"open","sticky":false,"template":"","format":"standard","meta":{"footnotes":""},"categories":[25],"tags":[5029,13683,126,687,986],"class_list":["post-70666","post","type-post","status-publish","format-standard","hentry","category-sociedad","tag-bar","tag-espacios-verdes","tag-lucha","tag-parque-chacabuco","tag-vecinos"],"_links":{"self":[{"href":"https:\/\/www.elsindical.com.ar\/notas\/wp-json\/wp\/v2\/posts\/70666","targetHints":{"allow":["GET"]}}],"collection":[{"href":"https:\/\/www.elsindical.com.ar\/notas\/wp-json\/wp\/v2\/posts"}],"about":[{"href":"https:\/\/www.elsindical.com.ar\/notas\/wp-json\/wp\/v2\/types\/post"}],"author":[{"embeddable":true,"href":"https:\/\/www.elsindical.com.ar\/notas\/wp-json\/wp\/v2\/users\/1"}],"replies":[{"embeddable":true,"href":"https:\/\/www.elsindical.com.ar\/notas\/wp-json\/wp\/v2\/comments?post=70666"}],"version-history":[{"count":1,"href":"https:\/\/www.elsindical.com.ar\/notas\/wp-json\/wp\/v2\/posts\/70666\/revisions"}],"predecessor-version":[{"id":70673,"href":"https:\/\/www.elsindical.com.ar\/notas\/wp-json\/wp\/v2\/posts\/70666\/revisions\/70673"}],"wp:attachment":[{"href":"https:\/\/www.elsindical.com.ar\/notas\/wp-json\/wp\/v2\/media?parent=70666"}],"wp:term":[{"taxonomy":"category","embeddable":true,"href":"https:\/\/www.elsindical.com.ar\/notas\/wp-json\/wp\/v2\/categories?post=70666"},{"taxonomy":"post_tag","embeddable":true,"href":"https:\/\/www.elsindical.com.ar\/notas\/wp-json\/wp\/v2\/tags?post=70666"}],"curies":[{"name":"wp","href":"https:\/\/api.w.org\/{rel}","templated":true}]}}