{"id":70647,"date":"2017-07-31T15:49:16","date_gmt":"2017-07-31T18:49:16","guid":{"rendered":"http:\/\/www.elsindical.com.ar\/notas\/?p=70647"},"modified":"2017-07-31T15:49:16","modified_gmt":"2017-07-31T18:49:16","slug":"trabajadores-del-calzado-protestan-contra-despidos-e-importaciones","status":"publish","type":"post","link":"https:\/\/www.elsindical.com.ar\/notas\/trabajadores-del-calzado-protestan-contra-despidos-e-importaciones\/","title":{"rendered":"Trabajadores del calzado protestan contra despidos e importaciones"},"content":{"rendered":"<p><em>\u00a0 <a href=\"http:\/\/www.elsindical.com.ar\/notas\/var\/www\/html\/notas\/wp-content\/uploads\/2017\/07\/protesta-trabajadores-del-calzado.jpg\"><img loading=\"lazy\" decoding=\"async\" class=\"alignnone size-medium wp-image-70648\" src=\"http:\/\/www.elsindical.com.ar\/notas\/var\/www\/html\/notas\/wp-content\/uploads\/2017\/07\/protesta-trabajadores-del-calzado-300x158.jpg\" alt=\"\" width=\"300\" height=\"158\" srcset=\"https:\/\/www.elsindical.com.ar\/notas\/var\/www\/html\/notas\/wp-content\/uploads\/2017\/07\/protesta-trabajadores-del-calzado-300x158.jpg 300w, https:\/\/www.elsindical.com.ar\/notas\/var\/www\/html\/notas\/wp-content\/uploads\/2017\/07\/protesta-trabajadores-del-calzado-500x263.jpg 500w, https:\/\/www.elsindical.com.ar\/notas\/var\/www\/html\/notas\/wp-content\/uploads\/2017\/07\/protesta-trabajadores-del-calzado.jpg 680w\" sizes=\"auto, (max-width: 300px) 100vw, 300px\" \/><\/a>Empleados de una f\u00e1brica de zapatillas bloquearon Camino de Cintura, a la altura de la localidad bonaerense de 9 de Abril, luego de que cesantearan a 100 operarios y amenazaran con echar a 40 m\u00e1s. Adem\u00e1s, responsabilizaron a Mauricio Macri ya que la empresa decidi\u00f3 \u00abcomprar el producto terminado en China\u00bb.<\/em><\/p>\n<p>Trabajadores de una f\u00e1brica de zapatillas Adidas denunciaron que la planta despidi\u00f3 a 100 operarios desde enero \u00faltimo y que amenaz\u00f3 con cesantear a 40 m\u00e1s en las pr\u00f3ximas horas, por lo que bloqueaban el tr\u00e1nsito esta ma\u00f1ana en Camino de Cintura, a la altura de la localidad bonaerense de 9 de Abril, partido de Esteben Echeverr\u00eda.<\/p>\n<p>Desde las 8.30, los trabajadores obstru\u00edan la circulaci\u00f3n vehicular en el cruce de la ex ruta 4 y la calle Jos\u00e9 Mar\u00eda Paz, donde responsabilizaban por los despidos al presidente <strong>Mauricio Macri<\/strong>, al argumentar que la firma Extreme Gear S.A comenz\u00f3 con los despidos en enero tras<em> \u201ccomprar el producto terminado en China\u201d,<\/em> a ra\u00edz de la<em> \u201capertura de la importaci\u00f3n\u201d.<\/em><\/p>\n<p><em>\u201cDesde enero, Extreme Gear despidi\u00f3 a 100 trabajadores y, el viernes \u00faltimo, nos comunic\u00f3 que iba a echar a otros 40. Frente a eso, ofrecimos al presidente de la compa\u00f1\u00eda, <strong>Manuel Fern\u00e1ndez<\/strong>, cobrar menos salario para preservar los puestos laborales. Acept\u00f3 pero nos advirti\u00f3 que la situaci\u00f3n no podr\u00e1 sostenerse mucho m\u00e1s\u201d, <\/em>dijo a DyN la operaria <strong>Soledad Zapata.<\/strong><\/p>\n<p><strong><u><em>Tabacalera<\/em><\/u><\/strong><\/p>\n<p>Trabajadores de\u00a0Tabacalera Espert S.A se movilizaron en el\u00a0Parque Industrial\u00a0de\u00a0Berazategui, exigiendo la inmediata reincorporaci\u00f3n de\u00a0diez despedidos.<\/p>\n<p><em>\u201cLo que hoy sucede es que hay un aprovechamiento de los empresarios, amparados por el Gobierno, de reducir la fuente laboral para disciplinar a la mano de obra. Porque est\u00e1 claro que los altos niveles de desocupaci\u00f3n hacen que el que tiene empleo lo piense dos veces antes de revelarse ante una situaci\u00f3n de injusticia\u201d,<\/em> asegur\u00f3<strong> Oscar de Isasi,<\/strong>\u00a0\u00a0secretario General de la CTA Aut\u00f3noma de Buenos Aires.<\/p>\n","protected":false},"excerpt":{"rendered":"<p>\u00a0 Empleados de una f\u00e1brica de zapatillas bloquearon Camino de Cintura, a la altura de la localidad bonaerense de 9 de Abril, luego de que cesantearan a 100 operarios y amenazaran con echar a 40 m\u00e1s. Adem\u00e1s, responsabilizaron a Mauricio Macri ya que la empresa decidi\u00f3 \u00abcomprar el producto terminado en China\u00bb. Trabajadores de una&hellip;<\/p>\n","protected":false},"author":1,"featured_media":0,"comment_status":"open","ping_status":"open","sticky":false,"template":"","format":"standard","meta":{"footnotes":""},"categories":[16],"tags":[4585,53,76,292],"class_list":["post-70647","post","type-post","status-publish","format-standard","hentry","category-gremiales","tag-calzado","tag-despidos","tag-mauricio-macri","tag-protesta"],"_links":{"self":[{"href":"https:\/\/www.elsindical.com.ar\/notas\/wp-json\/wp\/v2\/posts\/70647","targetHints":{"allow":["GET"]}}],"collection":[{"href":"https:\/\/www.elsindical.com.ar\/notas\/wp-json\/wp\/v2\/posts"}],"about":[{"href":"https:\/\/www.elsindical.com.ar\/notas\/wp-json\/wp\/v2\/types\/post"}],"author":[{"embeddable":true,"href":"https:\/\/www.elsindical.com.ar\/notas\/wp-json\/wp\/v2\/users\/1"}],"replies":[{"embeddable":true,"href":"https:\/\/www.elsindical.com.ar\/notas\/wp-json\/wp\/v2\/comments?post=70647"}],"version-history":[{"count":1,"href":"https:\/\/www.elsindical.com.ar\/notas\/wp-json\/wp\/v2\/posts\/70647\/revisions"}],"predecessor-version":[{"id":70649,"href":"https:\/\/www.elsindical.com.ar\/notas\/wp-json\/wp\/v2\/posts\/70647\/revisions\/70649"}],"wp:attachment":[{"href":"https:\/\/www.elsindical.com.ar\/notas\/wp-json\/wp\/v2\/media?parent=70647"}],"wp:term":[{"taxonomy":"category","embeddable":true,"href":"https:\/\/www.elsindical.com.ar\/notas\/wp-json\/wp\/v2\/categories?post=70647"},{"taxonomy":"post_tag","embeddable":true,"href":"https:\/\/www.elsindical.com.ar\/notas\/wp-json\/wp\/v2\/tags?post=70647"}],"curies":[{"name":"wp","href":"https:\/\/api.w.org\/{rel}","templated":true}]}}