{"id":70577,"date":"2017-07-30T09:47:56","date_gmt":"2017-07-30T12:47:56","guid":{"rendered":"http:\/\/www.elsindical.com.ar\/notas\/?p=70577"},"modified":"2017-07-30T09:47:56","modified_gmt":"2017-07-30T12:47:56","slug":"la-renga-volvio-a-buenos-aires","status":"publish","type":"post","link":"https:\/\/www.elsindical.com.ar\/notas\/la-renga-volvio-a-buenos-aires\/","title":{"rendered":"La Renga Volvi\u00f3 a Buenos Aires"},"content":{"rendered":"<p>Luego de 10 a\u00f1os volvi\u00f3 a tocar en Capital Federal.<\/p>\n<p><a href=\"http:\/\/www.elsindical.com.ar\/notas\/var\/www\/html\/notas\/wp-content\/uploads\/2017\/07\/221a2601.jpg\"><img loading=\"lazy\" decoding=\"async\" class=\"alignnone size-medium wp-image-70582\" src=\"http:\/\/www.elsindical.com.ar\/notas\/var\/www\/html\/notas\/wp-content\/uploads\/2017\/07\/221a2601-300x200.jpg\" alt=\"\" width=\"300\" height=\"200\" srcset=\"https:\/\/www.elsindical.com.ar\/notas\/var\/www\/html\/notas\/wp-content\/uploads\/2017\/07\/221a2601-300x200.jpg 300w, https:\/\/www.elsindical.com.ar\/notas\/var\/www\/html\/notas\/wp-content\/uploads\/2017\/07\/221a2601-768x513.jpg 768w, https:\/\/www.elsindical.com.ar\/notas\/var\/www\/html\/notas\/wp-content\/uploads\/2017\/07\/221a2601-449x300.jpg 449w, https:\/\/www.elsindical.com.ar\/notas\/var\/www\/html\/notas\/wp-content\/uploads\/2017\/07\/221a2601.jpg 851w\" sizes=\"auto, (max-width: 300px) 100vw, 300px\" \/><\/a><\/p>\n<p>Cr\u00e9dito Leo Italiano Ph, gentileza: www.larenga.com<\/p>\n<p>La primera de 4 fechas incre\u00edbles en el Estadio del Club Hurac\u00e1n<\/p>\n<p><strong>Lista de Temas.<\/strong><\/p>\n<p>Coraz\u00f3n Fugitivo<br \/>\nN\u00f3mades<br \/>\nDisfrazado<br \/>\nA Tu Lado<br \/>\nA la Carga mi Rock and Roll<br \/>\nAl que he sangrado<br \/>\nSan Miguel<br \/>\nCuando Vendr\u00e1n<br \/>\nCirco Romano<br \/>\nEl Twist del Pibe<br \/>\nPoder<br \/>\nPanic Show<br \/>\nDesnudo para Siempre<br \/>\nPole<br \/>\nLa Balada del Diablo y La Muerte<br \/>\nEstalla<br \/>\nLos Brazos del Sol<br \/>\nOscuro<br \/>\nEl Rito<br \/>\nEn el Bald\u00edo<br \/>\nBien Alto<br \/>\nTripa y Coraz\u00f3n<br \/>\nArte infernal<br \/>\nOportunidad<br \/>\nLa Raz\u00f3n que Te Demora<br \/>\nEl Final es en Donde Part\u00ed<br \/>\n&#8212;&#8212;&#8212;&#8212;&#8212;&#8212;&#8212;<br \/>\nSer Yo<br \/>\nRe\u00edte<br \/>\nEl Viento que Todo Empuja<br \/>\nHablando de La Libertad<\/p>\n<p><a href=\"http:\/\/www.elsindical.com.ar\/notas\/var\/www\/html\/notas\/wp-content\/uploads\/2017\/07\/221a2357.jpg\"><img loading=\"lazy\" decoding=\"async\" class=\"alignnone size-medium wp-image-70584\" src=\"http:\/\/www.elsindical.com.ar\/notas\/var\/www\/html\/notas\/wp-content\/uploads\/2017\/07\/221a2357-300x200.jpg\" alt=\"\" width=\"300\" height=\"200\" srcset=\"https:\/\/www.elsindical.com.ar\/notas\/var\/www\/html\/notas\/wp-content\/uploads\/2017\/07\/221a2357-300x200.jpg 300w, https:\/\/www.elsindical.com.ar\/notas\/var\/www\/html\/notas\/wp-content\/uploads\/2017\/07\/221a2357-768x513.jpg 768w, https:\/\/www.elsindical.com.ar\/notas\/var\/www\/html\/notas\/wp-content\/uploads\/2017\/07\/221a2357-449x300.jpg 449w, https:\/\/www.elsindical.com.ar\/notas\/var\/www\/html\/notas\/wp-content\/uploads\/2017\/07\/221a2357.jpg 851w\" sizes=\"auto, (max-width: 300px) 100vw, 300px\" \/><\/a> <a href=\"http:\/\/www.elsindical.com.ar\/notas\/var\/www\/html\/notas\/wp-content\/uploads\/2017\/07\/221a2892.jpg\"><img loading=\"lazy\" decoding=\"async\" class=\"alignnone size-medium wp-image-70579\" src=\"http:\/\/www.elsindical.com.ar\/notas\/var\/www\/html\/notas\/wp-content\/uploads\/2017\/07\/221a2892-300x200.jpg\" alt=\"\" width=\"300\" height=\"200\" srcset=\"https:\/\/www.elsindical.com.ar\/notas\/var\/www\/html\/notas\/wp-content\/uploads\/2017\/07\/221a2892-300x200.jpg 300w, https:\/\/www.elsindical.com.ar\/notas\/var\/www\/html\/notas\/wp-content\/uploads\/2017\/07\/221a2892-768x513.jpg 768w, https:\/\/www.elsindical.com.ar\/notas\/var\/www\/html\/notas\/wp-content\/uploads\/2017\/07\/221a2892-449x300.jpg 449w, https:\/\/www.elsindical.com.ar\/notas\/var\/www\/html\/notas\/wp-content\/uploads\/2017\/07\/221a2892.jpg 851w\" sizes=\"auto, (max-width: 300px) 100vw, 300px\" \/><\/a> <a href=\"http:\/\/www.elsindical.com.ar\/notas\/var\/www\/html\/notas\/wp-content\/uploads\/2017\/07\/221a3246-1.jpg\"><img loading=\"lazy\" decoding=\"async\" class=\"alignnone size-medium wp-image-70578\" src=\"http:\/\/www.elsindical.com.ar\/notas\/var\/www\/html\/notas\/wp-content\/uploads\/2017\/07\/221a3246-1-300x200.jpg\" alt=\"\" width=\"300\" height=\"200\" srcset=\"https:\/\/www.elsindical.com.ar\/notas\/var\/www\/html\/notas\/wp-content\/uploads\/2017\/07\/221a3246-1-300x200.jpg 300w, https:\/\/www.elsindical.com.ar\/notas\/var\/www\/html\/notas\/wp-content\/uploads\/2017\/07\/221a3246-1-768x513.jpg 768w, https:\/\/www.elsindical.com.ar\/notas\/var\/www\/html\/notas\/wp-content\/uploads\/2017\/07\/221a3246-1-449x300.jpg 449w, https:\/\/www.elsindical.com.ar\/notas\/var\/www\/html\/notas\/wp-content\/uploads\/2017\/07\/221a3246-1.jpg 851w\" sizes=\"auto, (max-width: 300px) 100vw, 300px\" \/><\/a> <a href=\"http:\/\/www.elsindical.com.ar\/notas\/var\/www\/html\/notas\/wp-content\/uploads\/2017\/07\/221a2553.jpg\"><img loading=\"lazy\" decoding=\"async\" class=\"alignnone size-medium wp-image-70583\" src=\"http:\/\/www.elsindical.com.ar\/notas\/var\/www\/html\/notas\/wp-content\/uploads\/2017\/07\/221a2553-300x200.jpg\" alt=\"\" width=\"300\" height=\"200\" srcset=\"https:\/\/www.elsindical.com.ar\/notas\/var\/www\/html\/notas\/wp-content\/uploads\/2017\/07\/221a2553-300x200.jpg 300w, https:\/\/www.elsindical.com.ar\/notas\/var\/www\/html\/notas\/wp-content\/uploads\/2017\/07\/221a2553-768x513.jpg 768w, https:\/\/www.elsindical.com.ar\/notas\/var\/www\/html\/notas\/wp-content\/uploads\/2017\/07\/221a2553-449x300.jpg 449w, https:\/\/www.elsindical.com.ar\/notas\/var\/www\/html\/notas\/wp-content\/uploads\/2017\/07\/221a2553.jpg 851w\" sizes=\"auto, (max-width: 300px) 100vw, 300px\" \/><\/a> <a href=\"http:\/\/www.elsindical.com.ar\/notas\/var\/www\/html\/notas\/wp-content\/uploads\/2017\/07\/221a2712.jpg\"><img loading=\"lazy\" decoding=\"async\" class=\"alignnone size-medium wp-image-70581\" src=\"http:\/\/www.elsindical.com.ar\/notas\/var\/www\/html\/notas\/wp-content\/uploads\/2017\/07\/221a2712-300x200.jpg\" alt=\"\" width=\"300\" height=\"200\" srcset=\"https:\/\/www.elsindical.com.ar\/notas\/var\/www\/html\/notas\/wp-content\/uploads\/2017\/07\/221a2712-300x200.jpg 300w, https:\/\/www.elsindical.com.ar\/notas\/var\/www\/html\/notas\/wp-content\/uploads\/2017\/07\/221a2712-768x513.jpg 768w, https:\/\/www.elsindical.com.ar\/notas\/var\/www\/html\/notas\/wp-content\/uploads\/2017\/07\/221a2712-449x300.jpg 449w, https:\/\/www.elsindical.com.ar\/notas\/var\/www\/html\/notas\/wp-content\/uploads\/2017\/07\/221a2712.jpg 851w\" sizes=\"auto, (max-width: 300px) 100vw, 300px\" \/><\/a> <a href=\"http:\/\/www.elsindical.com.ar\/notas\/var\/www\/html\/notas\/wp-content\/uploads\/2017\/07\/221a2789.jpg\"><img loading=\"lazy\" decoding=\"async\" class=\"alignnone size-medium wp-image-70580\" src=\"http:\/\/www.elsindical.com.ar\/notas\/var\/www\/html\/notas\/wp-content\/uploads\/2017\/07\/221a2789-300x200.jpg\" alt=\"\" width=\"300\" height=\"200\" srcset=\"https:\/\/www.elsindical.com.ar\/notas\/var\/www\/html\/notas\/wp-content\/uploads\/2017\/07\/221a2789-300x200.jpg 300w, https:\/\/www.elsindical.com.ar\/notas\/var\/www\/html\/notas\/wp-content\/uploads\/2017\/07\/221a2789-768x513.jpg 768w, https:\/\/www.elsindical.com.ar\/notas\/var\/www\/html\/notas\/wp-content\/uploads\/2017\/07\/221a2789-449x300.jpg 449w, https:\/\/www.elsindical.com.ar\/notas\/var\/www\/html\/notas\/wp-content\/uploads\/2017\/07\/221a2789.jpg 851w\" sizes=\"auto, (max-width: 300px) 100vw, 300px\" \/><\/a><\/p>\n","protected":false},"excerpt":{"rendered":"<p>Luego de 10 a\u00f1os volvi\u00f3 a tocar en Capital Federal. Cr\u00e9dito Leo Italiano Ph, gentileza: www.larenga.com La primera de 4 fechas incre\u00edbles en el Estadio del Club Hurac\u00e1n Lista de Temas. Coraz\u00f3n Fugitivo N\u00f3mades Disfrazado A Tu Lado A la Carga mi Rock and Roll Al que he sangrado San Miguel Cuando Vendr\u00e1n Circo Romano&hellip;<\/p>\n","protected":false},"author":1,"featured_media":0,"comment_status":"open","ping_status":"open","sticky":false,"template":"","format":"standard","meta":{"footnotes":""},"categories":[15],"tags":[296,6791,719],"class_list":["post-70577","post","type-post","status-publish","format-standard","hentry","category-espectaculos","tag-capital-federal","tag-la-renga","tag-recital"],"_links":{"self":[{"href":"https:\/\/www.elsindical.com.ar\/notas\/wp-json\/wp\/v2\/posts\/70577","targetHints":{"allow":["GET"]}}],"collection":[{"href":"https:\/\/www.elsindical.com.ar\/notas\/wp-json\/wp\/v2\/posts"}],"about":[{"href":"https:\/\/www.elsindical.com.ar\/notas\/wp-json\/wp\/v2\/types\/post"}],"author":[{"embeddable":true,"href":"https:\/\/www.elsindical.com.ar\/notas\/wp-json\/wp\/v2\/users\/1"}],"replies":[{"embeddable":true,"href":"https:\/\/www.elsindical.com.ar\/notas\/wp-json\/wp\/v2\/comments?post=70577"}],"version-history":[{"count":1,"href":"https:\/\/www.elsindical.com.ar\/notas\/wp-json\/wp\/v2\/posts\/70577\/revisions"}],"predecessor-version":[{"id":70585,"href":"https:\/\/www.elsindical.com.ar\/notas\/wp-json\/wp\/v2\/posts\/70577\/revisions\/70585"}],"wp:attachment":[{"href":"https:\/\/www.elsindical.com.ar\/notas\/wp-json\/wp\/v2\/media?parent=70577"}],"wp:term":[{"taxonomy":"category","embeddable":true,"href":"https:\/\/www.elsindical.com.ar\/notas\/wp-json\/wp\/v2\/categories?post=70577"},{"taxonomy":"post_tag","embeddable":true,"href":"https:\/\/www.elsindical.com.ar\/notas\/wp-json\/wp\/v2\/tags?post=70577"}],"curies":[{"name":"wp","href":"https:\/\/api.w.org\/{rel}","templated":true}]}}