{"id":70540,"date":"2017-07-28T01:20:35","date_gmt":"2017-07-28T04:20:35","guid":{"rendered":"http:\/\/www.elsindical.com.ar\/notas\/?p=70540"},"modified":"2017-07-28T01:20:35","modified_gmt":"2017-07-28T04:20:35","slug":"lanus-joven-se-transformo-en-justiciero-al-asesinar-a-delincuente-de-14-anos","status":"publish","type":"post","link":"https:\/\/www.elsindical.com.ar\/notas\/lanus-joven-se-transformo-en-justiciero-al-asesinar-a-delincuente-de-14-anos\/","title":{"rendered":"Lan\u00fas: Joven se transform\u00f3 en justiciero al asesinar a delincuente de 14 a\u00f1os"},"content":{"rendered":"<p><em>\u00a0 <a href=\"http:\/\/www.elsindical.com.ar\/notas\/var\/www\/html\/notas\/wp-content\/uploads\/2017\/07\/Unidad-Sanitaria-General-San-Mart\u00edn.jpg\"><img loading=\"lazy\" decoding=\"async\" class=\"alignnone size-medium wp-image-70541\" src=\"http:\/\/www.elsindical.com.ar\/notas\/var\/www\/html\/notas\/wp-content\/uploads\/2017\/07\/Unidad-Sanitaria-General-San-Mart\u00edn-300x158.jpg\" alt=\"\" width=\"300\" height=\"158\" srcset=\"https:\/\/www.elsindical.com.ar\/notas\/var\/www\/html\/notas\/wp-content\/uploads\/2017\/07\/Unidad-Sanitaria-General-San-Mart\u00edn-300x158.jpg 300w, https:\/\/www.elsindical.com.ar\/notas\/var\/www\/html\/notas\/wp-content\/uploads\/2017\/07\/Unidad-Sanitaria-General-San-Mart\u00edn-500x264.jpg 500w, https:\/\/www.elsindical.com.ar\/notas\/var\/www\/html\/notas\/wp-content\/uploads\/2017\/07\/Unidad-Sanitaria-General-San-Mart\u00edn.jpg 680w\" sizes=\"auto, (max-width: 300px) 100vw, 300px\" \/><\/a>La localidad bonaerense de Villa Barcel\u00f3, en el partido de Lan\u00fas, se convirti\u00f3 en escenario de un nuevo caso de justicia por mano propia. Un adolescente de 17 a\u00f1os dio muerte a un ladr\u00f3n de 14, quien con un c\u00f3mplice pretendi\u00f3 asaltar un kiosco perteneciente al padre del primero.<\/em><\/p>\n<p>Las autoridades policiales detuvieron preventivamente al responsable de los disparos, pero despu\u00e9s los funcionarios judiciales resolvieron dejarlo en libertad, al considerar que obr\u00f3 en defensa de la vida y de los bienes de sus familiares.<\/p>\n<p>De acuerdo con lo revelado por los voceros de los tribunales de Lomas de Zamora, el tremendo hecho se produjo cuando el pibe de 17 a\u00f1os se hallaba reunido con varios de sus amigos en el interior de su finca situada en el cruce de Allende y Chorroar\u00edn, en el sur del conurbano provincial, en la que tambi\u00e9n se encuentra instalado el kiosco de los parientes del muchacho.<\/p>\n<p>Trascendi\u00f3 que, de manera repentina, el justiciero escuch\u00f3 ruidos extra\u00f1os procedentes del exterior de la vivienda, oportunidad en la que advirti\u00f3 que dos individuos -uno de los cuales portaba un arma de fuego- trataban de ingresar al inmueble, habi\u00e9ndose trepado a una reja instalada en el domicilio.<\/p>\n<p>A ra\u00edz de este motivo, el valiente hijo del comerciante logr\u00f3 apoderarse de un rev\u00f3lver Tango 32 largo y comenz\u00f3 a efectuar disparos a los delincuentes, que decidieron huir a la carrera, sin consumar el asalto.<\/p>\n<p><strong><u>Incautaci\u00f3n<\/u><\/strong><br \/>\nCon rapidez y luego de un llamado al n\u00famero telef\u00f3nico de emergencias 911, los servidores p\u00fablicos de la comisar\u00eda de Villa Barcel\u00f3 (10\u00aa de Lan\u00fas) y del Comando Patrulla (CP) del citado distrito arribaron al escenario del frustrado intento de robo e incautaron el arma del justiciero y otro rev\u00f3lver, de igual calibre, que apareci\u00f3 abandonado en el jard\u00edn de la vivienda, afirm\u00e1ndose que era el arma que ten\u00edan dichos marginales.<\/p>\n<p>Posteriormente los polic\u00edas establecieron que un menor, llamado <strong>Gabriel<\/strong>, de 14 a\u00f1os, hab\u00eda sido trasladado, ya sin vida y con una herida de bala en el est\u00f3mago, a la Unidad Sanitaria General San Mart\u00edn, ubicada en Manuel Corval\u00e1n al 2100, en Monte Chingolo. En el centro asistencial, los pesquisas dialogaron con otro pibe, de id\u00e9ntica edad, que asegur\u00f3 ser amigo del occiso y que agreg\u00f3 que su compa\u00f1ero hab\u00eda sido agredido a tiros mientras ambos se hallaban como clientes en el mencionado kiosco.<\/p>\n<p>Seg\u00fan manifestaron los informantes, el testigo incurri\u00f3 en diversas contradicciones, lo que origin\u00f3 que los pesquisas establecieran que el menor baleado era uno de los sujetos que hab\u00edan tratado de desvalijar el comercio. Los investigadores sospechan que el amigo del muerto era el otro ladr\u00f3n, pero los funcionarios de los tribunales no adoptaron medidas en su contra. El hijo del kiosquero fue detenido en forma preventiva, aunque finalmente la Justicia le otorg\u00f3 la libertad.<\/p>\n<p>Intervino en la causa, en un comienzo, la Unidad Funcional N\u00ba14 de Lomas de Zamora, pero luego el expediente, que se caratul\u00f3 \u00abHomicidio\u00bb, le fue enviado a la Fiscal\u00eda de Responsabilidad Penal Juvenil N\u00ba3 del mismo departamento judicial.<\/p>\n","protected":false},"excerpt":{"rendered":"<p>\u00a0 La localidad bonaerense de Villa Barcel\u00f3, en el partido de Lan\u00fas, se convirti\u00f3 en escenario de un nuevo caso de justicia por mano propia. Un adolescente de 17 a\u00f1os dio muerte a un ladr\u00f3n de 14, quien con un c\u00f3mplice pretendi\u00f3 asaltar un kiosco perteneciente al padre del primero. Las autoridades policiales detuvieron preventivamente&hellip;<\/p>\n","protected":false},"author":1,"featured_media":0,"comment_status":"open","ping_status":"open","sticky":false,"template":"","format":"standard","meta":{"footnotes":""},"categories":[22],"tags":[209,116,18727],"class_list":["post-70540","post","type-post","status-publish","format-standard","hentry","category-policiales","tag-lanus","tag-robo","tag-villa-barcelo"],"_links":{"self":[{"href":"https:\/\/www.elsindical.com.ar\/notas\/wp-json\/wp\/v2\/posts\/70540","targetHints":{"allow":["GET"]}}],"collection":[{"href":"https:\/\/www.elsindical.com.ar\/notas\/wp-json\/wp\/v2\/posts"}],"about":[{"href":"https:\/\/www.elsindical.com.ar\/notas\/wp-json\/wp\/v2\/types\/post"}],"author":[{"embeddable":true,"href":"https:\/\/www.elsindical.com.ar\/notas\/wp-json\/wp\/v2\/users\/1"}],"replies":[{"embeddable":true,"href":"https:\/\/www.elsindical.com.ar\/notas\/wp-json\/wp\/v2\/comments?post=70540"}],"version-history":[{"count":1,"href":"https:\/\/www.elsindical.com.ar\/notas\/wp-json\/wp\/v2\/posts\/70540\/revisions"}],"predecessor-version":[{"id":70542,"href":"https:\/\/www.elsindical.com.ar\/notas\/wp-json\/wp\/v2\/posts\/70540\/revisions\/70542"}],"wp:attachment":[{"href":"https:\/\/www.elsindical.com.ar\/notas\/wp-json\/wp\/v2\/media?parent=70540"}],"wp:term":[{"taxonomy":"category","embeddable":true,"href":"https:\/\/www.elsindical.com.ar\/notas\/wp-json\/wp\/v2\/categories?post=70540"},{"taxonomy":"post_tag","embeddable":true,"href":"https:\/\/www.elsindical.com.ar\/notas\/wp-json\/wp\/v2\/tags?post=70540"}],"curies":[{"name":"wp","href":"https:\/\/api.w.org\/{rel}","templated":true}]}}