{"id":70428,"date":"2017-07-25T01:22:18","date_gmt":"2017-07-25T04:22:18","guid":{"rendered":"http:\/\/www.elsindical.com.ar\/notas\/?p=70428"},"modified":"2017-07-25T01:22:18","modified_gmt":"2017-07-25T04:22:18","slug":"mar-del-plata-hubo-3-personas-muertas-por-el-frio-y-estiman-que-hay-341-en-situacion-de-calle","status":"publish","type":"post","link":"https:\/\/www.elsindical.com.ar\/notas\/mar-del-plata-hubo-3-personas-muertas-por-el-frio-y-estiman-que-hay-341-en-situacion-de-calle\/","title":{"rendered":"Mar del Plata: hubo 3 personas muertas \u00abpor el fr\u00edo\u00bb y estiman que hay 341 en situaci\u00f3n de calle"},"content":{"rendered":"<p><em><a href=\"http:\/\/www.elsindical.com.ar\/notas\/var\/www\/html\/notas\/wp-content\/uploads\/2017\/07\/indigente-Mar-del-Plata.jpg\"><img loading=\"lazy\" decoding=\"async\" class=\"alignnone size-medium wp-image-70429\" src=\"http:\/\/www.elsindical.com.ar\/notas\/var\/www\/html\/notas\/wp-content\/uploads\/2017\/07\/indigente-Mar-del-Plata-300x172.jpg\" alt=\"\" width=\"300\" height=\"172\" srcset=\"https:\/\/www.elsindical.com.ar\/notas\/var\/www\/html\/notas\/wp-content\/uploads\/2017\/07\/indigente-Mar-del-Plata-300x172.jpg 300w, https:\/\/www.elsindical.com.ar\/notas\/var\/www\/html\/notas\/wp-content\/uploads\/2017\/07\/indigente-Mar-del-Plata-768x441.jpg 768w, https:\/\/www.elsindical.com.ar\/notas\/var\/www\/html\/notas\/wp-content\/uploads\/2017\/07\/indigente-Mar-del-Plata-500x287.jpg 500w, https:\/\/www.elsindical.com.ar\/notas\/var\/www\/html\/notas\/wp-content\/uploads\/2017\/07\/indigente-Mar-del-Plata.jpg 810w\" sizes=\"auto, (max-width: 300px) 100vw, 300px\" \/><\/a>\u00a0 La muerte de tres personas en situaci\u00f3n de calle en las \u00faltimas semanas, sumado a otros 7 casos que ocurrieron durante el 2016, muestran que la problem\u00e1tica de las personas que viven a la intemperie se profundiza en Mar del Plata.<\/em><\/p>\n<p>En noviembre del a\u00f1o pasado, la Defensor\u00eda del Pueblo, en conjunto con el municipio y la Provincia, realizaron un relevamiento que determin\u00f3 que 341 personas se encuentran en situaci\u00f3n de calle en la ciudad balnearia.<\/p>\n<p>El n\u00famero es preocupante y puede haberse agravado a\u00fan m\u00e1s durante los primeros meses de este a\u00f1o, al igual que como sucedi\u00f3 en Capital Federal, La Plata y otros puntos de Buenos Aires.<\/p>\n<p>El relevamiento de la Defensor\u00eda precisa que de las personas relevadas en situaci\u00f3n de calle, el 83% son hombres y el 16% mujeres. Adem\u00e1s el 63% de los encuestados tienen entre 21 y 50 a\u00f1os, es decir, est\u00e1n en una edad laboral activa, y el 8% son ni\u00f1os y ni\u00f1as menores de 20 a\u00f1os.<\/p>\n<p>Adem\u00e1s el 42.8% manifiesta estar viviendo en la calle por un lapso de entre un mes y un a\u00f1o, mientras que el 54% est\u00e1 en esa situaci\u00f3n hace m\u00e1s de un a\u00f1o. El estudio aclara que \u00abquienes llevan -en mayor medida- un tiempo prolongado en situaci\u00f3n de calle, se corresponde con las personas en edades m\u00e1s avanzadas\u00bb.<\/p>\n<p>Respecto de si las personas perciben o no alg\u00fan tipo de subsidio econ\u00f3mico, desde la Defensor\u00eda afirmaron que de un total de 334 respuestas dadas, un 81% no percibe ning\u00fan subsidio. Mientras que \u00abdel total de los que respondieron que s\u00ed perciben alg\u00fan tipo de subsidio, el 41,4% recibe Pensiones por Discapacidad, un 31% la Asignaci\u00f3n Universal por Hijo y un 13, 8% jubilaci\u00f3n\u00bb.<\/p>\n","protected":false},"excerpt":{"rendered":"<p>\u00a0 La muerte de tres personas en situaci\u00f3n de calle en las \u00faltimas semanas, sumado a otros 7 casos que ocurrieron durante el 2016, muestran que la problem\u00e1tica de las personas que viven a la intemperie se profundiza en Mar del Plata. En noviembre del a\u00f1o pasado, la Defensor\u00eda del Pueblo, en conjunto con el&hellip;<\/p>\n","protected":false},"author":1,"featured_media":0,"comment_status":"open","ping_status":"open","sticky":false,"template":"","format":"standard","meta":{"footnotes":""},"categories":[25],"tags":[5824,8280,1673,26619],"class_list":["post-70428","post","type-post","status-publish","format-standard","hentry","category-sociedad","tag-defensoria-del-pueblo","tag-indigencia","tag-mar-del-plata","tag-muertes-por-frio"],"_links":{"self":[{"href":"https:\/\/www.elsindical.com.ar\/notas\/wp-json\/wp\/v2\/posts\/70428","targetHints":{"allow":["GET"]}}],"collection":[{"href":"https:\/\/www.elsindical.com.ar\/notas\/wp-json\/wp\/v2\/posts"}],"about":[{"href":"https:\/\/www.elsindical.com.ar\/notas\/wp-json\/wp\/v2\/types\/post"}],"author":[{"embeddable":true,"href":"https:\/\/www.elsindical.com.ar\/notas\/wp-json\/wp\/v2\/users\/1"}],"replies":[{"embeddable":true,"href":"https:\/\/www.elsindical.com.ar\/notas\/wp-json\/wp\/v2\/comments?post=70428"}],"version-history":[{"count":1,"href":"https:\/\/www.elsindical.com.ar\/notas\/wp-json\/wp\/v2\/posts\/70428\/revisions"}],"predecessor-version":[{"id":70430,"href":"https:\/\/www.elsindical.com.ar\/notas\/wp-json\/wp\/v2\/posts\/70428\/revisions\/70430"}],"wp:attachment":[{"href":"https:\/\/www.elsindical.com.ar\/notas\/wp-json\/wp\/v2\/media?parent=70428"}],"wp:term":[{"taxonomy":"category","embeddable":true,"href":"https:\/\/www.elsindical.com.ar\/notas\/wp-json\/wp\/v2\/categories?post=70428"},{"taxonomy":"post_tag","embeddable":true,"href":"https:\/\/www.elsindical.com.ar\/notas\/wp-json\/wp\/v2\/tags?post=70428"}],"curies":[{"name":"wp","href":"https:\/\/api.w.org\/{rel}","templated":true}]}}