{"id":70403,"date":"2017-07-24T20:07:06","date_gmt":"2017-07-24T23:07:06","guid":{"rendered":"http:\/\/www.elsindical.com.ar\/notas\/?p=70403"},"modified":"2017-07-24T20:07:06","modified_gmt":"2017-07-24T23:07:06","slug":"sutcapra-repudia-agresion-a-joven-en-la-plata","status":"publish","type":"post","link":"https:\/\/www.elsindical.com.ar\/notas\/sutcapra-repudia-agresion-a-joven-en-la-plata\/","title":{"rendered":"SUTCAPRA repudia agresi\u00f3n a joven en La Plata"},"content":{"rendered":"<p><em>\u00a0\u00a0 <a href=\"http:\/\/www.elsindical.com.ar\/notas\/var\/www\/html\/notas\/wp-content\/uploads\/2016\/06\/logo-SUTCAPRA.jpg\"><img loading=\"lazy\" decoding=\"async\" class=\"alignnone size-medium wp-image-60109\" src=\"http:\/\/www.elsindical.com.ar\/notas\/var\/www\/html\/notas\/wp-content\/uploads\/2016\/06\/logo-SUTCAPRA-300x111.jpg\" alt=\"\" width=\"300\" height=\"111\" srcset=\"https:\/\/www.elsindical.com.ar\/notas\/var\/www\/html\/notas\/wp-content\/uploads\/2016\/06\/logo-SUTCAPRA-300x111.jpg 300w, https:\/\/www.elsindical.com.ar\/notas\/var\/www\/html\/notas\/wp-content\/uploads\/2016\/06\/logo-SUTCAPRA-500x185.jpg 500w, https:\/\/www.elsindical.com.ar\/notas\/var\/www\/html\/notas\/wp-content\/uploads\/2016\/06\/logo-SUTCAPRA.jpg 620w\" sizes=\"auto, (max-width: 300px) 100vw, 300px\" \/><\/a>El Sindicato \u00danico de Trabajadores de Control de Admisi\u00f3n y Permanencia de la Rep\u00fablica Argentina (SUTCAPRA) repudi\u00f3 \u201cen\u00e9rgicamente\u201d la violenta agresi\u00f3n al joven de veinte a\u00f1os a la salida de un bar en la zona c\u00e9ntrica de La Plata.<\/em><\/p>\n<p>\u201cManifestamos nuestro m\u00e1s absoluto y en\u00e9rgico repudio a la agresi\u00f3n del joven Mat\u00edas Ferioli y brindamos total solidaridad y acompa\u00f1amiento a \u00e9l y su familia, y rechazamos el accionar violento de personas que no representan los valores nuestra organizaci\u00f3n\u201d, expres\u00f3 la conducci\u00f3n nacional del gremio.<\/p>\n<p>A trav\u00e9s de un comunicado, SUTCAPRA lament\u00f3 que \u201ctodav\u00eda existen sujetos que ensucian la noble tarea de los trabajadores y trabajadoras CAP, que en vez de resguardar la integridad f\u00edsica de las personas son protagonistas de sucesos violentos injustificables y totalmente repudiables\u201d.<\/p>\n<p>En ese contexto, el gremio que conduce Leandro Nazarre insisti\u00f3 con la importancia de la capacitaci\u00f3n profesional para los trabajadores del sector, requisito obligatorio para desempe\u00f1ar las funciones de control y admisi\u00f3n en bares, discos, boliches y eventos de masiva concurrencia.<\/p>\n<p>\u201cLa capacitaci\u00f3n de los trabajadores es uno de los pilares fundamentales de nuestro sindicato y tiene como objetivo que cada vez haya menos patovicas y m\u00e1s CAP, con formaci\u00f3n y herramientas para erradicar las situaciones violentas\u201d, se\u00f1alaron.<\/p>\n<p>SUTCAPRA fue una de las organizaciones impulsora y protagonista en la creaci\u00f3n de la Ley Nacional de Espect\u00e1culos P\u00fablicos N\u00b0 26.370, a la que la Provincia adhiri\u00f3 mediante la Ley N\u00b0 13.964, que entre otros puntos instaur\u00f3 la creaci\u00f3n de un registro de controladores de admisi\u00f3n y permanencia y la formaci\u00f3n profesional obligatoria para los trabajadores del sector.<\/p>\n<p>\u201cSe avanz\u00f3 much\u00edsimo en los \u00faltimos a\u00f1os, pero queda en evidencia que todav\u00eda hay mucho por hacer para terminar con los \u201cpatovicas\u201d en la noche y fortalecer el trabajo profesional de los CAP. Para ello es primordial el compromiso y el trabajo mancomunado de todos los actores de la actividad. Si no, todo esfuerzo ser\u00e1 en vano\u201d, destacaron.<\/p>\n<p>Para finalizar, el sindicato resalt\u00f3 la actualidad de \u201cpleno crecimiento\u201d del Centro de Formaci\u00f3n Profesional N\u00b0 420, \u00fanica entidad provincial autorizada para capacitar, en forma gratuita, a todos los CAP de la provincia y que otorga el certificado habilitante para desempe\u00f1ar funciones en la actividad.<\/p>\n","protected":false},"excerpt":{"rendered":"<p>\u00a0\u00a0 El Sindicato \u00danico de Trabajadores de Control de Admisi\u00f3n y Permanencia de la Rep\u00fablica Argentina (SUTCAPRA) repudi\u00f3 \u201cen\u00e9rgicamente\u201d la violenta agresi\u00f3n al joven de veinte a\u00f1os a la salida de un bar en la zona c\u00e9ntrica de La Plata. \u201cManifestamos nuestro m\u00e1s absoluto y en\u00e9rgico repudio a la agresi\u00f3n del joven Mat\u00edas Ferioli y&hellip;<\/p>\n","protected":false},"author":1,"featured_media":0,"comment_status":"open","ping_status":"open","sticky":false,"template":"","format":"standard","meta":{"footnotes":""},"categories":[16],"tags":[1195,26259,239,5238],"class_list":["post-70403","post","type-post","status-publish","format-standard","hentry","category-gremiales","tag-agresion","tag-cap","tag-la-plata","tag-sutcapra"],"_links":{"self":[{"href":"https:\/\/www.elsindical.com.ar\/notas\/wp-json\/wp\/v2\/posts\/70403","targetHints":{"allow":["GET"]}}],"collection":[{"href":"https:\/\/www.elsindical.com.ar\/notas\/wp-json\/wp\/v2\/posts"}],"about":[{"href":"https:\/\/www.elsindical.com.ar\/notas\/wp-json\/wp\/v2\/types\/post"}],"author":[{"embeddable":true,"href":"https:\/\/www.elsindical.com.ar\/notas\/wp-json\/wp\/v2\/users\/1"}],"replies":[{"embeddable":true,"href":"https:\/\/www.elsindical.com.ar\/notas\/wp-json\/wp\/v2\/comments?post=70403"}],"version-history":[{"count":1,"href":"https:\/\/www.elsindical.com.ar\/notas\/wp-json\/wp\/v2\/posts\/70403\/revisions"}],"predecessor-version":[{"id":70404,"href":"https:\/\/www.elsindical.com.ar\/notas\/wp-json\/wp\/v2\/posts\/70403\/revisions\/70404"}],"wp:attachment":[{"href":"https:\/\/www.elsindical.com.ar\/notas\/wp-json\/wp\/v2\/media?parent=70403"}],"wp:term":[{"taxonomy":"category","embeddable":true,"href":"https:\/\/www.elsindical.com.ar\/notas\/wp-json\/wp\/v2\/categories?post=70403"},{"taxonomy":"post_tag","embeddable":true,"href":"https:\/\/www.elsindical.com.ar\/notas\/wp-json\/wp\/v2\/tags?post=70403"}],"curies":[{"name":"wp","href":"https:\/\/api.w.org\/{rel}","templated":true}]}}