{"id":70321,"date":"2017-07-23T10:44:51","date_gmt":"2017-07-23T13:44:51","guid":{"rendered":"http:\/\/www.elsindical.com.ar\/notas\/?p=70321"},"modified":"2017-07-23T10:44:51","modified_gmt":"2017-07-23T13:44:51","slug":"jesica-herenu-mostro-su-tatoo-desde-miami","status":"publish","type":"post","link":"https:\/\/www.elsindical.com.ar\/notas\/jesica-herenu-mostro-su-tatoo-desde-miami\/","title":{"rendered":"J\u00e9sica Here\u00f1\u00fa mostr\u00f3 su tatoo desde Miami"},"content":{"rendered":"<p><a href=\"http:\/\/www.elsindical.com.ar\/notas\/var\/www\/html\/notas\/wp-content\/uploads\/2017\/07\/J\u00e9sica-Here\u00f1\u00fa-00.jpg\"><img loading=\"lazy\" decoding=\"async\" class=\"alignnone size-medium wp-image-70322\" src=\"http:\/\/www.elsindical.com.ar\/notas\/var\/www\/html\/notas\/wp-content\/uploads\/2017\/07\/J\u00e9sica-Here\u00f1\u00fa-00-300x225.jpg\" alt=\"\" width=\"300\" height=\"225\" srcset=\"https:\/\/www.elsindical.com.ar\/notas\/var\/www\/html\/notas\/wp-content\/uploads\/2017\/07\/J\u00e9sica-Here\u00f1\u00fa-00-300x225.jpg 300w, https:\/\/www.elsindical.com.ar\/notas\/var\/www\/html\/notas\/wp-content\/uploads\/2017\/07\/J\u00e9sica-Here\u00f1\u00fa-00-400x300.jpg 400w, https:\/\/www.elsindical.com.ar\/notas\/var\/www\/html\/notas\/wp-content\/uploads\/2017\/07\/J\u00e9sica-Here\u00f1\u00fa-00.jpg 624w\" sizes=\"auto, (max-width: 300px) 100vw, 300px\" \/><\/a> <em>La ex \u00abGran Hermano\u00bb\u00a0se sac\u00f3 todo para lucir una significativa frase que escribi\u00f3 en su cuerpo. Due\u00f1a de unas infartantes curvas, la morocha encendi\u00f3 las redes con sus fotos y videos al desnudo.<\/em><\/p>\n<p>Tras su paso por la casa de \u00ab<em>Gran Hermano<\/em>\u00ab, <strong>J\u00e9sica Here\u00f1\u00fa<\/strong> decidi\u00f3 alejarse de los medios y se exili\u00f3 en Miami para comenzar una nueva vida.<\/p>\n<p>En los Estados Unidos, la morocha est\u00e1 feliz junto a los hombres de su vida: su pareja e hijo. Con el objetivo de reflejar esta maravillosa etapa que est\u00e1 viviendo, J\u00e9sica se tatu\u00f3 la espalda.\u00a0Y qu\u00e9 mejor que mostrarlo en la redes sociales, con una infartante foto en topless e hilo dental.<\/p>\n<p>En las fotos y el video que comparti\u00f3 en Instagram, J\u00e9sica mostr\u00f3 su espalda y la frase de <strong>Ravi Shankar<\/strong> tatuada sobre su piel: \u00ab<em>Lo que sucede, conviene<\/em>\u00ab.<\/p>\n<p>Adem\u00e1s, le sum\u00f3 otro dise\u00f1o a la parte baja de su espalda: un le\u00f3n que hace referencia a San Carlos de Le\u00f3n y al signo del zod\u00edaco de su hijo (Leo).<\/p>\n<p><a href=\"http:\/\/www.elsindical.com.ar\/notas\/var\/www\/html\/notas\/wp-content\/uploads\/2017\/07\/J\u00e9sica-Heren\u00fa-tatoo.jpg\"><img loading=\"lazy\" decoding=\"async\" class=\"alignnone size-medium wp-image-70333\" src=\"http:\/\/www.elsindical.com.ar\/notas\/var\/www\/html\/notas\/wp-content\/uploads\/2017\/07\/J\u00e9sica-Heren\u00fa-tatoo-300x169.jpg\" alt=\"\" width=\"300\" height=\"169\" srcset=\"https:\/\/www.elsindical.com.ar\/notas\/var\/www\/html\/notas\/wp-content\/uploads\/2017\/07\/J\u00e9sica-Heren\u00fa-tatoo-300x169.jpg 300w, https:\/\/www.elsindical.com.ar\/notas\/var\/www\/html\/notas\/wp-content\/uploads\/2017\/07\/J\u00e9sica-Heren\u00fa-tatoo.jpg 500w\" sizes=\"auto, (max-width: 300px) 100vw, 300px\" \/><\/a> <a href=\"http:\/\/www.elsindical.com.ar\/notas\/var\/www\/html\/notas\/wp-content\/uploads\/2017\/07\/J\u00e9sica-Here\u00f1\u00fa-01.jpg\"><img loading=\"lazy\" decoding=\"async\" class=\"alignnone size-medium wp-image-70332\" src=\"http:\/\/www.elsindical.com.ar\/notas\/var\/www\/html\/notas\/wp-content\/uploads\/2017\/07\/J\u00e9sica-Here\u00f1\u00fa-01-300x176.jpg\" alt=\"\" width=\"300\" height=\"176\" srcset=\"https:\/\/www.elsindical.com.ar\/notas\/var\/www\/html\/notas\/wp-content\/uploads\/2017\/07\/J\u00e9sica-Here\u00f1\u00fa-01-300x176.jpg 300w, https:\/\/www.elsindical.com.ar\/notas\/var\/www\/html\/notas\/wp-content\/uploads\/2017\/07\/J\u00e9sica-Here\u00f1\u00fa-01-500x293.jpg 500w, https:\/\/www.elsindical.com.ar\/notas\/var\/www\/html\/notas\/wp-content\/uploads\/2017\/07\/J\u00e9sica-Here\u00f1\u00fa-01.jpg 615w\" sizes=\"auto, (max-width: 300px) 100vw, 300px\" \/><\/a> <a href=\"http:\/\/www.elsindical.com.ar\/notas\/var\/www\/html\/notas\/wp-content\/uploads\/2017\/07\/J\u00e9sica-Here\u00f1\u00fa-03.jpg\"><img loading=\"lazy\" decoding=\"async\" class=\"alignnone size-medium wp-image-70331\" src=\"http:\/\/www.elsindical.com.ar\/notas\/var\/www\/html\/notas\/wp-content\/uploads\/2017\/07\/J\u00e9sica-Here\u00f1\u00fa-03-300x151.jpg\" alt=\"\" width=\"300\" height=\"151\" srcset=\"https:\/\/www.elsindical.com.ar\/notas\/var\/www\/html\/notas\/wp-content\/uploads\/2017\/07\/J\u00e9sica-Here\u00f1\u00fa-03-300x151.jpg 300w, https:\/\/www.elsindical.com.ar\/notas\/var\/www\/html\/notas\/wp-content\/uploads\/2017\/07\/J\u00e9sica-Here\u00f1\u00fa-03-500x252.jpg 500w, https:\/\/www.elsindical.com.ar\/notas\/var\/www\/html\/notas\/wp-content\/uploads\/2017\/07\/J\u00e9sica-Here\u00f1\u00fa-03.jpg 611w\" sizes=\"auto, (max-width: 300px) 100vw, 300px\" \/><\/a> <a href=\"http:\/\/www.elsindical.com.ar\/notas\/var\/www\/html\/notas\/wp-content\/uploads\/2017\/07\/J\u00e9sica-Here\u00f1\u00fa-04.jpg\"><img loading=\"lazy\" decoding=\"async\" class=\"alignnone size-medium wp-image-70330\" src=\"http:\/\/www.elsindical.com.ar\/notas\/var\/www\/html\/notas\/wp-content\/uploads\/2017\/07\/J\u00e9sica-Here\u00f1\u00fa-04-200x300.jpg\" alt=\"\" width=\"200\" height=\"300\" srcset=\"https:\/\/www.elsindical.com.ar\/notas\/var\/www\/html\/notas\/wp-content\/uploads\/2017\/07\/J\u00e9sica-Here\u00f1\u00fa-04-200x300.jpg 200w, https:\/\/www.elsindical.com.ar\/notas\/var\/www\/html\/notas\/wp-content\/uploads\/2017\/07\/J\u00e9sica-Here\u00f1\u00fa-04.jpg 567w\" sizes=\"auto, (max-width: 200px) 100vw, 200px\" \/><\/a> <a href=\"http:\/\/www.elsindical.com.ar\/notas\/var\/www\/html\/notas\/wp-content\/uploads\/2017\/07\/J\u00e9sica-Here\u00f1\u00fa-05.jpg\"><img loading=\"lazy\" decoding=\"async\" class=\"alignnone size-medium wp-image-70329\" src=\"http:\/\/www.elsindical.com.ar\/notas\/var\/www\/html\/notas\/wp-content\/uploads\/2017\/07\/J\u00e9sica-Here\u00f1\u00fa-05-236x300.jpg\" alt=\"\" width=\"236\" height=\"300\" srcset=\"https:\/\/www.elsindical.com.ar\/notas\/var\/www\/html\/notas\/wp-content\/uploads\/2017\/07\/J\u00e9sica-Here\u00f1\u00fa-05-236x300.jpg 236w, https:\/\/www.elsindical.com.ar\/notas\/var\/www\/html\/notas\/wp-content\/uploads\/2017\/07\/J\u00e9sica-Here\u00f1\u00fa-05.jpg 746w\" sizes=\"auto, (max-width: 236px) 100vw, 236px\" \/><\/a> <a href=\"http:\/\/www.elsindical.com.ar\/notas\/var\/www\/html\/notas\/wp-content\/uploads\/2017\/07\/J\u00e9sica-Here\u00f1\u00fa-10.jpg\"><img loading=\"lazy\" decoding=\"async\" class=\"alignnone size-medium wp-image-70324\" src=\"http:\/\/www.elsindical.com.ar\/notas\/var\/www\/html\/notas\/wp-content\/uploads\/2017\/07\/J\u00e9sica-Here\u00f1\u00fa-10-300x215.jpg\" alt=\"\" width=\"300\" height=\"215\" srcset=\"https:\/\/www.elsindical.com.ar\/notas\/var\/www\/html\/notas\/wp-content\/uploads\/2017\/07\/J\u00e9sica-Here\u00f1\u00fa-10-300x215.jpg 300w, https:\/\/www.elsindical.com.ar\/notas\/var\/www\/html\/notas\/wp-content\/uploads\/2017\/07\/J\u00e9sica-Here\u00f1\u00fa-10-418x300.jpg 418w, https:\/\/www.elsindical.com.ar\/notas\/var\/www\/html\/notas\/wp-content\/uploads\/2017\/07\/J\u00e9sica-Here\u00f1\u00fa-10.jpg 513w\" sizes=\"auto, (max-width: 300px) 100vw, 300px\" \/><\/a> <a href=\"http:\/\/www.elsindical.com.ar\/notas\/var\/www\/html\/notas\/wp-content\/uploads\/2017\/07\/J\u00e9sica-Here\u00f1\u00fa-09.jpg\"><img loading=\"lazy\" decoding=\"async\" class=\"alignnone size-medium wp-image-70325\" src=\"http:\/\/www.elsindical.com.ar\/notas\/var\/www\/html\/notas\/wp-content\/uploads\/2017\/07\/J\u00e9sica-Here\u00f1\u00fa-09-214x300.jpg\" alt=\"\" width=\"214\" height=\"300\" srcset=\"https:\/\/www.elsindical.com.ar\/notas\/var\/www\/html\/notas\/wp-content\/uploads\/2017\/07\/J\u00e9sica-Here\u00f1\u00fa-09-214x300.jpg 214w, https:\/\/www.elsindical.com.ar\/notas\/var\/www\/html\/notas\/wp-content\/uploads\/2017\/07\/J\u00e9sica-Here\u00f1\u00fa-09-768x1078.jpg 768w, https:\/\/www.elsindical.com.ar\/notas\/var\/www\/html\/notas\/wp-content\/uploads\/2017\/07\/J\u00e9sica-Here\u00f1\u00fa-09-729x1024.jpg 729w, https:\/\/www.elsindical.com.ar\/notas\/var\/www\/html\/notas\/wp-content\/uploads\/2017\/07\/J\u00e9sica-Here\u00f1\u00fa-09.jpg 1280w\" sizes=\"auto, (max-width: 214px) 100vw, 214px\" \/><\/a> <a href=\"http:\/\/www.elsindical.com.ar\/notas\/var\/www\/html\/notas\/wp-content\/uploads\/2017\/07\/J\u00e9sica-Here\u00f1\u00fa-08.jpg\"><img loading=\"lazy\" decoding=\"async\" class=\"alignnone size-medium wp-image-70326\" src=\"http:\/\/www.elsindical.com.ar\/notas\/var\/www\/html\/notas\/wp-content\/uploads\/2017\/07\/J\u00e9sica-Here\u00f1\u00fa-08-214x300.jpg\" alt=\"\" width=\"214\" height=\"300\" srcset=\"https:\/\/www.elsindical.com.ar\/notas\/var\/www\/html\/notas\/wp-content\/uploads\/2017\/07\/J\u00e9sica-Here\u00f1\u00fa-08-214x300.jpg 214w, https:\/\/www.elsindical.com.ar\/notas\/var\/www\/html\/notas\/wp-content\/uploads\/2017\/07\/J\u00e9sica-Here\u00f1\u00fa-08-768x1078.jpg 768w, https:\/\/www.elsindical.com.ar\/notas\/var\/www\/html\/notas\/wp-content\/uploads\/2017\/07\/J\u00e9sica-Here\u00f1\u00fa-08-730x1024.jpg 730w, https:\/\/www.elsindical.com.ar\/notas\/var\/www\/html\/notas\/wp-content\/uploads\/2017\/07\/J\u00e9sica-Here\u00f1\u00fa-08.jpg 1140w\" sizes=\"auto, (max-width: 214px) 100vw, 214px\" \/><\/a> <a href=\"http:\/\/www.elsindical.com.ar\/notas\/var\/www\/html\/notas\/wp-content\/uploads\/2017\/07\/J\u00e9sica-Here\u00f1\u00fa-07.jpg\"><img loading=\"lazy\" decoding=\"async\" class=\"alignnone size-medium wp-image-70327\" src=\"http:\/\/www.elsindical.com.ar\/notas\/var\/www\/html\/notas\/wp-content\/uploads\/2017\/07\/J\u00e9sica-Here\u00f1\u00fa-07-231x300.jpg\" alt=\"\" width=\"231\" height=\"300\" srcset=\"https:\/\/www.elsindical.com.ar\/notas\/var\/www\/html\/notas\/wp-content\/uploads\/2017\/07\/J\u00e9sica-Here\u00f1\u00fa-07-231x300.jpg 231w, https:\/\/www.elsindical.com.ar\/notas\/var\/www\/html\/notas\/wp-content\/uploads\/2017\/07\/J\u00e9sica-Here\u00f1\u00fa-07-768x998.jpg 768w, https:\/\/www.elsindical.com.ar\/notas\/var\/www\/html\/notas\/wp-content\/uploads\/2017\/07\/J\u00e9sica-Here\u00f1\u00fa-07-788x1024.jpg 788w, https:\/\/www.elsindical.com.ar\/notas\/var\/www\/html\/notas\/wp-content\/uploads\/2017\/07\/J\u00e9sica-Here\u00f1\u00fa-07.jpg 842w\" sizes=\"auto, (max-width: 231px) 100vw, 231px\" \/><\/a> <a href=\"http:\/\/www.elsindical.com.ar\/notas\/var\/www\/html\/notas\/wp-content\/uploads\/2017\/07\/J\u00e9sica-Here\u00f1\u00fa-06.jpg\"><img loading=\"lazy\" decoding=\"async\" class=\"alignnone size-medium wp-image-70328\" src=\"http:\/\/www.elsindical.com.ar\/notas\/var\/www\/html\/notas\/wp-content\/uploads\/2017\/07\/J\u00e9sica-Here\u00f1\u00fa-06-300x220.jpg\" alt=\"\" width=\"300\" height=\"220\" srcset=\"https:\/\/www.elsindical.com.ar\/notas\/var\/www\/html\/notas\/wp-content\/uploads\/2017\/07\/J\u00e9sica-Here\u00f1\u00fa-06-300x220.jpg 300w, https:\/\/www.elsindical.com.ar\/notas\/var\/www\/html\/notas\/wp-content\/uploads\/2017\/07\/J\u00e9sica-Here\u00f1\u00fa-06-410x300.jpg 410w, https:\/\/www.elsindical.com.ar\/notas\/var\/www\/html\/notas\/wp-content\/uploads\/2017\/07\/J\u00e9sica-Here\u00f1\u00fa-06.jpg 750w\" sizes=\"auto, (max-width: 300px) 100vw, 300px\" \/><\/a> <a href=\"http:\/\/www.elsindical.com.ar\/notas\/var\/www\/html\/notas\/wp-content\/uploads\/2017\/07\/J\u00e9sica-Here\u00f1\u00fa-11.jpg\"><img loading=\"lazy\" decoding=\"async\" class=\"alignnone size-medium wp-image-70323\" src=\"http:\/\/www.elsindical.com.ar\/notas\/var\/www\/html\/notas\/wp-content\/uploads\/2017\/07\/J\u00e9sica-Here\u00f1\u00fa-11-300x225.jpg\" alt=\"\" width=\"300\" height=\"225\" srcset=\"https:\/\/www.elsindical.com.ar\/notas\/var\/www\/html\/notas\/wp-content\/uploads\/2017\/07\/J\u00e9sica-Here\u00f1\u00fa-11-300x225.jpg 300w, https:\/\/www.elsindical.com.ar\/notas\/var\/www\/html\/notas\/wp-content\/uploads\/2017\/07\/J\u00e9sica-Here\u00f1\u00fa-11-400x300.jpg 400w, https:\/\/www.elsindical.com.ar\/notas\/var\/www\/html\/notas\/wp-content\/uploads\/2017\/07\/J\u00e9sica-Here\u00f1\u00fa-11.jpg 600w\" sizes=\"auto, (max-width: 300px) 100vw, 300px\" \/><\/a><\/p>\n","protected":false},"excerpt":{"rendered":"<p>La ex \u00abGran Hermano\u00bb\u00a0se sac\u00f3 todo para lucir una significativa frase que escribi\u00f3 en su cuerpo. Due\u00f1a de unas infartantes curvas, la morocha encendi\u00f3 las redes con sus fotos y videos al desnudo. Tras su paso por la casa de \u00abGran Hermano\u00ab, J\u00e9sica Here\u00f1\u00fa decidi\u00f3 alejarse de los medios y se exili\u00f3 en Miami para&hellip;<\/p>\n","protected":false},"author":1,"featured_media":0,"comment_status":"open","ping_status":"open","sticky":false,"template":"","format":"standard","meta":{"footnotes":""},"categories":[15],"tags":[16682,26583,3094,19779],"class_list":["post-70321","post","type-post","status-publish","format-standard","hentry","category-espectaculos","tag-espalda","tag-jesica-herenu","tag-miami","tag-tatoo"],"_links":{"self":[{"href":"https:\/\/www.elsindical.com.ar\/notas\/wp-json\/wp\/v2\/posts\/70321","targetHints":{"allow":["GET"]}}],"collection":[{"href":"https:\/\/www.elsindical.com.ar\/notas\/wp-json\/wp\/v2\/posts"}],"about":[{"href":"https:\/\/www.elsindical.com.ar\/notas\/wp-json\/wp\/v2\/types\/post"}],"author":[{"embeddable":true,"href":"https:\/\/www.elsindical.com.ar\/notas\/wp-json\/wp\/v2\/users\/1"}],"replies":[{"embeddable":true,"href":"https:\/\/www.elsindical.com.ar\/notas\/wp-json\/wp\/v2\/comments?post=70321"}],"version-history":[{"count":1,"href":"https:\/\/www.elsindical.com.ar\/notas\/wp-json\/wp\/v2\/posts\/70321\/revisions"}],"predecessor-version":[{"id":70334,"href":"https:\/\/www.elsindical.com.ar\/notas\/wp-json\/wp\/v2\/posts\/70321\/revisions\/70334"}],"wp:attachment":[{"href":"https:\/\/www.elsindical.com.ar\/notas\/wp-json\/wp\/v2\/media?parent=70321"}],"wp:term":[{"taxonomy":"category","embeddable":true,"href":"https:\/\/www.elsindical.com.ar\/notas\/wp-json\/wp\/v2\/categories?post=70321"},{"taxonomy":"post_tag","embeddable":true,"href":"https:\/\/www.elsindical.com.ar\/notas\/wp-json\/wp\/v2\/tags?post=70321"}],"curies":[{"name":"wp","href":"https:\/\/api.w.org\/{rel}","templated":true}]}}