{"id":70311,"date":"2017-07-22T19:17:00","date_gmt":"2017-07-22T22:17:00","guid":{"rendered":"http:\/\/www.elsindical.com.ar\/notas\/?p=70311"},"modified":"2017-07-22T19:17:00","modified_gmt":"2017-07-22T22:17:00","slug":"denuncian-que-en-los-miercoles-de-descuentos-los-supermercados-suben-los-precios","status":"publish","type":"post","link":"https:\/\/www.elsindical.com.ar\/notas\/denuncian-que-en-los-miercoles-de-descuentos-los-supermercados-suben-los-precios\/","title":{"rendered":"Denuncian que en los mi\u00e9rcoles de descuentos los supermercados suben los precios"},"content":{"rendered":"<p><em>\u00a0\u00a0 <a href=\"http:\/\/www.elsindical.com.ar\/notas\/var\/www\/html\/notas\/wp-content\/uploads\/2017\/07\/precios-promociones-supermarcados.jpg\"><img loading=\"lazy\" decoding=\"async\" class=\"alignnone size-medium wp-image-70312\" src=\"http:\/\/www.elsindical.com.ar\/notas\/var\/www\/html\/notas\/wp-content\/uploads\/2017\/07\/precios-promociones-supermarcados-300x179.jpg\" alt=\"\" width=\"300\" height=\"179\" srcset=\"https:\/\/www.elsindical.com.ar\/notas\/var\/www\/html\/notas\/wp-content\/uploads\/2017\/07\/precios-promociones-supermarcados-300x179.jpg 300w, https:\/\/www.elsindical.com.ar\/notas\/var\/www\/html\/notas\/wp-content\/uploads\/2017\/07\/precios-promociones-supermarcados-500x298.jpg 500w, https:\/\/www.elsindical.com.ar\/notas\/var\/www\/html\/notas\/wp-content\/uploads\/2017\/07\/precios-promociones-supermarcados.jpg 620w\" sizes=\"auto, (max-width: 300px) 100vw, 300px\" \/><\/a>Entre los puntos m\u00e1s salientes del Proyecto presentado, se solicita al Poder Ejecutivo Provincial y al Directorio del Banco de la Provincia de Buenos Aires para que de forma urgente detalle las condiciones generales de la promoci\u00f3n; y describa de qu\u00e9 forma y en que porcentual se soportan el costo de los descuentos publicados.<\/em><\/p>\n<p>Luego de las dos jornadas de promoci\u00f3n del 50% -con un tope de reintegro de 1.500 pesos- lanzadas conjuntamente por el Banco Provincia y grandes cadenas de supermercados, el diputado Avelino Zurro present\u00f3 un Proyecto de Solicitud de Informes en la Legislatura provincial acerca de posibles irregularidades en esta campa\u00f1a. Sospechan sobre un enga\u00f1o encubierto de los supermercados, que incluir\u00eda remarcaci\u00f3n de precios y perjuicios para el banco estatal de todos los bonaerenses.<\/p>\n<p>\u201cLa promoci\u00f3n del Banco Provincia es insostenible en el tiempo, porque en el mediano plazo termina siendo una mentira para los bonaerenses. Por un lado muestra la falta de consumo que hay, ya que todos los sectores medios y asalariados esperan este d\u00eda para que el dinero les rinda a\u00fan m\u00e1s, y es l\u00f3gico que lo hagan. Pero por otro lado muestra c\u00f3mo las grandes cadenas de supermercados se aprovechan de esto aumentando sus precios. Con lo cual, no destinan el porcentaje correspondiente a la promoci\u00f3n y el Banco Provincia financia a estas grandes cadenas, ya que les permite vender en un solo d\u00eda lo que venden en 20 d\u00edas\u201d, denunci\u00f3 el legislador.<\/p>\n<p>Adem\u00e1s ejemplific\u00f3 destacando que \u201cen La An\u00f3nima de Pehuaj\u00f3 nos encontramos, por ejemplo, con que determinados productos aumentaron un 20% exclusivamente este mi\u00e9rcoles que pas\u00f3, casualmente el mismo porcentaje que deber\u00edan cubrir los supermercados para favorecer a los consumidores. De esta manera, el \u00fanico descuento al que pudieron acceder realmente los pehuajenses fue al restante 30%, del cual se hace cargo nuestro Banco Provincia\u201d.<\/p>\n<p>Avelino Zurro reafirm\u00f3 que \u201cel mismo queso cuyo kilo costaba 139 pesos, el mi\u00e9rcoles aumentaron a 165 pesos. Estamos ante la presencia de una maniobra donde claramente los \u00fanicos beneficiados son los due\u00f1os de los grandes supermercados\u201d.<\/p>\n<p>Por otra parte, el diputado de la Cuarta Secci\u00f3n Electoral se refiri\u00f3 al desfasaje de consumo que se visibiliza con esta promoci\u00f3n al expresar que \u201clos supermercados venden cada mi\u00e9rcoles de descuento la misma proporci\u00f3n a lo que venden durante 20 d\u00edas normales sin descuentos; provocando adem\u00e1s un notable perjuicio sobre almacenes y comercios minoristas, quienes pr\u00e1cticamente esos dos mi\u00e9rcoles no tuvieron clientes. Esto \u00faltimo es un fiel reflejo de todas las medidas que toma este gobierno\u201d.<\/p>\n<p>Entre los puntos m\u00e1s salientes del Proyecto presentado, se solicita al Poder Ejecutivo Provincial y al Directorio del Banco de la Provincia de Buenos Aires para que de forma urgente detalle las condiciones generales de la promoci\u00f3n; y describa de qu\u00e9 forma y en que porcentual se soportan el costo de los descuentos publicados.<\/p>\n<p>Adem\u00e1s pide determinar si es ver\u00eddico que el 20 % del descuento lo soporta el supermercado y el 30 % lo soporta el Banco de la Provincia de Buenos Aires, detalle qu\u00e9 mecanismo de control estableci\u00f3 la Provincia de Buenos Aires a fin de que no se d\u00e9 el aumento de los precios de los productos ofrecidos a los cuales se les aplicar\u00eda el 50 % de descuento y describa cu\u00e1l es el costo fiscal de cada una de las promociones.<\/p>\n","protected":false},"excerpt":{"rendered":"<p>\u00a0\u00a0 Entre los puntos m\u00e1s salientes del Proyecto presentado, se solicita al Poder Ejecutivo Provincial y al Directorio del Banco de la Provincia de Buenos Aires para que de forma urgente detalle las condiciones generales de la promoci\u00f3n; y describa de qu\u00e9 forma y en que porcentual se soportan el costo de los descuentos publicados.&hellip;<\/p>\n","protected":false},"author":1,"featured_media":0,"comment_status":"open","ping_status":"open","sticky":false,"template":"","format":"standard","meta":{"footnotes":""},"categories":[6],"tags":[26579,1707,5733,17372,1560],"class_list":["post-70311","post","type-post","status-publish","format-standard","hentry","category-denuncias","tag-banco-de-la-provincia-de-buenos-aires","tag-precios","tag-promociones","tag-reintegro","tag-supermercados"],"_links":{"self":[{"href":"https:\/\/www.elsindical.com.ar\/notas\/wp-json\/wp\/v2\/posts\/70311","targetHints":{"allow":["GET"]}}],"collection":[{"href":"https:\/\/www.elsindical.com.ar\/notas\/wp-json\/wp\/v2\/posts"}],"about":[{"href":"https:\/\/www.elsindical.com.ar\/notas\/wp-json\/wp\/v2\/types\/post"}],"author":[{"embeddable":true,"href":"https:\/\/www.elsindical.com.ar\/notas\/wp-json\/wp\/v2\/users\/1"}],"replies":[{"embeddable":true,"href":"https:\/\/www.elsindical.com.ar\/notas\/wp-json\/wp\/v2\/comments?post=70311"}],"version-history":[{"count":1,"href":"https:\/\/www.elsindical.com.ar\/notas\/wp-json\/wp\/v2\/posts\/70311\/revisions"}],"predecessor-version":[{"id":70313,"href":"https:\/\/www.elsindical.com.ar\/notas\/wp-json\/wp\/v2\/posts\/70311\/revisions\/70313"}],"wp:attachment":[{"href":"https:\/\/www.elsindical.com.ar\/notas\/wp-json\/wp\/v2\/media?parent=70311"}],"wp:term":[{"taxonomy":"category","embeddable":true,"href":"https:\/\/www.elsindical.com.ar\/notas\/wp-json\/wp\/v2\/categories?post=70311"},{"taxonomy":"post_tag","embeddable":true,"href":"https:\/\/www.elsindical.com.ar\/notas\/wp-json\/wp\/v2\/tags?post=70311"}],"curies":[{"name":"wp","href":"https:\/\/api.w.org\/{rel}","templated":true}]}}