{"id":70308,"date":"2017-07-22T19:13:28","date_gmt":"2017-07-22T22:13:28","guid":{"rendered":"http:\/\/www.elsindical.com.ar\/notas\/?p=70308"},"modified":"2017-07-22T19:13:28","modified_gmt":"2017-07-22T22:13:28","slug":"vidal-repudio-dichos-de-un-funcionario-que-comparo-una-mujer-en-situacion-de-calle-con-un-perro","status":"publish","type":"post","link":"https:\/\/www.elsindical.com.ar\/notas\/vidal-repudio-dichos-de-un-funcionario-que-comparo-una-mujer-en-situacion-de-calle-con-un-perro\/","title":{"rendered":"Vidal repudi\u00f3 dichos de un funcionario que compar\u00f3 una mujer en situaci\u00f3n de calle con un perro"},"content":{"rendered":"<p class=\"bajada\"><em>\u00a0 <a href=\"http:\/\/www.elsindical.com.ar\/notas\/var\/www\/html\/notas\/wp-content\/uploads\/2017\/07\/Gustavo-Blanco-en-Miami.jpg\"><img loading=\"lazy\" decoding=\"async\" class=\"alignnone size-medium wp-image-70309\" src=\"http:\/\/www.elsindical.com.ar\/notas\/var\/www\/html\/notas\/wp-content\/uploads\/2017\/07\/Gustavo-Blanco-en-Miami-235x300.jpg\" alt=\"\" width=\"235\" height=\"300\" srcset=\"https:\/\/www.elsindical.com.ar\/notas\/var\/www\/html\/notas\/wp-content\/uploads\/2017\/07\/Gustavo-Blanco-en-Miami-235x300.jpg 235w, https:\/\/www.elsindical.com.ar\/notas\/var\/www\/html\/notas\/wp-content\/uploads\/2017\/07\/Gustavo-Blanco-en-Miami-768x981.jpg 768w, https:\/\/www.elsindical.com.ar\/notas\/var\/www\/html\/notas\/wp-content\/uploads\/2017\/07\/Gustavo-Blanco-en-Miami-802x1024.jpg 802w, https:\/\/www.elsindical.com.ar\/notas\/var\/www\/html\/notas\/wp-content\/uploads\/2017\/07\/Gustavo-Blanco-en-Miami.jpg 833w\" sizes=\"auto, (max-width: 235px) 100vw, 235px\" \/><\/a>La gobernadora de la provincia de Buenos Aires, Mar\u00eda Eugenia Vidal, repudi\u00f3 las declaraciones del secretario de Salud de Mar del Plata, Gustavo Blanco, y pidi\u00f3 al intendente Carlos Arroyo que tome medidas.<\/em><\/p>\n<p>D\u00edas atr\u00e1s, el secretario de Salud de Mar del Plata, Gustavo Blanco se refiri\u00f3 a la muerte de un hombre en situaci\u00f3n de calle sucedida esta semana. Al respecto, neg\u00f3 que haya fallecido debido al fr\u00edo y, a su vez, destac\u00f3 que \u00abesa gente no se quiere ir a otro lugar\u00bb; algo que ejemplific\u00f3 con el caso de una mujer que \u201chemos ido 17 veces a buscarla. La dejamos en el hospital y vuelve. Como un perrito, vuelve al lugar donde se siente c\u00f3moda\u00bb.<\/p>\n<p>Las declaraciones del funcionario marplatense (Cambiemos) no fueron bien recepcionadas en la comunidad, donde ya se produjo la tercera muerte de una persona en situaci\u00f3n de calle. Adem\u00e1s de cosechar rechazos de sectores de la oposici\u00f3n, la pol\u00e9mica lleg\u00f3 incluso a la gobernadora de la provincia de Buenos Aires, Mar\u00eda Eugenia Vidal, quien este viernes sostuvo que \u00abson inaceptables\u00bb sus dichos y apunt\u00f3 contra el intendente Carlos Arroyo: \u00abEspero la respuesta del intendente frente a lo que dijo\u00bb.<\/p>\n<p>En el marco de una conferencia de prensa en la ciudad de La Plata, la mandataria afirm\u00f3 que \u00abes responsabilidad de los municipios\u00bb las personas que viven en situaci\u00f3n de calle y consider\u00f3 que el \u00abmodelo\u00bb a seguir en la Provincia es el de la ciudad Aut\u00f3noma de Buenos Aires. \u00abNo es un problema que conozco por lo que me dice un informe, yo he trabajado mucho a\u00f1os en calle, nuestros equipos se han comprometido mucho en la ciudad de Buenos Aires y espero la misma impronta en la Provincia\u00bb, finaliz\u00f3 Vidal, acompa\u00f1ada por la diputada nacional Elisa Carri\u00f3; y el precandidato a primer senador nacional por Cambiemos en el distrito bonaerense, Esteban Bullrich.<\/p>\n<p>Por su parte, el secretario de Salud, Gustavo Blanco, dialog\u00f3 con radio La Red y pidi\u00f3 disculpas por su infortunada frase sobre las personas en situaci\u00f3n de calle. Asimismo, cont\u00f3 que en las \u00faltimas horas fue a pedirle perd\u00f3n a Mar\u00eda, la mujer a la que hab\u00eda aludido en su desacertada comparaci\u00f3n con un perro.<\/p>\n<p>Se calcula que en Mar del Plata hay m\u00e1s de un centenar de personas en situaci\u00f3n de calle y los hechos se dan luego de que la semana pasada renunciara la secretaria de Desarrollo Social, Vilma Baragiola, para dedicarse a la campa\u00f1a pol\u00edtica.<\/p>\n","protected":false},"excerpt":{"rendered":"<p>\u00a0 La gobernadora de la provincia de Buenos Aires, Mar\u00eda Eugenia Vidal, repudi\u00f3 las declaraciones del secretario de Salud de Mar del Plata, Gustavo Blanco, y pidi\u00f3 al intendente Carlos Arroyo que tome medidas. D\u00edas atr\u00e1s, el secretario de Salud de Mar del Plata, Gustavo Blanco se refiri\u00f3 a la muerte de un hombre en&hellip;<\/p>\n","protected":false},"author":1,"featured_media":0,"comment_status":"open","ping_status":"open","sticky":false,"template":"","format":"standard","meta":{"footnotes":""},"categories":[13],"tags":[22169,7652,26570,1673,7265,21434],"class_list":["post-70308","post","type-post","status-publish","format-standard","hentry","category-politica","tag-cambiemos","tag-dichos","tag-gustavo-blanco","tag-mar-del-plata","tag-maria-eugenia-vidal","tag-secretario-de-salud"],"_links":{"self":[{"href":"https:\/\/www.elsindical.com.ar\/notas\/wp-json\/wp\/v2\/posts\/70308","targetHints":{"allow":["GET"]}}],"collection":[{"href":"https:\/\/www.elsindical.com.ar\/notas\/wp-json\/wp\/v2\/posts"}],"about":[{"href":"https:\/\/www.elsindical.com.ar\/notas\/wp-json\/wp\/v2\/types\/post"}],"author":[{"embeddable":true,"href":"https:\/\/www.elsindical.com.ar\/notas\/wp-json\/wp\/v2\/users\/1"}],"replies":[{"embeddable":true,"href":"https:\/\/www.elsindical.com.ar\/notas\/wp-json\/wp\/v2\/comments?post=70308"}],"version-history":[{"count":1,"href":"https:\/\/www.elsindical.com.ar\/notas\/wp-json\/wp\/v2\/posts\/70308\/revisions"}],"predecessor-version":[{"id":70310,"href":"https:\/\/www.elsindical.com.ar\/notas\/wp-json\/wp\/v2\/posts\/70308\/revisions\/70310"}],"wp:attachment":[{"href":"https:\/\/www.elsindical.com.ar\/notas\/wp-json\/wp\/v2\/media?parent=70308"}],"wp:term":[{"taxonomy":"category","embeddable":true,"href":"https:\/\/www.elsindical.com.ar\/notas\/wp-json\/wp\/v2\/categories?post=70308"},{"taxonomy":"post_tag","embeddable":true,"href":"https:\/\/www.elsindical.com.ar\/notas\/wp-json\/wp\/v2\/tags?post=70308"}],"curies":[{"name":"wp","href":"https:\/\/api.w.org\/{rel}","templated":true}]}}