{"id":70294,"date":"2017-07-22T18:43:05","date_gmt":"2017-07-22T21:43:05","guid":{"rendered":"http:\/\/www.elsindical.com.ar\/notas\/?p=70294"},"modified":"2017-07-22T18:43:05","modified_gmt":"2017-07-22T21:43:05","slug":"viajar-en-taxi-cuesta-20-mas-caro","status":"publish","type":"post","link":"https:\/\/www.elsindical.com.ar\/notas\/viajar-en-taxi-cuesta-20-mas-caro\/","title":{"rendered":"Viajar en taxi cuesta 20% m\u00e1s caro"},"content":{"rendered":"<p><em><span class=\"text description col-xs-8 col-lg-9\">\u00a0<a href=\"http:\/\/www.elsindical.com.ar\/notas\/var\/www\/html\/notas\/wp-content\/uploads\/2013\/07\/taxis-porte\u00f1os.jpg\"><img loading=\"lazy\" decoding=\"async\" class=\"alignnone size-medium wp-image-36491\" src=\"http:\/\/www.elsindical.com.ar\/notas\/var\/www\/html\/notas\/wp-content\/uploads\/2013\/07\/taxis-porte\u00f1os-300x171.jpg\" alt=\"\" width=\"300\" height=\"171\" srcset=\"https:\/\/www.elsindical.com.ar\/notas\/var\/www\/html\/notas\/wp-content\/uploads\/2013\/07\/taxis-porte\u00f1os-300x171.jpg 300w, https:\/\/www.elsindical.com.ar\/notas\/var\/www\/html\/notas\/wp-content\/uploads\/2013\/07\/taxis-porte\u00f1os-500x285.jpg 500w, https:\/\/www.elsindical.com.ar\/notas\/var\/www\/html\/notas\/wp-content\/uploads\/2013\/07\/taxis-porte\u00f1os.jpg 502w\" sizes=\"auto, (max-width: 300px) 100vw, 300px\" \/><\/a> El \u00faltimo aumento de la tarifa fue del 15% y se hab\u00eda aplicado en noviembre del 2016.<\/span><\/em><\/p>\n<p>Las tarifas de los taxis porte\u00f1os aumentaron 19,5% y la ficha pas\u00f3 de 2,32 a 2,77 peso.<\/p>\n<p>La tarifa nocturna -que rige desde las 22:00 a las 06:00- es un 20% m\u00e1s cara y se fue de 2,78 a 3,32 pesos.<\/p>\n<p>La bajada de bandera equivale a diez fichas y, en consecuencia, subi\u00f3 de 27,70 y 33,20 pesos; para quienes pidan un radiotaxi, el recargo es de seis fichas (13,92 pesos con el nuevo aumento).<\/p>\n<p>El ajuste fue pedido por el sindicato de choferes, pero tambi\u00e9n por las asociaciones que agrupan a propietarios de taxis, para cubrir los incrementos de salarios, combustibles y repuestos.<\/p>\n<p>La tarifa de taxi es uno de los servicios que m\u00e1s han seguido la evoluci\u00f3n de la inflaci\u00f3n: en 2003, la ficha ten\u00eda un costo de apenas 14 centavos.<\/p>\n<p>Pero no s\u00f3lo el aumento en las tarifas conspir\u00f3 con este servicio, sino tambi\u00e9n la aparici\u00f3n de un competidor inesperado: el servicio digital Uber, que por lo general cobra entre 20 y 30% menos que un taxi.<\/p>\n<p>Pese a los permanentes intentos del Gobierno para bloquear la aplicaci\u00f3n o perseguir a los veh\u00edculos de Uber, el servicio sigue vigente y es utilizado por una cantidad creciente de usuarios por d\u00eda.<\/p>\n<p>Si bien hasta el momento no se defini\u00f3 cu\u00e1ndo se aplicar\u00e1 el incremento, trascendi\u00f3 que podr\u00eda comenzar a regir a fines de este mes o principios del que viene.<\/p>\n<p>El \u00faltimo aumento de la tarifa de taxis trep\u00f3 al 15% y se aplic\u00f3 en noviembre del 2016.<\/p>\n<p>La flota de taxis de Buenos Aires cuenta con m\u00e1s de 37 mil autos que prestan servicio.<\/p>\n<p>Hace tres meses, el Gobierno de la Ciudad lanz\u00f3 \u00abBA Taxi\u00bb, una aplicaci\u00f3n para el celular, que conecta a pasajeros particulares con taxistas profesionales.<\/p>\n","protected":false},"excerpt":{"rendered":"<p>\u00a0 El \u00faltimo aumento de la tarifa fue del 15% y se hab\u00eda aplicado en noviembre del 2016. Las tarifas de los taxis porte\u00f1os aumentaron 19,5% y la ficha pas\u00f3 de 2,32 a 2,77 peso. La tarifa nocturna -que rige desde las 22:00 a las 06:00- es un 20% m\u00e1s cara y se fue de&hellip;<\/p>\n","protected":false},"author":1,"featured_media":0,"comment_status":"open","ping_status":"open","sticky":false,"template":"","format":"standard","meta":{"footnotes":""},"categories":[9],"tags":[357,402,1063,4972],"class_list":["post-70294","post","type-post","status-publish","format-standard","hentry","category-economia","tag-aumento","tag-pasajeros","tag-tarifa","tag-taxi"],"_links":{"self":[{"href":"https:\/\/www.elsindical.com.ar\/notas\/wp-json\/wp\/v2\/posts\/70294","targetHints":{"allow":["GET"]}}],"collection":[{"href":"https:\/\/www.elsindical.com.ar\/notas\/wp-json\/wp\/v2\/posts"}],"about":[{"href":"https:\/\/www.elsindical.com.ar\/notas\/wp-json\/wp\/v2\/types\/post"}],"author":[{"embeddable":true,"href":"https:\/\/www.elsindical.com.ar\/notas\/wp-json\/wp\/v2\/users\/1"}],"replies":[{"embeddable":true,"href":"https:\/\/www.elsindical.com.ar\/notas\/wp-json\/wp\/v2\/comments?post=70294"}],"version-history":[{"count":1,"href":"https:\/\/www.elsindical.com.ar\/notas\/wp-json\/wp\/v2\/posts\/70294\/revisions"}],"predecessor-version":[{"id":70295,"href":"https:\/\/www.elsindical.com.ar\/notas\/wp-json\/wp\/v2\/posts\/70294\/revisions\/70295"}],"wp:attachment":[{"href":"https:\/\/www.elsindical.com.ar\/notas\/wp-json\/wp\/v2\/media?parent=70294"}],"wp:term":[{"taxonomy":"category","embeddable":true,"href":"https:\/\/www.elsindical.com.ar\/notas\/wp-json\/wp\/v2\/categories?post=70294"},{"taxonomy":"post_tag","embeddable":true,"href":"https:\/\/www.elsindical.com.ar\/notas\/wp-json\/wp\/v2\/tags?post=70294"}],"curies":[{"name":"wp","href":"https:\/\/api.w.org\/{rel}","templated":true}]}}