{"id":70259,"date":"2017-07-20T12:35:56","date_gmt":"2017-07-20T15:35:56","guid":{"rendered":"http:\/\/www.elsindical.com.ar\/notas\/?p=70259"},"modified":"2017-07-20T12:35:56","modified_gmt":"2017-07-20T15:35:56","slug":"trabajadores-organizan-paro-en-la-clinica-privada-chascomus-s-a","status":"publish","type":"post","link":"https:\/\/www.elsindical.com.ar\/notas\/trabajadores-organizan-paro-en-la-clinica-privada-chascomus-s-a\/","title":{"rendered":"Trabajadores organizan paro en la Cl\u00ednica Privada Chascom\u00fas S.A"},"content":{"rendered":"<p><a href=\"http:\/\/www.elsindical.com.ar\/notas\/var\/www\/html\/notas\/wp-content\/uploads\/2017\/07\/Cl\u00ednica-Privada-Chascom\u00fas-SA.jpg\"><img loading=\"lazy\" decoding=\"async\" class=\"alignnone size-medium wp-image-70260\" src=\"http:\/\/www.elsindical.com.ar\/notas\/var\/www\/html\/notas\/wp-content\/uploads\/2017\/07\/Cl\u00ednica-Privada-Chascom\u00fas-SA-300x179.jpg\" alt=\"\" width=\"300\" height=\"179\" srcset=\"https:\/\/www.elsindical.com.ar\/notas\/var\/www\/html\/notas\/wp-content\/uploads\/2017\/07\/Cl\u00ednica-Privada-Chascom\u00fas-SA-300x179.jpg 300w, https:\/\/www.elsindical.com.ar\/notas\/var\/www\/html\/notas\/wp-content\/uploads\/2017\/07\/Cl\u00ednica-Privada-Chascom\u00fas-SA-500x298.jpg 500w, https:\/\/www.elsindical.com.ar\/notas\/var\/www\/html\/notas\/wp-content\/uploads\/2017\/07\/Cl\u00ednica-Privada-Chascom\u00fas-SA.jpg 620w\" sizes=\"auto, (max-width: 300px) 100vw, 300px\" \/><\/a>Es por 24 horas y se mantienen guardias<\/p>\n<p>TRABAJADORES DE SANIDAD DECIDEN UN PARO EN LA \u00abCL\u00cdNICA \u00a0CHASCOMUS\u00bb<\/p>\n<p>La Asociaci\u00f3n de Trabajadores de la Sanidad Argentina (ATSA) inform\u00f3 que en una asamblea realizada en la Cl\u00ednica Privada Chascom\u00fas se decidi\u00f3 realizar un paro de 24 horas en reclamo por las demoras en el pago de los sueldos de junio y el medio aguinaldo por parte de los empresarios que administran ese centro asistencial.<\/p>\n<p>La \u00abCl\u00ednica Privada Chascom\u00fas\u00bb est\u00e1 situada en la calle Lastra 364 de esa ciudad y tiene un plantel de 60 trabajadores de la Sanidad. Seg\u00fan explic\u00f3 el secretario General \u00a0de ATSA &#8211; Dolores, Horacio Sotelo, se registra un grave retraso en el pago de haberes y eso motiv\u00f3 la realizaci\u00f3n de una asamblea que decidi\u00f3 la medida de fuerza que se extender\u00e1 desde hoy -jueves 20 de julio- a partir de las 10, hasta ma\u00f1ana a la misma hora.<\/p>\n<p>La secretaria gremial de la Delegaci\u00f3n Dolores de ATSA, Mary Altamirano dijo que la medida de fuerza no afectar\u00e1 los servicios esenciales y que se mantendr\u00e1n las guardias m\u00ednimas en la cl\u00ednica.<\/p>\n<p>Ma\u00f1ana habr\u00e1 una nueva asamblea para determinar los pasos a seguir. El secretario Gremial de ATSA -La Plata, Alfredo Villacorta, explic\u00f3 que \u00abse realizaron \u00a0tambi\u00e9n todos los pasos necesarios para la intervenci\u00f3n del ministerio de Trabajo de la Provincia\u00bb. Seg\u00fan dijeron los due\u00f1os del establecimiento , la deuda con los empleados es por \u00abla demora en el pago por parte de IOMA\u00bb. Villacorta exhort\u00f3 a los empresarios \u00bb a no trasladar los inconvenientes financieros al bolsillo de los trabajadores\u00bb.<\/p>\n<p>Antes de adoptar la medida de fuerza, ATSA delegaci\u00f3n Dolores y ATSA La Plata hab\u00edan realizado gestiones ante las autoridades y ante funcionarios para tratar de encontrar una salida consensuada al conflicto. Interviene en las negociaciones adem\u00e1s, el representante de los trabajadores y delegado de sanidad, Juan Carballo.<\/p>\n<p>&nbsp;<\/p>\n<p>LA PLATA 20 de julio de 2017<\/p>\n<p>Tel\u00e9fono de contacto para prensa<\/p>\n<p>Alfredo Villacorta secretario Gremial ATSA-La Plata<\/p>\n<p>221-5234853<\/p>\n","protected":false},"excerpt":{"rendered":"<p>Es por 24 horas y se mantienen guardias TRABAJADORES DE SANIDAD DECIDEN UN PARO EN LA \u00abCL\u00cdNICA \u00a0CHASCOMUS\u00bb La Asociaci\u00f3n de Trabajadores de la Sanidad Argentina (ATSA) inform\u00f3 que en una asamblea realizada en la Cl\u00ednica Privada Chascom\u00fas se decidi\u00f3 realizar un paro de 24 horas en reclamo por las demoras en el pago de&hellip;<\/p>\n","protected":false},"author":1,"featured_media":0,"comment_status":"open","ping_status":"open","sticky":false,"template":"","format":"standard","meta":{"footnotes":""},"categories":[16],"tags":[3370,13841,26569,5203,239],"class_list":["post-70259","post","type-post","status-publish","format-standard","hentry","category-gremiales","tag-atsa","tag-chascomus","tag-clinica-privada-chascomus-s-a","tag-ioma","tag-la-plata"],"_links":{"self":[{"href":"https:\/\/www.elsindical.com.ar\/notas\/wp-json\/wp\/v2\/posts\/70259","targetHints":{"allow":["GET"]}}],"collection":[{"href":"https:\/\/www.elsindical.com.ar\/notas\/wp-json\/wp\/v2\/posts"}],"about":[{"href":"https:\/\/www.elsindical.com.ar\/notas\/wp-json\/wp\/v2\/types\/post"}],"author":[{"embeddable":true,"href":"https:\/\/www.elsindical.com.ar\/notas\/wp-json\/wp\/v2\/users\/1"}],"replies":[{"embeddable":true,"href":"https:\/\/www.elsindical.com.ar\/notas\/wp-json\/wp\/v2\/comments?post=70259"}],"version-history":[{"count":1,"href":"https:\/\/www.elsindical.com.ar\/notas\/wp-json\/wp\/v2\/posts\/70259\/revisions"}],"predecessor-version":[{"id":70261,"href":"https:\/\/www.elsindical.com.ar\/notas\/wp-json\/wp\/v2\/posts\/70259\/revisions\/70261"}],"wp:attachment":[{"href":"https:\/\/www.elsindical.com.ar\/notas\/wp-json\/wp\/v2\/media?parent=70259"}],"wp:term":[{"taxonomy":"category","embeddable":true,"href":"https:\/\/www.elsindical.com.ar\/notas\/wp-json\/wp\/v2\/categories?post=70259"},{"taxonomy":"post_tag","embeddable":true,"href":"https:\/\/www.elsindical.com.ar\/notas\/wp-json\/wp\/v2\/tags?post=70259"}],"curies":[{"name":"wp","href":"https:\/\/api.w.org\/{rel}","templated":true}]}}