{"id":7021,"date":"2010-06-02T05:46:49","date_gmt":"2010-06-02T08:46:49","guid":{"rendered":"http:\/\/www.elsindical.com.ar\/notas\/?p=7021"},"modified":"2010-06-02T05:46:49","modified_gmt":"2010-06-02T08:46:49","slug":"ex-combatientes-se-encadenan-al-congreso-e-inician-huelga-de-hambre","status":"publish","type":"post","link":"https:\/\/www.elsindical.com.ar\/notas\/ex-combatientes-se-encadenan-al-congreso-e-inician-huelga-de-hambre\/","title":{"rendered":"Ex combatientes se encadenan al Congreso e inician huelga de hambre"},"content":{"rendered":"<p style=\"text-align: justify;\">\u00a0<a href=\"http:\/\/www.elsindical.com.ar\/notas\/var\/www\/html\/notas\/wp-content\/uploads\/2010\/06\/ex-combatientes-encadenados.jpg\"><img loading=\"lazy\" decoding=\"async\" class=\"alignleft size-medium wp-image-7022\" title=\"ex-combatientes-encadenados\" src=\"http:\/\/www.elsindical.com.ar\/notas\/var\/www\/html\/notas\/wp-content\/uploads\/2010\/06\/ex-combatientes-encadenados-300x224.jpg\" alt=\"\" width=\"300\" height=\"224\" srcset=\"https:\/\/www.elsindical.com.ar\/notas\/var\/www\/html\/notas\/wp-content\/uploads\/2010\/06\/ex-combatientes-encadenados-300x224.jpg 300w, https:\/\/www.elsindical.com.ar\/notas\/var\/www\/html\/notas\/wp-content\/uploads\/2010\/06\/ex-combatientes-encadenados.jpg 443w\" sizes=\"auto, (max-width: 300px) 100vw, 300px\" \/><\/a> <em>Un grupo de soldados ex combatientes de Malvinas, comenz\u00f3 en la tarde de ayer una nueva protesta contra las autoridades nacionales, al reclamar medidas igualitarias a las que se brindaron a otros ex combatientes.<\/em><\/p>\n<p style=\"text-align: justify;\">Pasadas las 14:30 hs. la Av. Rivadavia que bordea el Congreso Nacional, se encontraba con su calzada reducida por una protesta de ex combatientes de Malvinas que se hac\u00edan ver y o\u00edr, mientras otro grupo encadenado a las vallas que protegen el anexo de diputados, comenzaban una huelga de hambre por tiempo indeterminado.<\/p>\n<p style=\"text-align: justify;\">Las esposas y otros familiares que los acompa\u00f1an en este reclamo, hac\u00edan las veces de voceras y prensa del grupo, repartiendo fotocopias de una nueva presentaci\u00f3n realizada al Lic. P\u00e9rez Alberto, Jefe de Gabinete de Ministros, del Ministerio de Jefatura de Ministros, fechada el d\u00eda 31 de marzo del 2010 y de la que denuncian, no han obtenido respuesta alguna.<\/p>\n<p style=\"text-align: justify;\">El escrito rese\u00f1a la Convenci\u00f3n de Ginebra, Tratados Internacionales y el propio Reglamento del Ej\u00e9rcito Argentino, para defender su condici\u00f3n de SOLDADOS y obtener los beneficios que se otorgaron a los que participaron de la guerra en suelo de Malvinas, ya que a los reclamantes se los considera como soldados continentales y no ex combatientes.<\/p>\n<p style=\"text-align: justify;\">Concluyen con los siguientes reclamos:<\/p>\n<p style=\"text-align: justify;\">1-Pensi\u00f3n social honor\u00edfica a los soldados conscriptos continentales por Malvinas, correspondiente al 50% de lo que persive un soldado combatiente afectado al TOM o TOAS, ya que no se pretende igualar a los que estuvieron en los campos de batalla.<\/p>\n<p style=\"text-align: justify;\">2- Beneficios sociales y humanitarios en igualdad\u00a0 a los que se le otorgan a los combatientes reconocidos.<\/p>\n<p style=\"text-align: justify;\">3- Acreditar condici\u00f3n con certificado expedido por el Ministerio de Defensa.<\/p>\n<p style=\"text-align: justify;\">4- Los beneficios se les otorgaran a los Soldados Conscriptos Continentales por Malvinas que hayan sido enrolados a las Fuerzas Armadas en los distritos militares de la Provincia de Buenos Aires.<\/p>\n<p style=\"text-align: justify;\">El reclamo est\u00e1 planteado, y las discusiones no son nuevas, sobre si les corresponde o no lo que solicitan, si deben ser considerados combatientes o si solo buscan obtener un beneficio por la situaci\u00f3n econ\u00f3mica general que vive el pa\u00eds, pero no puedo dejar de reflexionar, que mucho m\u00e1s obtienen en pensiones, jubilaciones de privilegio, sueldos y etc. nuestros legisladores, muchos de los cuales tampoco ejercen sus cargos faltando al recinto o no presentando proyectos de utilidad, entonces, \u00bfqui\u00e9n puede determinar a vos s\u00ed, a vos no?.<\/p>\n<p><object classid=\"clsid:d27cdb6e-ae6d-11cf-96b8-444553540000\" width=\"560\" height=\"340\" codebase=\"http:\/\/download.macromedia.com\/pub\/shockwave\/cabs\/flash\/swflash.cab#version=6,0,40,0\"><param name=\"allowFullScreen\" value=\"true\" \/><param name=\"allowscriptaccess\" value=\"always\" \/><param name=\"src\" value=\"http:\/\/www.youtube.com\/v\/4BP5INgrbuw&amp;hl=en_US&amp;fs=1&amp;\" \/><param name=\"allowfullscreen\" value=\"true\" \/><embed type=\"application\/x-shockwave-flash\" width=\"560\" height=\"340\" src=\"http:\/\/www.youtube.com\/v\/4BP5INgrbuw&amp;hl=en_US&amp;fs=1&amp;\" allowfullscreen=\"true\" allowscriptaccess=\"always\"><\/embed><\/object><\/p>\n","protected":false},"excerpt":{"rendered":"<p>\u00a0 Un grupo de soldados ex combatientes de Malvinas, comenz\u00f3 en la tarde de ayer una nueva protesta contra las autoridades nacionales, al reclamar medidas igualitarias a las que se brindaron a otros ex combatientes. Pasadas las 14:30 hs. la Av. Rivadavia que bordea el Congreso Nacional, se encontraba con su calzada reducida por una&hellip;<\/p>\n","protected":false},"author":1,"featured_media":0,"comment_status":"open","ping_status":"open","sticky":false,"template":"","format":"standard","meta":{"footnotes":""},"categories":[25],"tags":[1481,3565,512,3564],"class_list":["post-7021","post","type-post","status-publish","format-standard","hentry","category-sociedad","tag-congreso-de-la-nacion","tag-continentales","tag-reclamo","tag-soldados"],"_links":{"self":[{"href":"https:\/\/www.elsindical.com.ar\/notas\/wp-json\/wp\/v2\/posts\/7021","targetHints":{"allow":["GET"]}}],"collection":[{"href":"https:\/\/www.elsindical.com.ar\/notas\/wp-json\/wp\/v2\/posts"}],"about":[{"href":"https:\/\/www.elsindical.com.ar\/notas\/wp-json\/wp\/v2\/types\/post"}],"author":[{"embeddable":true,"href":"https:\/\/www.elsindical.com.ar\/notas\/wp-json\/wp\/v2\/users\/1"}],"replies":[{"embeddable":true,"href":"https:\/\/www.elsindical.com.ar\/notas\/wp-json\/wp\/v2\/comments?post=7021"}],"version-history":[{"count":1,"href":"https:\/\/www.elsindical.com.ar\/notas\/wp-json\/wp\/v2\/posts\/7021\/revisions"}],"predecessor-version":[{"id":7023,"href":"https:\/\/www.elsindical.com.ar\/notas\/wp-json\/wp\/v2\/posts\/7021\/revisions\/7023"}],"wp:attachment":[{"href":"https:\/\/www.elsindical.com.ar\/notas\/wp-json\/wp\/v2\/media?parent=7021"}],"wp:term":[{"taxonomy":"category","embeddable":true,"href":"https:\/\/www.elsindical.com.ar\/notas\/wp-json\/wp\/v2\/categories?post=7021"},{"taxonomy":"post_tag","embeddable":true,"href":"https:\/\/www.elsindical.com.ar\/notas\/wp-json\/wp\/v2\/tags?post=7021"}],"curies":[{"name":"wp","href":"https:\/\/api.w.org\/{rel}","templated":true}]}}